{"id":863,"date":"2023-10-02T08:08:39","date_gmt":"2023-10-02T06:08:39","guid":{"rendered":"https:\/\/missionlocaleest.re\/?p=863"},"modified":"2023-10-02T08:10:00","modified_gmt":"2023-10-02T06:10:00","slug":"snml-2023-exposition-doeuvres","status":"publish","type":"post","link":"https:\/\/missionlocaleest.re\/index.php\/2023\/10\/02\/snml-2023-exposition-doeuvres\/","title":{"rendered":"SNML 2023 : Exposition d&rsquo;oeuvres"},"content":{"rendered":"<p>[et_pb_section fb_built=\u00a0\u00bb1&Prime; theme_builder_area=\u00a0\u00bbpost_content\u00a0\u00bb _builder_version=\u00a0\u00bb4.22.0&Prime; _module_preset=\u00a0\u00bbdefault\u00a0\u00bb da_is_popup=\u00a0\u00bboff\u00a0\u00bb da_exit_intent=\u00a0\u00bboff\u00a0\u00bb da_has_close=\u00a0\u00bbon\u00a0\u00bb da_alt_close=\u00a0\u00bboff\u00a0\u00bb da_dark_close=\u00a0\u00bboff\u00a0\u00bb da_not_modal=\u00a0\u00bbon\u00a0\u00bb da_is_singular=\u00a0\u00bboff\u00a0\u00bb da_with_loader=\u00a0\u00bboff\u00a0\u00bb da_has_shadow=\u00a0\u00bbon\u00a0\u00bb da_disable_devices=\u00a0\u00bboff|off|off\u00a0\u00bb][et_pb_row _builder_version=\u00a0\u00bb4.22.0&Prime; _module_preset=\u00a0\u00bbdefault\u00a0\u00bb theme_builder_area=\u00a0\u00bbpost_content\u00a0\u00bb][et_pb_column _builder_version=\u00a0\u00bb4.22.0&Prime; _module_preset=\u00a0\u00bbdefault\u00a0\u00bb type=\u00a0\u00bb4_4&Prime; theme_builder_area=\u00a0\u00bbpost_content\u00a0\u00bb][et_pb_text _builder_version=\u00a0\u00bb4.22.0&Prime; _module_preset=\u00a0\u00bbdefault\u00a0\u00bb theme_builder_area=\u00a0\u00bbpost_content\u00a0\u00bb hover_enabled=\u00a0\u00bb0&Prime; sticky_enabled=\u00a0\u00bb0&Prime;]<\/p>\n<p>Dans le cadre de la Semaine Nationale des Missions Locales 2023, la Mission Locale Est a tenu \u00e0 mettre <strong>les talents des jeunes<\/strong> en avant sur la th\u00e9matique de cette ann\u00e9e \u00ab\u00a0Dessiner son avenir en toute confiance\u00a0\u00bb.<\/p>\n<p>Pour ce faire, nous avons lanc\u00e9 une campagne de rep\u00e9rage de jeunes du 14 au 25 ao\u00fbt 2023. Les jeunes rep\u00e9r\u00e9s ont ensuite b\u00e9n\u00e9fici\u00e9 de sessions d&rsquo;ateliers (brainstorming, pr\u00e9paration) tout au long du mois de Septembre pour leur permettre de travailler sur leurs productions.<\/p>\n<p>Ces oeuvres seront ensuite <strong>expos\u00e9es le 11 octobre 2023, \u00e0 la Cit\u00e9 de la Formation<\/strong>.<\/p>\n<p>Un syst\u00e8me de vote sera \u00e9galement mis en place pour permettre au public de voter pour l&rsquo;oeuvre qu&rsquo;ils pensent repr\u00e9senter au mieux le th\u00e8me. Le ou la gagnante recevra ensuite un lot.<\/p>\n<p>[\/et_pb_text][\/et_pb_column][\/et_pb_row][et_pb_row _builder_version=\u00a0\u00bb4.22.0&Prime; _module_preset=\u00a0\u00bbdefault\u00a0\u00bb theme_builder_area=\u00a0\u00bbpost_content\u00a0\u00bb module_alignment=\u00a0\u00bbcenter\u00a0\u00bb hover_enabled=\u00a0\u00bb0&Prime; sticky_enabled=\u00a0\u00bb0&Prime;][et_pb_column _builder_version=\u00a0\u00bb4.22.0&Prime; _module_preset=\u00a0\u00bbdefault\u00a0\u00bb type=\u00a0\u00bb4_4&Prime; theme_builder_area=\u00a0\u00bbpost_content\u00a0\u00bb][et_pb_text _builder_version=\u00a0\u00bb4.22.0&Prime; _module_preset=\u00a0\u00bbdefault\u00a0\u00bb theme_builder_area=\u00a0\u00bbpost_content\u00a0\u00bb hover_enabled=\u00a0\u00bb0&Prime; sticky_enabled=\u00a0\u00bb0&Prime;]<\/p>\n<p><strong><em>Atelier briefing du 31 ao\u00fbt, \u00e0 l&rsquo;antenne de Saint-Andr\u00e9 de la Mission Locale Est<\/em><\/strong><\/p>\n<p>[\/et_pb_text][et_pb_gallery _builder_version=\u00a0\u00bb4.22.0&Prime; _module_preset=\u00a0\u00bbdefault\u00a0\u00bb theme_builder_area=\u00a0\u00bbpost_content\u00a0\u00bb posts_number=\u00a0\u00bb3&Prime; gallery_ids=\u00a0\u00bb867,866,865&Prime; hover_enabled=\u00a0\u00bb0&Prime; sticky_enabled=\u00a0\u00bb0&Prime; box_shadow_style_image=\u00a0\u00bbpreset3&Prime; title_text_align=\u00a0\u00bbcenter\u00a0\u00bb module_alignment=\u00a0\u00bbcenter\u00a0\u00bb animation_style=\u00a0\u00bbflip\u00a0\u00bb][\/et_pb_gallery][\/et_pb_column][\/et_pb_row][\/et_pb_section]<\/p>\n","protected":false},"excerpt":{"rendered":"<p>Dans le cadre de la Semaine Nationale des Missions Locales 2023, la Mission Locale Est a tenu \u00e0 mettre les talents des jeunes en avant sur la th\u00e9matique de cette ann\u00e9e \u00ab\u00a0Dessiner son avenir en toute confiance\u00a0\u00bb. Pour ce faire, nous avons lanc\u00e9 une campagne de rep\u00e9rage de jeunes du 14 au 25 ao\u00fbt 2023. [&hellip;]<\/p>\n","protected":false},"author":1,"featured_media":0,"comment_status":"closed","ping_status":"closed","sticky":false,"template":"","format":"standard","meta":{"_et_pb_use_builder":"on","_et_pb_old_content":"","_et_gb_content_width":"1080","footnotes":""},"categories":[59],"tags":[],"class_list":["post-863","post","type-post","status-publish","format-standard","hentry","category-actus"],"yoast_head":"<!-- This site is optimized with the Yoast SEO plugin v27.2 - https:\/\/yoast.com\/product\/yoast-seo-wordpress\/ -->\n<title>SNML 2023 : Exposition d&#039;oeuvres - Mission Locale Est<\/title>\n<meta name=\"robots\" content=\"index, follow, max-snippet:-1, max-image-preview:large, max-video-preview:-1\" \/>\n<link rel=\"canonical\" href=\"https:\/\/missionlocaleest.re\/index.php\/2023\/10\/02\/snml-2023-exposition-doeuvres\/\" \/>\n<meta property=\"og:locale\" content=\"fr_FR\" \/>\n<meta property=\"og:type\" content=\"article\" \/>\n<meta property=\"og:title\" content=\"SNML 2023 : Exposition d&#039;oeuvres - Mission Locale Est\" \/>\n<meta property=\"og:description\" content=\"Dans le cadre de la Semaine Nationale des Missions Locales 2023, la Mission Locale Est a tenu \u00e0 mettre les talents des jeunes en avant sur la th\u00e9matique de cette ann\u00e9e &quot;Dessiner son avenir en toute confiance&quot;. Pour ce faire, nous avons lanc\u00e9 une campagne de rep\u00e9rage de jeunes du 14 au 25 ao\u00fbt 2023. [&hellip;]\" \/>\n<meta property=\"og:url\" content=\"https:\/\/missionlocaleest.re\/index.php\/2023\/10\/02\/snml-2023-exposition-doeuvres\/\" \/>\n<meta property=\"og:site_name\" content=\"Mission Locale Est\" \/>\n<meta property=\"article:publisher\" content=\"https:\/\/www.facebook.com\/MLEstReunion\/\" \/>\n<meta property=\"article:published_time\" content=\"2023-10-02T06:08:39+00:00\" \/>\n<meta property=\"article:modified_time\" content=\"2023-10-02T06:10:00+00:00\" \/>\n<meta name=\"author\" content=\"webmaster\" \/>\n<meta name=\"twitter:card\" content=\"summary_large_image\" \/>\n<meta name=\"twitter:label1\" content=\"\u00c9crit par\" \/>\n\t<meta name=\"twitter:data1\" content=\"webmaster\" \/>\n\t<meta name=\"twitter:label2\" content=\"Dur\u00e9e de lecture estim\u00e9e\" \/>\n\t<meta name=\"twitter:data2\" content=\"2 minutes\" \/>\n<script type=\"application\/ld+json\" class=\"yoast-schema-graph\">{\"@context\":\"https:\/\/schema.org\",\"@graph\":[{\"@type\":\"Article\",\"@id\":\"https:\/\/missionlocaleest.re\/index.php\/2023\/10\/02\/snml-2023-exposition-doeuvres\/#article\",\"isPartOf\":{\"@id\":\"https:\/\/missionlocaleest.re\/index.php\/2023\/10\/02\/snml-2023-exposition-doeuvres\/\"},\"author\":{\"name\":\"webmaster\",\"@id\":\"https:\/\/missionlocaleest.re\/#\/schema\/person\/84a119f07c3d76016394dd52b2455e1c\"},\"headline\":\"SNML 2023 : Exposition d&rsquo;oeuvres\",\"datePublished\":\"2023-10-02T06:08:39+00:00\",\"dateModified\":\"2023-10-02T06:10:00+00:00\",\"mainEntityOfPage\":{\"@id\":\"https:\/\/missionlocaleest.re\/index.php\/2023\/10\/02\/snml-2023-exposition-doeuvres\/\"},\"wordCount\":366,\"publisher\":{\"@id\":\"https:\/\/missionlocaleest.re\/#organization\"},\"articleSection\":[\"Actus\"],\"inLanguage\":\"fr-FR\"},{\"@type\":\"WebPage\",\"@id\":\"https:\/\/missionlocaleest.re\/index.php\/2023\/10\/02\/snml-2023-exposition-doeuvres\/\",\"url\":\"https:\/\/missionlocaleest.re\/index.php\/2023\/10\/02\/snml-2023-exposition-doeuvres\/\",\"name\":\"SNML 2023 : Exposition d'oeuvres - Mission Locale Est\",\"isPartOf\":{\"@id\":\"https:\/\/missionlocaleest.re\/#website\"},\"datePublished\":\"2023-10-02T06:08:39+00:00\",\"dateModified\":\"2023-10-02T06:10:00+00:00\",\"breadcrumb\":{\"@id\":\"https:\/\/missionlocaleest.re\/index.php\/2023\/10\/02\/snml-2023-exposition-doeuvres\/#breadcrumb\"},\"inLanguage\":\"fr-FR\",\"potentialAction\":[{\"@type\":\"ReadAction\",\"target\":[\"https:\/\/missionlocaleest.re\/index.php\/2023\/10\/02\/snml-2023-exposition-doeuvres\/\"]}]},{\"@type\":\"BreadcrumbList\",\"@id\":\"https:\/\/missionlocaleest.re\/index.php\/2023\/10\/02\/snml-2023-exposition-doeuvres\/#breadcrumb\",\"itemListElement\":[{\"@type\":\"ListItem\",\"position\":1,\"name\":\"Accueil\",\"item\":\"https:\/\/missionlocaleest.re\/\"},{\"@type\":\"ListItem\",\"position\":2,\"name\":\"SNML 2023 : Exposition d&#8217;oeuvres\"}]},{\"@type\":\"WebSite\",\"@id\":\"https:\/\/missionlocaleest.re\/#website\",\"url\":\"https:\/\/missionlocaleest.re\/\",\"name\":\"Mission Locale Est\",\"description\":\"Pour l&#039;insertion sociale et professionnelle de l&#039;ensemble des jeunes du territoire Est !\",\"publisher\":{\"@id\":\"https:\/\/missionlocaleest.re\/#organization\"},\"potentialAction\":[{\"@type\":\"SearchAction\",\"target\":{\"@type\":\"EntryPoint\",\"urlTemplate\":\"https:\/\/missionlocaleest.re\/?s={search_term_string}\"},\"query-input\":{\"@type\":\"PropertyValueSpecification\",\"valueRequired\":true,\"valueName\":\"search_term_string\"}}],\"inLanguage\":\"fr-FR\"},{\"@type\":\"Organization\",\"@id\":\"https:\/\/missionlocaleest.re\/#organization\",\"name\":\"Mission Locale Est\",\"url\":\"https:\/\/missionlocaleest.re\/\",\"logo\":{\"@type\":\"ImageObject\",\"inLanguage\":\"fr-FR\",\"@id\":\"https:\/\/missionlocaleest.re\/#\/schema\/logo\/image\/\",\"url\":\"https:\/\/missionlocaleest.re\/wp-content\/uploads\/2024\/05\/Logo_MLE_CMJN_Transparent.png\",\"contentUrl\":\"https:\/\/missionlocaleest.re\/wp-content\/uploads\/2024\/05\/Logo_MLE_CMJN_Transparent.png\",\"width\":347,\"height\":412,\"caption\":\"Mission Locale Est\"},\"image\":{\"@id\":\"https:\/\/missionlocaleest.re\/#\/schema\/logo\/image\/\"},\"sameAs\":[\"https:\/\/www.facebook.com\/MLEstReunion\/\",\"https:\/\/www.instagram.com\/missionlocaleest\"]},{\"@type\":\"Person\",\"@id\":\"https:\/\/missionlocaleest.re\/#\/schema\/person\/84a119f07c3d76016394dd52b2455e1c\",\"name\":\"webmaster\",\"image\":{\"@type\":\"ImageObject\",\"inLanguage\":\"fr-FR\",\"@id\":\"https:\/\/secure.gravatar.com\/avatar\/a6900e68d5d703f2d4ed65a49fc695dd026766733acceca7fc8a936c08cb0e09?s=96&d=mm&r=g\",\"url\":\"https:\/\/secure.gravatar.com\/avatar\/a6900e68d5d703f2d4ed65a49fc695dd026766733acceca7fc8a936c08cb0e09?s=96&d=mm&r=g\",\"contentUrl\":\"https:\/\/secure.gravatar.com\/avatar\/a6900e68d5d703f2d4ed65a49fc695dd026766733acceca7fc8a936c08cb0e09?s=96&d=mm&r=g\",\"caption\":\"webmaster\"},\"sameAs\":[\"http:\/\/missionlocaleest.re\"],\"url\":\"https:\/\/missionlocaleest.re\/index.php\/author\/admin8117\/\"}]}<\/script>\n<!-- \/ Yoast SEO plugin. -->","yoast_head_json":{"title":"SNML 2023 : Exposition d'oeuvres - Mission Locale Est","robots":{"index":"index","follow":"follow","max-snippet":"max-snippet:-1","max-image-preview":"max-image-preview:large","max-video-preview":"max-video-preview:-1"},"canonical":"https:\/\/missionlocaleest.re\/index.php\/2023\/10\/02\/snml-2023-exposition-doeuvres\/","og_locale":"fr_FR","og_type":"article","og_title":"SNML 2023 : Exposition d'oeuvres - Mission Locale Est","og_description":"Dans le cadre de la Semaine Nationale des Missions Locales 2023, la Mission Locale Est a tenu \u00e0 mettre les talents des jeunes en avant sur la th\u00e9matique de cette ann\u00e9e \"Dessiner son avenir en toute confiance\". Pour ce faire, nous avons lanc\u00e9 une campagne de rep\u00e9rage de jeunes du 14 au 25 ao\u00fbt 2023. [&hellip;]","og_url":"https:\/\/missionlocaleest.re\/index.php\/2023\/10\/02\/snml-2023-exposition-doeuvres\/","og_site_name":"Mission Locale Est","article_publisher":"https:\/\/www.facebook.com\/MLEstReunion\/","article_published_time":"2023-10-02T06:08:39+00:00","article_modified_time":"2023-10-02T06:10:00+00:00","author":"webmaster","twitter_card":"summary_large_image","twitter_misc":{"\u00c9crit par":"webmaster","Dur\u00e9e de lecture estim\u00e9e":"2 minutes"},"schema":{"@context":"https:\/\/schema.org","@graph":[{"@type":"Article","@id":"https:\/\/missionlocaleest.re\/index.php\/2023\/10\/02\/snml-2023-exposition-doeuvres\/#article","isPartOf":{"@id":"https:\/\/missionlocaleest.re\/index.php\/2023\/10\/02\/snml-2023-exposition-doeuvres\/"},"author":{"name":"webmaster","@id":"https:\/\/missionlocaleest.re\/#\/schema\/person\/84a119f07c3d76016394dd52b2455e1c"},"headline":"SNML 2023 : Exposition d&rsquo;oeuvres","datePublished":"2023-10-02T06:08:39+00:00","dateModified":"2023-10-02T06:10:00+00:00","mainEntityOfPage":{"@id":"https:\/\/missionlocaleest.re\/index.php\/2023\/10\/02\/snml-2023-exposition-doeuvres\/"},"wordCount":366,"publisher":{"@id":"https:\/\/missionlocaleest.re\/#organization"},"articleSection":["Actus"],"inLanguage":"fr-FR"},{"@type":"WebPage","@id":"https:\/\/missionlocaleest.re\/index.php\/2023\/10\/02\/snml-2023-exposition-doeuvres\/","url":"https:\/\/missionlocaleest.re\/index.php\/2023\/10\/02\/snml-2023-exposition-doeuvres\/","name":"SNML 2023 : Exposition d'oeuvres - Mission Locale Est","isPartOf":{"@id":"https:\/\/missionlocaleest.re\/#website"},"datePublished":"2023-10-02T06:08:39+00:00","dateModified":"2023-10-02T06:10:00+00:00","breadcrumb":{"@id":"https:\/\/missionlocaleest.re\/index.php\/2023\/10\/02\/snml-2023-exposition-doeuvres\/#breadcrumb"},"inLanguage":"fr-FR","potentialAction":[{"@type":"ReadAction","target":["https:\/\/missionlocaleest.re\/index.php\/2023\/10\/02\/snml-2023-exposition-doeuvres\/"]}]},{"@type":"BreadcrumbList","@id":"https:\/\/missionlocaleest.re\/index.php\/2023\/10\/02\/snml-2023-exposition-doeuvres\/#breadcrumb","itemListElement":[{"@type":"ListItem","position":1,"name":"Accueil","item":"https:\/\/missionlocaleest.re\/"},{"@type":"ListItem","position":2,"name":"SNML 2023 : Exposition d&#8217;oeuvres"}]},{"@type":"WebSite","@id":"https:\/\/missionlocaleest.re\/#website","url":"https:\/\/missionlocaleest.re\/","name":"Mission Locale Est","description":"Pour l&#039;insertion sociale et professionnelle de l&#039;ensemble des jeunes du territoire Est !","publisher":{"@id":"https:\/\/missionlocaleest.re\/#organization"},"potentialAction":[{"@type":"SearchAction","target":{"@type":"EntryPoint","urlTemplate":"https:\/\/missionlocaleest.re\/?s={search_term_string}"},"query-input":{"@type":"PropertyValueSpecification","valueRequired":true,"valueName":"search_term_string"}}],"inLanguage":"fr-FR"},{"@type":"Organization","@id":"https:\/\/missionlocaleest.re\/#organization","name":"Mission Locale Est","url":"https:\/\/missionlocaleest.re\/","logo":{"@type":"ImageObject","inLanguage":"fr-FR","@id":"https:\/\/missionlocaleest.re\/#\/schema\/logo\/image\/","url":"https:\/\/missionlocaleest.re\/wp-content\/uploads\/2024\/05\/Logo_MLE_CMJN_Transparent.png","contentUrl":"https:\/\/missionlocaleest.re\/wp-content\/uploads\/2024\/05\/Logo_MLE_CMJN_Transparent.png","width":347,"height":412,"caption":"Mission Locale Est"},"image":{"@id":"https:\/\/missionlocaleest.re\/#\/schema\/logo\/image\/"},"sameAs":["https:\/\/www.facebook.com\/MLEstReunion\/","https:\/\/www.instagram.com\/missionlocaleest"]},{"@type":"Person","@id":"https:\/\/missionlocaleest.re\/#\/schema\/person\/84a119f07c3d76016394dd52b2455e1c","name":"webmaster","image":{"@type":"ImageObject","inLanguage":"fr-FR","@id":"https:\/\/secure.gravatar.com\/avatar\/a6900e68d5d703f2d4ed65a49fc695dd026766733acceca7fc8a936c08cb0e09?s=96&d=mm&r=g","url":"https:\/\/secure.gravatar.com\/avatar\/a6900e68d5d703f2d4ed65a49fc695dd026766733acceca7fc8a936c08cb0e09?s=96&d=mm&r=g","contentUrl":"https:\/\/secure.gravatar.com\/avatar\/a6900e68d5d703f2d4ed65a49fc695dd026766733acceca7fc8a936c08cb0e09?s=96&d=mm&r=g","caption":"webmaster"},"sameAs":["http:\/\/missionlocaleest.re"],"url":"https:\/\/missionlocaleest.re\/index.php\/author\/admin8117\/"}]}},"_links":{"self":[{"href":"https:\/\/missionlocaleest.re\/index.php\/wp-json\/wp\/v2\/posts\/863","targetHints":{"allow":["GET"]}}],"collection":[{"href":"https:\/\/missionlocaleest.re\/index.php\/wp-json\/wp\/v2\/posts"}],"about":[{"href":"https:\/\/missionlocaleest.re\/index.php\/wp-json\/wp\/v2\/types\/post"}],"author":[{"embeddable":true,"href":"https:\/\/missionlocaleest.re\/index.php\/wp-json\/wp\/v2\/users\/1"}],"replies":[{"embeddable":true,"href":"https:\/\/missionlocaleest.re\/index.php\/wp-json\/wp\/v2\/comments?post=863"}],"version-history":[{"count":3,"href":"https:\/\/missionlocaleest.re\/index.php\/wp-json\/wp\/v2\/posts\/863\/revisions"}],"predecessor-version":[{"id":869,"href":"https:\/\/missionlocaleest.re\/index.php\/wp-json\/wp\/v2\/posts\/863\/revisions\/869"}],"wp:attachment":[{"href":"https:\/\/missionlocaleest.re\/index.php\/wp-json\/wp\/v2\/media?parent=863"}],"wp:term":[{"taxonomy":"category","embeddable":true,"href":"https:\/\/missionlocaleest.re\/index.php\/wp-json\/wp\/v2\/categories?post=863"},{"taxonomy":"post_tag","embeddable":true,"href":"https:\/\/missionlocaleest.re\/index.php\/wp-json\/wp\/v2\/tags?post=863"}],"curies":[{"name":"wp","href":"https:\/\/api.w.org\/{rel}","templated":true}]}}