{"id":391,"date":"2023-07-26T12:21:14","date_gmt":"2023-07-26T10:21:14","guid":{"rendered":"https:\/\/missionlocaleest.re\/?p=391"},"modified":"2025-02-18T10:09:32","modified_gmt":"2025-02-18T09:09:32","slug":"laccompagnement-des-jeunes-vers-lemploi","status":"publish","type":"post","link":"https:\/\/missionlocaleest.re\/index.php\/2023\/07\/26\/laccompagnement-des-jeunes-vers-lemploi\/","title":{"rendered":"L&rsquo;accompagnement des jeunes vers l&#8217;emploi et la qualification"},"content":{"rendered":"<p>[et_pb_section fb_built=\u00a0\u00bb1&Prime; _builder_version=\u00a0\u00bb4.21.0&Prime; _module_preset=\u00a0\u00bbdefault\u00a0\u00bb da_disable_devices=\u00a0\u00bboff|off|off\u00a0\u00bb global_colors_info=\u00a0\u00bb{}\u00a0\u00bb custom_padding=\u00a0\u00bb||0px|||\u00a0\u00bb da_is_popup=\u00a0\u00bboff\u00a0\u00bb da_exit_intent=\u00a0\u00bboff\u00a0\u00bb da_has_close=\u00a0\u00bbon\u00a0\u00bb da_alt_close=\u00a0\u00bboff\u00a0\u00bb da_dark_close=\u00a0\u00bboff\u00a0\u00bb da_not_modal=\u00a0\u00bbon\u00a0\u00bb da_is_singular=\u00a0\u00bboff\u00a0\u00bb da_with_loader=\u00a0\u00bboff\u00a0\u00bb da_has_shadow=\u00a0\u00bbon\u00a0\u00bb][et_pb_row _builder_version=\u00a0\u00bb4.21.0&Prime; _module_preset=\u00a0\u00bbdefault\u00a0\u00bb global_colors_info=\u00a0\u00bb{}\u00a0\u00bb][et_pb_column type=\u00a0\u00bb4_4&Prime; _builder_version=\u00a0\u00bb4.21.0&Prime; _module_preset=\u00a0\u00bbdefault\u00a0\u00bb global_colors_info=\u00a0\u00bb{}\u00a0\u00bb][et_pb_image src=\u00a0\u00bbhttps:\/\/missionlocaleest.re\/wp-content\/uploads\/2023\/07\/Logo_CoFin_UE.png\u00a0\u00bb title_text=\u00a0\u00bbLogo_CoFin_UE\u00a0\u00bb align=\u00a0\u00bbcenter\u00a0\u00bb _builder_version=\u00a0\u00bb4.27.4&Prime; _module_preset=\u00a0\u00bbdefault\u00a0\u00bb sticky_position=\u00a0\u00bbtop\u00a0\u00bb hover_enabled=\u00a0\u00bb0&Prime; global_colors_info=\u00a0\u00bb{}\u00a0\u00bb width=\u00a0\u00bb50%\u00a0\u00bb sticky_enabled=\u00a0\u00bb0&Prime;][\/et_pb_image][et_pb_image src=\u00a0\u00bbhttps:\/\/missionlocaleest.re\/wp-content\/uploads\/2023\/07\/Acc_Emploi_Illustration.png\u00a0\u00bb title_text=\u00a0\u00bbAcc_Emploi_Illustration\u00a0\u00bb align=\u00a0\u00bbcenter\u00a0\u00bb _builder_version=\u00a0\u00bb4.27.4&Prime; _module_preset=\u00a0\u00bbdefault\u00a0\u00bb width=\u00a0\u00bb40%\u00a0\u00bb hover_enabled=\u00a0\u00bb0&Prime; global_colors_info=\u00a0\u00bb{}\u00a0\u00bb sticky_enabled=\u00a0\u00bb0&Prime;][\/et_pb_image][\/et_pb_column][\/et_pb_row][\/et_pb_section][et_pb_section fb_built=\u00a0\u00bb1&Prime; _builder_version=\u00a0\u00bb4.21.0&Prime; _module_preset=\u00a0\u00bbdefault\u00a0\u00bb da_disable_devices=\u00a0\u00bboff|off|off\u00a0\u00bb global_colors_info=\u00a0\u00bb{}\u00a0\u00bb custom_padding=\u00a0\u00bb0px|||||\u00a0\u00bb da_is_popup=\u00a0\u00bboff\u00a0\u00bb da_exit_intent=\u00a0\u00bboff\u00a0\u00bb da_has_close=\u00a0\u00bbon\u00a0\u00bb da_alt_close=\u00a0\u00bboff\u00a0\u00bb da_dark_close=\u00a0\u00bboff\u00a0\u00bb da_not_modal=\u00a0\u00bbon\u00a0\u00bb da_is_singular=\u00a0\u00bboff\u00a0\u00bb da_with_loader=\u00a0\u00bboff\u00a0\u00bb da_has_shadow=\u00a0\u00bbon\u00a0\u00bb][et_pb_row _builder_version=\u00a0\u00bb4.21.0&Prime; _module_preset=\u00a0\u00bbdefault\u00a0\u00bb global_colors_info=\u00a0\u00bb{}\u00a0\u00bb][et_pb_column type=\u00a0\u00bb4_4&Prime; _builder_version=\u00a0\u00bb4.21.0&Prime; _module_preset=\u00a0\u00bbdefault\u00a0\u00bb global_colors_info=\u00a0\u00bb{}\u00a0\u00bb][et_pb_text _builder_version=\u00a0\u00bb4.27.4&Prime; _module_preset=\u00a0\u00bbdefault\u00a0\u00bb hover_enabled=\u00a0\u00bb0&Prime; global_colors_info=\u00a0\u00bb{}\u00a0\u00bb sticky_enabled=\u00a0\u00bb0&Prime;]<\/p>\n<p style=\"text-align: justify;\"><em>Face aux d\u00e9fis de l\u2019insertion professionnelle sur le territoire Est de La R\u00e9union, la Mission Locale Est met en place un programme d\u2019Accompagnement vers l\u2019Emploi, destin\u00e9 aux jeunes de 16 \u00e0 25 ans, sans activit\u00e9 et en recherche d\u2019emploi, r\u00e9sidant \u00e0 Salazie, Saint-Andr\u00e9, Bras-Panon, Saint-Beno\u00eet, Sainte-Rose et la Plaine des Palmistes.<\/em><\/p>\n<p style=\"text-align: justify;\"><em>Cette mesure est compatible avec le PACEA et dure 6 mois (renouvelable).<\/em><\/p>\n<p>[\/et_pb_text][et_pb_text _builder_version=\u00a0\u00bb4.27.4&Prime; _module_preset=\u00a0\u00bbdefault\u00a0\u00bb hover_enabled=\u00a0\u00bb0&Prime; global_colors_info=\u00a0\u00bb{}\u00a0\u00bb sticky_enabled=\u00a0\u00bb0&Prime; custom_margin=\u00a0\u00bb||1px|||\u00a0\u00bb]<\/p>\n<h3 style=\"text-align: justify;\">Un accompagnement sur mesure<\/h3>\n<p>Le programme Accompagnement vers l\u2019Emploi repose sur un accompagnement personnalis\u00e9 visant \u00e0 :<\/p>\n<ul>\n<li>D\u00e9finir un projet professionnel solide pour les jeunes sans orientation claire.<\/li>\n<li>Faciliter l\u2019acc\u00e8s \u00e0 l\u2019emploi et \u00e0 l\u2019alternance via des offres cibl\u00e9es et un suivi renforc\u00e9.<\/li>\n<li>Am\u00e9liorer l\u2019employabilit\u00e9 \u00e0 travers la formation, le service civique et des p\u00e9riodes d\u2019immersion professionnelle.<\/li>\n<li>Lever les freins sociaux li\u00e9s \u00e0 la mobilit\u00e9, au logement et \u00e0 la sant\u00e9.<\/li>\n<\/ul>\n<p>[\/et_pb_text][et_pb_text _builder_version=\u00a0\u00bb4.27.4&Prime; _module_preset=\u00a0\u00bbdefault\u00a0\u00bb hover_enabled=\u00a0\u00bb0&Prime; sticky_enabled=\u00a0\u00bb0&Prime; custom_margin=\u00a0\u00bb||0px|||\u00a0\u00bb]<\/p>\n<h3>Un parcours structur\u00e9<\/h3>\n<p>L\u2019accompagnement se d\u00e9roule en plusieurs \u00e9tapes :<\/p>\n<ul>\n<li>Engagement dans le dispositif : Signature d\u2019un contrat d\u2019engagement de 6 mois, formalisant votre adh\u00e9sion au programme.<\/li>\n<li>D\u00e9finition du projet professionnel : Orientation, exploration des m\u00e9tiers et des opportunit\u00e9s locales.<\/li>\n<li>Participation \u00e0 des ateliers : Techniques de recherche d&#8217;emploi, r\u00e9daction de CV et lettres de motivation, simulation d\u2019entretiens.<\/li>\n<li>Mise en relation avec les entreprises : Participation \u00e0 des forums, job-dating, immersion professionnelle.<\/li>\n<li>Acc\u00e8s \u00e0 la formation et \u00e0 l\u2019alternance : Suivi personnalis\u00e9 pour int\u00e9grer une formation adapt\u00e9e aux besoins du march\u00e9.<\/li>\n<li>Soutien dans l\u2019insertion professionnelle : Coaching et accompagnement post-recrutement.<\/li>\n<\/ul>\n<p>[\/et_pb_text][et_pb_text _builder_version=\u00a0\u00bb4.27.4&Prime; _module_preset=\u00a0\u00bbdefault\u00a0\u00bb hover_enabled=\u00a0\u00bb0&Prime; sticky_enabled=\u00a0\u00bb0&Prime;]<\/p>\n<h3>Informations pratiques<\/h3>\n<p>\ud83d\udccd Territoire concern\u00e9 : Salazie, Saint-Andr\u00e9, Bras-Panon, Saint-Beno\u00eet, Sainte-Rose, Plaine des Palmistes\ud83d\udcc5 Dur\u00e9e du programme : 6 mois renouvelables\ud83d\udcde Contact : Mission Locale Est \u2013 0262 50 20 13<\/p>\n<p>\ud83d\ude80 Vous avez entre 16 et 25 ans, vous \u00eates sans activit\u00e9 et en recherche d\u2019emploi ? Contactez la Mission Locale Est et rejoignez le programme d\u2019Accompagnement vers l\u2019Emploi !<\/p>\n<p>[\/et_pb_text][et_pb_divider _builder_version=\u00a0\u00bb4.27.4&Prime; _module_preset=\u00a0\u00bbdefault\u00a0\u00bb hover_enabled=\u00a0\u00bb0&Prime; sticky_enabled=\u00a0\u00bb0&Prime;][\/et_pb_divider][et_pb_text _builder_version=\u00a0\u00bb4.25.1&Prime; _module_preset=\u00a0\u00bbdefault\u00a0\u00bb global_colors_info=\u00a0\u00bb{}\u00a0\u00bb]<\/p>\n<h2>Informations relatives au cofinancement du Programme Accompagnement vers l&rsquo;Emploi 2023 &#8211; 2025 via l&rsquo;Union Europ\u00e9enne<\/h2>\n<p>L&rsquo;accompagnement vers l&#8217;emploi 2023-2025 \u00e0 pour finalit\u00e9 de favoriser l&rsquo;acc\u00e8s \u00e0 l&#8217;emploi et \u00e0 l&rsquo;alternance des jeunes NEET de l&rsquo;EST en :<br \/>&#8211; D\u00e9veloppant leur connaissance du monde de l&rsquo;entreprise, <br \/>&#8211; D\u00e9veloppant leur connaissance de leur bassin d&#8217;emploi et de ses opportunit\u00e9s,<br \/>&#8211; Proposant des offres d&#8217;emploi r\u00e9colt\u00e9 au pr\u00e9alable aupr\u00e8s d&rsquo;entreprises ou partenaires<\/p>\n<p>&nbsp;<\/p>\n<ul>\n<li><strong>Dur\u00e9e :<\/strong> 01-2023 &#8211; 12\/2025<\/li>\n<li><strong>Budget total :\u00a0<\/strong>737 469.60\u20ac<\/li>\n<li><strong>Financement UE :\u00a0<\/strong>589 975,20\u20ac<\/li>\n<\/ul>\n<p>[\/et_pb_text][\/et_pb_column][\/et_pb_row][\/et_pb_section]<\/p>\n","protected":false},"excerpt":{"rendered":"<p>Face aux d\u00e9fis de l\u2019insertion professionnelle sur le territoire Est de La R\u00e9union, la Mission Locale Est met en place un programme d\u2019Accompagnement vers l\u2019Emploi, destin\u00e9 aux jeunes de 16 \u00e0 25 ans, sans activit\u00e9 et en recherche d\u2019emploi, r\u00e9sidant \u00e0 Salazie, Saint-Andr\u00e9, Bras-Panon, Saint-Beno\u00eet, Sainte-Rose et la Plaine des Palmistes. Cette mesure est compatible [&hellip;]<\/p>\n","protected":false},"author":1,"featured_media":0,"comment_status":"closed","ping_status":"closed","sticky":false,"template":"","format":"standard","meta":{"_et_pb_use_builder":"on","_et_pb_old_content":"","_et_gb_content_width":"2880","footnotes":""},"categories":[9],"tags":[],"class_list":["post-391","post","type-post","status-publish","format-standard","hentry","category-dispositifs"],"yoast_head":"<!-- This site is optimized with the Yoast SEO plugin v27.2 - https:\/\/yoast.com\/product\/yoast-seo-wordpress\/ -->\n<title>L&#039;accompagnement des jeunes vers l&#039;emploi et la qualification - Mission Locale Est<\/title>\n<meta name=\"robots\" content=\"index, follow, max-snippet:-1, max-image-preview:large, max-video-preview:-1\" \/>\n<link rel=\"canonical\" href=\"https:\/\/missionlocaleest.re\/index.php\/2023\/07\/26\/laccompagnement-des-jeunes-vers-lemploi\/\" \/>\n<meta property=\"og:locale\" content=\"fr_FR\" \/>\n<meta property=\"og:type\" content=\"article\" \/>\n<meta property=\"og:title\" content=\"L&#039;accompagnement des jeunes vers l&#039;emploi et la qualification - Mission Locale Est\" \/>\n<meta property=\"og:description\" content=\"Face aux d\u00e9fis de l\u2019insertion professionnelle sur le territoire Est de La R\u00e9union, la Mission Locale Est met en place un programme d\u2019Accompagnement vers l\u2019Emploi, destin\u00e9 aux jeunes de 16 \u00e0 25 ans, sans activit\u00e9 et en recherche d\u2019emploi, r\u00e9sidant \u00e0 Salazie, Saint-Andr\u00e9, Bras-Panon, Saint-Beno\u00eet, Sainte-Rose et la Plaine des Palmistes. Cette mesure est compatible [&hellip;]\" \/>\n<meta property=\"og:url\" content=\"https:\/\/missionlocaleest.re\/index.php\/2023\/07\/26\/laccompagnement-des-jeunes-vers-lemploi\/\" \/>\n<meta property=\"og:site_name\" content=\"Mission Locale Est\" \/>\n<meta property=\"article:publisher\" content=\"https:\/\/www.facebook.com\/MLEstReunion\/\" \/>\n<meta property=\"article:published_time\" content=\"2023-07-26T10:21:14+00:00\" \/>\n<meta property=\"article:modified_time\" content=\"2025-02-18T09:09:32+00:00\" \/>\n<meta name=\"author\" content=\"webmaster\" \/>\n<meta name=\"twitter:card\" content=\"summary_large_image\" \/>\n<meta name=\"twitter:label1\" content=\"\u00c9crit par\" \/>\n\t<meta name=\"twitter:data1\" content=\"webmaster\" \/>\n\t<meta name=\"twitter:label2\" content=\"Dur\u00e9e de lecture estim\u00e9e\" \/>\n\t<meta name=\"twitter:data2\" content=\"4 minutes\" \/>\n<script type=\"application\/ld+json\" class=\"yoast-schema-graph\">{\"@context\":\"https:\/\/schema.org\",\"@graph\":[{\"@type\":\"Article\",\"@id\":\"https:\/\/missionlocaleest.re\/index.php\/2023\/07\/26\/laccompagnement-des-jeunes-vers-lemploi\/#article\",\"isPartOf\":{\"@id\":\"https:\/\/missionlocaleest.re\/index.php\/2023\/07\/26\/laccompagnement-des-jeunes-vers-lemploi\/\"},\"author\":{\"name\":\"webmaster\",\"@id\":\"https:\/\/missionlocaleest.re\/#\/schema\/person\/84a119f07c3d76016394dd52b2455e1c\"},\"headline\":\"L&rsquo;accompagnement des jeunes vers l&#8217;emploi et la qualification\",\"datePublished\":\"2023-07-26T10:21:14+00:00\",\"dateModified\":\"2025-02-18T09:09:32+00:00\",\"mainEntityOfPage\":{\"@id\":\"https:\/\/missionlocaleest.re\/index.php\/2023\/07\/26\/laccompagnement-des-jeunes-vers-lemploi\/\"},\"wordCount\":755,\"publisher\":{\"@id\":\"https:\/\/missionlocaleest.re\/#organization\"},\"articleSection\":[\"Dispositifs\"],\"inLanguage\":\"fr-FR\"},{\"@type\":\"WebPage\",\"@id\":\"https:\/\/missionlocaleest.re\/index.php\/2023\/07\/26\/laccompagnement-des-jeunes-vers-lemploi\/\",\"url\":\"https:\/\/missionlocaleest.re\/index.php\/2023\/07\/26\/laccompagnement-des-jeunes-vers-lemploi\/\",\"name\":\"L'accompagnement des jeunes vers l'emploi et la qualification - Mission Locale Est\",\"isPartOf\":{\"@id\":\"https:\/\/missionlocaleest.re\/#website\"},\"datePublished\":\"2023-07-26T10:21:14+00:00\",\"dateModified\":\"2025-02-18T09:09:32+00:00\",\"breadcrumb\":{\"@id\":\"https:\/\/missionlocaleest.re\/index.php\/2023\/07\/26\/laccompagnement-des-jeunes-vers-lemploi\/#breadcrumb\"},\"inLanguage\":\"fr-FR\",\"potentialAction\":[{\"@type\":\"ReadAction\",\"target\":[\"https:\/\/missionlocaleest.re\/index.php\/2023\/07\/26\/laccompagnement-des-jeunes-vers-lemploi\/\"]}]},{\"@type\":\"BreadcrumbList\",\"@id\":\"https:\/\/missionlocaleest.re\/index.php\/2023\/07\/26\/laccompagnement-des-jeunes-vers-lemploi\/#breadcrumb\",\"itemListElement\":[{\"@type\":\"ListItem\",\"position\":1,\"name\":\"Accueil\",\"item\":\"https:\/\/missionlocaleest.re\/\"},{\"@type\":\"ListItem\",\"position\":2,\"name\":\"L&#8217;accompagnement des jeunes vers l&#8217;emploi et la qualification\"}]},{\"@type\":\"WebSite\",\"@id\":\"https:\/\/missionlocaleest.re\/#website\",\"url\":\"https:\/\/missionlocaleest.re\/\",\"name\":\"Mission Locale Est\",\"description\":\"Pour l&#039;insertion sociale et professionnelle de l&#039;ensemble des jeunes du territoire Est !\",\"publisher\":{\"@id\":\"https:\/\/missionlocaleest.re\/#organization\"},\"potentialAction\":[{\"@type\":\"SearchAction\",\"target\":{\"@type\":\"EntryPoint\",\"urlTemplate\":\"https:\/\/missionlocaleest.re\/?s={search_term_string}\"},\"query-input\":{\"@type\":\"PropertyValueSpecification\",\"valueRequired\":true,\"valueName\":\"search_term_string\"}}],\"inLanguage\":\"fr-FR\"},{\"@type\":\"Organization\",\"@id\":\"https:\/\/missionlocaleest.re\/#organization\",\"name\":\"Mission Locale Est\",\"url\":\"https:\/\/missionlocaleest.re\/\",\"logo\":{\"@type\":\"ImageObject\",\"inLanguage\":\"fr-FR\",\"@id\":\"https:\/\/missionlocaleest.re\/#\/schema\/logo\/image\/\",\"url\":\"https:\/\/missionlocaleest.re\/wp-content\/uploads\/2024\/05\/Logo_MLE_CMJN_Transparent.png\",\"contentUrl\":\"https:\/\/missionlocaleest.re\/wp-content\/uploads\/2024\/05\/Logo_MLE_CMJN_Transparent.png\",\"width\":347,\"height\":412,\"caption\":\"Mission Locale Est\"},\"image\":{\"@id\":\"https:\/\/missionlocaleest.re\/#\/schema\/logo\/image\/\"},\"sameAs\":[\"https:\/\/www.facebook.com\/MLEstReunion\/\",\"https:\/\/www.instagram.com\/missionlocaleest\"]},{\"@type\":\"Person\",\"@id\":\"https:\/\/missionlocaleest.re\/#\/schema\/person\/84a119f07c3d76016394dd52b2455e1c\",\"name\":\"webmaster\",\"image\":{\"@type\":\"ImageObject\",\"inLanguage\":\"fr-FR\",\"@id\":\"https:\/\/secure.gravatar.com\/avatar\/a6900e68d5d703f2d4ed65a49fc695dd026766733acceca7fc8a936c08cb0e09?s=96&d=mm&r=g\",\"url\":\"https:\/\/secure.gravatar.com\/avatar\/a6900e68d5d703f2d4ed65a49fc695dd026766733acceca7fc8a936c08cb0e09?s=96&d=mm&r=g\",\"contentUrl\":\"https:\/\/secure.gravatar.com\/avatar\/a6900e68d5d703f2d4ed65a49fc695dd026766733acceca7fc8a936c08cb0e09?s=96&d=mm&r=g\",\"caption\":\"webmaster\"},\"sameAs\":[\"http:\/\/missionlocaleest.re\"],\"url\":\"https:\/\/missionlocaleest.re\/index.php\/author\/admin8117\/\"}]}<\/script>\n<!-- \/ Yoast SEO plugin. -->","yoast_head_json":{"title":"L'accompagnement des jeunes vers l'emploi et la qualification - Mission Locale Est","robots":{"index":"index","follow":"follow","max-snippet":"max-snippet:-1","max-image-preview":"max-image-preview:large","max-video-preview":"max-video-preview:-1"},"canonical":"https:\/\/missionlocaleest.re\/index.php\/2023\/07\/26\/laccompagnement-des-jeunes-vers-lemploi\/","og_locale":"fr_FR","og_type":"article","og_title":"L'accompagnement des jeunes vers l'emploi et la qualification - Mission Locale Est","og_description":"Face aux d\u00e9fis de l\u2019insertion professionnelle sur le territoire Est de La R\u00e9union, la Mission Locale Est met en place un programme d\u2019Accompagnement vers l\u2019Emploi, destin\u00e9 aux jeunes de 16 \u00e0 25 ans, sans activit\u00e9 et en recherche d\u2019emploi, r\u00e9sidant \u00e0 Salazie, Saint-Andr\u00e9, Bras-Panon, Saint-Beno\u00eet, Sainte-Rose et la Plaine des Palmistes. Cette mesure est compatible [&hellip;]","og_url":"https:\/\/missionlocaleest.re\/index.php\/2023\/07\/26\/laccompagnement-des-jeunes-vers-lemploi\/","og_site_name":"Mission Locale Est","article_publisher":"https:\/\/www.facebook.com\/MLEstReunion\/","article_published_time":"2023-07-26T10:21:14+00:00","article_modified_time":"2025-02-18T09:09:32+00:00","author":"webmaster","twitter_card":"summary_large_image","twitter_misc":{"\u00c9crit par":"webmaster","Dur\u00e9e de lecture estim\u00e9e":"4 minutes"},"schema":{"@context":"https:\/\/schema.org","@graph":[{"@type":"Article","@id":"https:\/\/missionlocaleest.re\/index.php\/2023\/07\/26\/laccompagnement-des-jeunes-vers-lemploi\/#article","isPartOf":{"@id":"https:\/\/missionlocaleest.re\/index.php\/2023\/07\/26\/laccompagnement-des-jeunes-vers-lemploi\/"},"author":{"name":"webmaster","@id":"https:\/\/missionlocaleest.re\/#\/schema\/person\/84a119f07c3d76016394dd52b2455e1c"},"headline":"L&rsquo;accompagnement des jeunes vers l&#8217;emploi et la qualification","datePublished":"2023-07-26T10:21:14+00:00","dateModified":"2025-02-18T09:09:32+00:00","mainEntityOfPage":{"@id":"https:\/\/missionlocaleest.re\/index.php\/2023\/07\/26\/laccompagnement-des-jeunes-vers-lemploi\/"},"wordCount":755,"publisher":{"@id":"https:\/\/missionlocaleest.re\/#organization"},"articleSection":["Dispositifs"],"inLanguage":"fr-FR"},{"@type":"WebPage","@id":"https:\/\/missionlocaleest.re\/index.php\/2023\/07\/26\/laccompagnement-des-jeunes-vers-lemploi\/","url":"https:\/\/missionlocaleest.re\/index.php\/2023\/07\/26\/laccompagnement-des-jeunes-vers-lemploi\/","name":"L'accompagnement des jeunes vers l'emploi et la qualification - Mission Locale Est","isPartOf":{"@id":"https:\/\/missionlocaleest.re\/#website"},"datePublished":"2023-07-26T10:21:14+00:00","dateModified":"2025-02-18T09:09:32+00:00","breadcrumb":{"@id":"https:\/\/missionlocaleest.re\/index.php\/2023\/07\/26\/laccompagnement-des-jeunes-vers-lemploi\/#breadcrumb"},"inLanguage":"fr-FR","potentialAction":[{"@type":"ReadAction","target":["https:\/\/missionlocaleest.re\/index.php\/2023\/07\/26\/laccompagnement-des-jeunes-vers-lemploi\/"]}]},{"@type":"BreadcrumbList","@id":"https:\/\/missionlocaleest.re\/index.php\/2023\/07\/26\/laccompagnement-des-jeunes-vers-lemploi\/#breadcrumb","itemListElement":[{"@type":"ListItem","position":1,"name":"Accueil","item":"https:\/\/missionlocaleest.re\/"},{"@type":"ListItem","position":2,"name":"L&#8217;accompagnement des jeunes vers l&#8217;emploi et la qualification"}]},{"@type":"WebSite","@id":"https:\/\/missionlocaleest.re\/#website","url":"https:\/\/missionlocaleest.re\/","name":"Mission Locale Est","description":"Pour l&#039;insertion sociale et professionnelle de l&#039;ensemble des jeunes du territoire Est !","publisher":{"@id":"https:\/\/missionlocaleest.re\/#organization"},"potentialAction":[{"@type":"SearchAction","target":{"@type":"EntryPoint","urlTemplate":"https:\/\/missionlocaleest.re\/?s={search_term_string}"},"query-input":{"@type":"PropertyValueSpecification","valueRequired":true,"valueName":"search_term_string"}}],"inLanguage":"fr-FR"},{"@type":"Organization","@id":"https:\/\/missionlocaleest.re\/#organization","name":"Mission Locale Est","url":"https:\/\/missionlocaleest.re\/","logo":{"@type":"ImageObject","inLanguage":"fr-FR","@id":"https:\/\/missionlocaleest.re\/#\/schema\/logo\/image\/","url":"https:\/\/missionlocaleest.re\/wp-content\/uploads\/2024\/05\/Logo_MLE_CMJN_Transparent.png","contentUrl":"https:\/\/missionlocaleest.re\/wp-content\/uploads\/2024\/05\/Logo_MLE_CMJN_Transparent.png","width":347,"height":412,"caption":"Mission Locale Est"},"image":{"@id":"https:\/\/missionlocaleest.re\/#\/schema\/logo\/image\/"},"sameAs":["https:\/\/www.facebook.com\/MLEstReunion\/","https:\/\/www.instagram.com\/missionlocaleest"]},{"@type":"Person","@id":"https:\/\/missionlocaleest.re\/#\/schema\/person\/84a119f07c3d76016394dd52b2455e1c","name":"webmaster","image":{"@type":"ImageObject","inLanguage":"fr-FR","@id":"https:\/\/secure.gravatar.com\/avatar\/a6900e68d5d703f2d4ed65a49fc695dd026766733acceca7fc8a936c08cb0e09?s=96&d=mm&r=g","url":"https:\/\/secure.gravatar.com\/avatar\/a6900e68d5d703f2d4ed65a49fc695dd026766733acceca7fc8a936c08cb0e09?s=96&d=mm&r=g","contentUrl":"https:\/\/secure.gravatar.com\/avatar\/a6900e68d5d703f2d4ed65a49fc695dd026766733acceca7fc8a936c08cb0e09?s=96&d=mm&r=g","caption":"webmaster"},"sameAs":["http:\/\/missionlocaleest.re"],"url":"https:\/\/missionlocaleest.re\/index.php\/author\/admin8117\/"}]}},"_links":{"self":[{"href":"https:\/\/missionlocaleest.re\/index.php\/wp-json\/wp\/v2\/posts\/391","targetHints":{"allow":["GET"]}}],"collection":[{"href":"https:\/\/missionlocaleest.re\/index.php\/wp-json\/wp\/v2\/posts"}],"about":[{"href":"https:\/\/missionlocaleest.re\/index.php\/wp-json\/wp\/v2\/types\/post"}],"author":[{"embeddable":true,"href":"https:\/\/missionlocaleest.re\/index.php\/wp-json\/wp\/v2\/users\/1"}],"replies":[{"embeddable":true,"href":"https:\/\/missionlocaleest.re\/index.php\/wp-json\/wp\/v2\/comments?post=391"}],"version-history":[{"count":7,"href":"https:\/\/missionlocaleest.re\/index.php\/wp-json\/wp\/v2\/posts\/391\/revisions"}],"predecessor-version":[{"id":1394,"href":"https:\/\/missionlocaleest.re\/index.php\/wp-json\/wp\/v2\/posts\/391\/revisions\/1394"}],"wp:attachment":[{"href":"https:\/\/missionlocaleest.re\/index.php\/wp-json\/wp\/v2\/media?parent=391"}],"wp:term":[{"taxonomy":"category","embeddable":true,"href":"https:\/\/missionlocaleest.re\/index.php\/wp-json\/wp\/v2\/categories?post=391"},{"taxonomy":"post_tag","embeddable":true,"href":"https:\/\/missionlocaleest.re\/index.php\/wp-json\/wp\/v2\/tags?post=391"}],"curies":[{"name":"wp","href":"https:\/\/api.w.org\/{rel}","templated":true}]}}