{"id":295,"date":"2023-07-24T12:12:21","date_gmt":"2023-07-24T10:12:21","guid":{"rendered":"https:\/\/missionlocaleest.re\/?p=295"},"modified":"2025-04-03T06:46:26","modified_gmt":"2025-04-03T04:46:26","slug":"la-brigade-pour-linclusion-positive","status":"publish","type":"post","link":"https:\/\/missionlocaleest.re\/index.php\/2023\/07\/24\/la-brigade-pour-linclusion-positive\/","title":{"rendered":"La Brigade pour l&rsquo;Inclusion Positive"},"content":{"rendered":"<p>[et_pb_section fb_built=\u00a0\u00bb1&Prime; _builder_version=\u00a0\u00bb4.18.0&Prime; _module_preset=\u00a0\u00bbdefault\u00a0\u00bb custom_padding=\u00a0\u00bb0px||2px|||\u00a0\u00bb da_disable_devices=\u00a0\u00bboff|off|off\u00a0\u00bb global_colors_info=\u00a0\u00bb{}\u00a0\u00bb da_is_popup=\u00a0\u00bboff\u00a0\u00bb da_exit_intent=\u00a0\u00bboff\u00a0\u00bb da_has_close=\u00a0\u00bbon\u00a0\u00bb da_alt_close=\u00a0\u00bboff\u00a0\u00bb da_dark_close=\u00a0\u00bboff\u00a0\u00bb da_not_modal=\u00a0\u00bbon\u00a0\u00bb da_is_singular=\u00a0\u00bboff\u00a0\u00bb da_with_loader=\u00a0\u00bboff\u00a0\u00bb da_has_shadow=\u00a0\u00bbon\u00a0\u00bb][et_pb_row _builder_version=\u00a0\u00bb4.22.0&Prime; _module_preset=\u00a0\u00bbdefault\u00a0\u00bb global_colors_info=\u00a0\u00bb{}\u00a0\u00bb][et_pb_column type=\u00a0\u00bb4_4&Prime; _builder_version=\u00a0\u00bb4.18.0&Prime; _module_preset=\u00a0\u00bbdefault\u00a0\u00bb global_colors_info=\u00a0\u00bb{}\u00a0\u00bb][et_pb_image src=\u00a0\u00bbhttps:\/\/missionlocaleest.re\/wp-content\/uploads\/2025\/02\/Bandeau_BIP_2025.png\u00a0\u00bb title_text=\u00a0\u00bbBandeau_BIP_2025&Prime; align=\u00a0\u00bbcenter\u00a0\u00bb _builder_version=\u00a0\u00bb4.27.4&Prime; _module_preset=\u00a0\u00bbdefault\u00a0\u00bb background_color=\u00a0\u00bb#FFFFFF\u00a0\u00bb width=\u00a0\u00bb50%\u00a0\u00bb global_colors_info=\u00a0\u00bb{}\u00a0\u00bb][\/et_pb_image][et_pb_text _builder_version=\u00a0\u00bb4.27.4&Prime; _module_preset=\u00a0\u00bbdefault\u00a0\u00bb global_colors_info=\u00a0\u00bb{}\u00a0\u00bb]<\/p>\n<h2>Brigade pour l&rsquo;Inclusion Positive : Un tremplin vers l&rsquo;insertion professionnelle et sociale<\/h2>\n<p>[\/et_pb_text][et_pb_image src=\u00a0\u00bbhttps:\/\/missionlocaleest.re\/wp-content\/uploads\/2023\/07\/BIP_Illustration.png\u00a0\u00bb title_text=\u00a0\u00bbBIP_Illustration\u00a0\u00bb align=\u00a0\u00bbcenter\u00a0\u00bb _builder_version=\u00a0\u00bb4.27.4&Prime; _module_preset=\u00a0\u00bbdefault\u00a0\u00bb width=\u00a0\u00bb50%\u00a0\u00bb global_colors_info=\u00a0\u00bb{}\u00a0\u00bb][\/et_pb_image][\/et_pb_column][\/et_pb_row][et_pb_row _builder_version=\u00a0\u00bb4.18.0&Prime; _module_preset=\u00a0\u00bbdefault\u00a0\u00bb global_colors_info=\u00a0\u00bb{}\u00a0\u00bb][et_pb_column type=\u00a0\u00bb4_4&Prime; _builder_version=\u00a0\u00bb4.18.0&Prime; _module_preset=\u00a0\u00bbdefault\u00a0\u00bb global_colors_info=\u00a0\u00bb{}\u00a0\u00bb][et_pb_text _builder_version=\u00a0\u00bb4.27.4&Prime; _module_preset=\u00a0\u00bbdefault\u00a0\u00bb global_colors_info=\u00a0\u00bb{}\u00a0\u00bb]<\/p>\n<h3>Un dispositif innovant au service des jeunes de l&rsquo;Est de La R\u00e9union<\/h3>\n<p>La Brigade pour l&rsquo;Inclusion Positive (B.I.P) est un programme ambitieux qui s&rsquo;adresse aux jeunes de 16 \u00e0 25 ans, r\u00e9sidant dans l&rsquo;une des six communes de l&rsquo;Est de l&rsquo;\u00eele : Salazie, Saint-Andr\u00e9, Bras-Panon, Saint-Beno\u00eet, Sainte-Rose et la Plaine des Palmistes. D\u00e9ploy\u00e9 du 1er janvier 2024 au 31 d\u00e9cembre 2025, ce dispositif vise \u00e0 accompagner ces jeunes vers l&#8217;emploi et la formation tout en les impliquant dans des actions solidaires et humanitaires.<\/p>\n<h3>Un contexte socio-\u00e9conomique exigeant<\/h3>\n<p>Le territoire Est de La R\u00e9union est marqu\u00e9 par des d\u00e9fis majeurs en mati\u00e8re d&#8217;emploi et de formation. Avec un taux de ch\u00f4mage atteignant 19,3 %, un acc\u00e8s limit\u00e9 aux formations qualifiantes et un taux important de jeunes sans dipl\u00f4me, il est essentiel de proposer des solutions adapt\u00e9es et innovantes pour favoriser l&rsquo;insertion sociale et professionnelle.<\/p>\n<h3>Un accompagnement sur mesure pour une insertion r\u00e9ussie<\/h3>\n<p>Le programme B.I.P repose sur un double engagement :<\/p>\n<ul>\n<li>La participation \u00e0 des actions solidaires et humanitaires pour d\u00e9velopper des comp\u00e9tences et s&rsquo;engager citoyennement.<\/li>\n<li>Un parcours d&rsquo;accompagnement personnalis\u00e9 pour lever les freins \u00e0 l&#8217;emploi et construire un projet professionnel durable.<\/li>\n<\/ul>\n<h3>Objectifs du programme<\/h3>\n<ul>\n<li>D\u00e9finir et confirmer un projet professionnel.<\/li>\n<li>Acc\u00e9der \u00e0 l&#8217;emploi, \u00e0 l&rsquo;alternance ou \u00e0 la formation.<\/li>\n<li>Lever les freins sociaux li\u00e9s au logement, \u00e0 la sant\u00e9 ou \u00e0 la mobilit\u00e9.<\/li>\n<li>Favoriser l&rsquo;engagement citoyen \u00e0 travers des missions humanitaires et solidaires.<\/li>\n<\/ul>\n<p>L&rsquo;int\u00e9gration dans la B.I.P se fait \u00e0 travers la signature d&rsquo;un contrat d&rsquo;engagement incluant :<\/p>\n<ul>\n<li>Un accompagnement individualis\u00e9 par un\u00b7e conseiller\u00b7\u00e8re en insertion professionnelle.<\/li>\n<li>Une semaine de pr\u00e9paration pour renforcer la coh\u00e9sion et d\u00e9finir les actions humanitaires \u00e0 mener.<\/li>\n<li>La participation obligatoire \u00e0 au moins une action solidaire.<\/li>\n<li>Un suivi r\u00e9gulier avec des ateliers et immersions en entreprise.<\/li>\n<\/ul>\n<p>Les jeunes participant\u00b7es b\u00e9n\u00e9ficieront de :<\/p>\n<ul>\n<li>Un accompagnement intensif \u00e0 la recherche d\u2019emploi et de formation.<\/li>\n<li>Des ateliers techniques de recherche d\u2019emploi (CV, lettres de motivation, entretiens).<\/li>\n<li>Des mises en relation avec des entreprises et organismes de formation.<\/li>\n<li>Des s\u00e9ances de coaching individuel pour maximiser leur potentiel.<\/li>\n<li>Une immersion professionnelle pour valider leur projet.<\/li>\n<\/ul>\n<p>La Brigade pour l\u2019Inclusion Positive est bien plus qu\u2019un simple dispositif : c\u2019est une opportunit\u00e9 unique pour les jeunes de l&rsquo;Est de La R\u00e9union de s&rsquo;engager, de se former et de construire un avenir professionnel solide.<\/p>\n<h3>Je souhaite int\u00e9grer le dispositif, comment faire ?<\/h3>\n<p>La m\u00e9thode la plus simple est de prendre contact avec votre conseiller\u00b7e \u00e0 la Mission Locale Est. Vous pouvez \u00e9galement joindre la Brigade directement \u00e0 l&rsquo;aide des coordonn\u00e9es suivantes :<\/p>\n<p>Brigade pour l&rsquo;Inclusion Positive<br \/>11, rue Amiral Bouvet<br \/>97470 SAINT-BENOIT<br \/><strong>T\u00e9l\u00e9phone :<\/strong> 0262 86 00 47<br \/><strong>Email :<\/strong> bip@mle.re<\/p>\n<p>[\/et_pb_text][et_pb_divider _builder_version=\u00a0\u00bb4.27.4&Prime; _module_preset=\u00a0\u00bbdefault\u00a0\u00bb hover_enabled=\u00a0\u00bb0&Prime; sticky_enabled=\u00a0\u00bb0&Prime;][\/et_pb_divider][et_pb_text _builder_version=\u00a0\u00bb4.27.4&Prime; _module_preset=\u00a0\u00bbdefault\u00a0\u00bb hover_enabled=\u00a0\u00bb0&Prime; sticky_enabled=\u00a0\u00bb0&Prime;]<\/p>\n<h2><strong>Informations relatives au cofinancement de la Brigade pour l&rsquo;Inclusion Positive (B.I.P) via l&rsquo;Union Europ\u00e9enne<\/strong><\/h2>\n<p>[\/et_pb_text][et_pb_text _builder_version=\u00a0\u00bb4.27.4&Prime; _module_preset=\u00a0\u00bbdefault\u00a0\u00bb hover_enabled=\u00a0\u00bb0&Prime; sticky_enabled=\u00a0\u00bb0&Prime;]<\/p>\n<p>La Brigade pour l\u2019Inclusion Positive (B.I.P) propose \u00e0 des jeunes en difficult\u00e9 d\u2019inclusion sociale et professionnelle de s\u2019inscrire dans des actions d\u2019engagement solidaire contre la pauvret\u00e9 et d\u2019 \u00eatre accompagn\u00e9s en m\u00eame temps dans leur propre parcours d\u2019inclusion pour la r\u00e9ussite de leurs d\u00e9marches et projets.<\/p>\n<p>&nbsp;<\/p>\n<p><strong>Dur\u00e9e :<\/strong> 01\/2024 &#8211; 12\/2025<\/p>\n<p><strong>Budget total :<\/strong> 235 601.80\u20ac<\/p>\n<p><strong>Financement UE :<\/strong> 188 481.44\u20ac<\/p>\n<p>[\/et_pb_text][\/et_pb_column][\/et_pb_row][\/et_pb_section]<\/p>\n","protected":false},"excerpt":{"rendered":"<p>Brigade pour l&rsquo;Inclusion Positive : Un tremplin vers l&rsquo;insertion professionnelle et socialeUn dispositif innovant au service des jeunes de l&rsquo;Est de La R\u00e9union La Brigade pour l&rsquo;Inclusion Positive (B.I.P) est un programme ambitieux qui s&rsquo;adresse aux jeunes de 16 \u00e0 25 ans, r\u00e9sidant dans l&rsquo;une des six communes de l&rsquo;Est de l&rsquo;\u00eele : Salazie, Saint-Andr\u00e9, [&hellip;]<\/p>\n","protected":false},"author":1,"featured_media":0,"comment_status":"closed","ping_status":"open","sticky":false,"template":"","format":"standard","meta":{"_et_pb_use_builder":"on","_et_pb_old_content":"","_et_gb_content_width":"2880","footnotes":""},"categories":[9],"tags":[13,15,16,14,17],"class_list":["post-295","post","type-post","status-publish","format-standard","hentry","category-dispositifs","tag-accompagnement","tag-emploi","tag-formation","tag-inclusion","tag-mission-locale"],"yoast_head":"<!-- This site is optimized with the Yoast SEO plugin v27.2 - https:\/\/yoast.com\/product\/yoast-seo-wordpress\/ -->\n<title>La Brigade pour l&#039;Inclusion Positive - Mission Locale Est<\/title>\n<meta name=\"robots\" content=\"index, follow, max-snippet:-1, max-image-preview:large, max-video-preview:-1\" \/>\n<link rel=\"canonical\" href=\"https:\/\/missionlocaleest.re\/index.php\/2023\/07\/24\/la-brigade-pour-linclusion-positive\/\" \/>\n<meta property=\"og:locale\" content=\"fr_FR\" \/>\n<meta property=\"og:type\" content=\"article\" \/>\n<meta property=\"og:title\" content=\"La Brigade pour l&#039;Inclusion Positive - Mission Locale Est\" \/>\n<meta property=\"og:description\" content=\"Brigade pour l&#039;Inclusion Positive : Un tremplin vers l&#039;insertion professionnelle et socialeUn dispositif innovant au service des jeunes de l&#039;Est de La R\u00e9union La Brigade pour l&#039;Inclusion Positive (B.I.P) est un programme ambitieux qui s&#039;adresse aux jeunes de 16 \u00e0 25 ans, r\u00e9sidant dans l&#039;une des six communes de l&#039;Est de l&#039;\u00eele : Salazie, Saint-Andr\u00e9, [&hellip;]\" \/>\n<meta property=\"og:url\" content=\"https:\/\/missionlocaleest.re\/index.php\/2023\/07\/24\/la-brigade-pour-linclusion-positive\/\" \/>\n<meta property=\"og:site_name\" content=\"Mission Locale Est\" \/>\n<meta property=\"article:publisher\" content=\"https:\/\/www.facebook.com\/MLEstReunion\/\" \/>\n<meta property=\"article:published_time\" content=\"2023-07-24T10:12:21+00:00\" \/>\n<meta property=\"article:modified_time\" content=\"2025-04-03T04:46:26+00:00\" \/>\n<meta name=\"author\" content=\"webmaster\" \/>\n<meta name=\"twitter:card\" content=\"summary_large_image\" \/>\n<meta name=\"twitter:label1\" content=\"\u00c9crit par\" \/>\n\t<meta name=\"twitter:data1\" content=\"webmaster\" \/>\n\t<meta name=\"twitter:label2\" content=\"Dur\u00e9e de lecture estim\u00e9e\" \/>\n\t<meta name=\"twitter:data2\" content=\"4 minutes\" \/>\n<script type=\"application\/ld+json\" class=\"yoast-schema-graph\">{\"@context\":\"https:\/\/schema.org\",\"@graph\":[{\"@type\":\"Article\",\"@id\":\"https:\/\/missionlocaleest.re\/index.php\/2023\/07\/24\/la-brigade-pour-linclusion-positive\/#article\",\"isPartOf\":{\"@id\":\"https:\/\/missionlocaleest.re\/index.php\/2023\/07\/24\/la-brigade-pour-linclusion-positive\/\"},\"author\":{\"name\":\"webmaster\",\"@id\":\"https:\/\/missionlocaleest.re\/#\/schema\/person\/84a119f07c3d76016394dd52b2455e1c\"},\"headline\":\"La Brigade pour l&rsquo;Inclusion Positive\",\"datePublished\":\"2023-07-24T10:12:21+00:00\",\"dateModified\":\"2025-04-03T04:46:26+00:00\",\"mainEntityOfPage\":{\"@id\":\"https:\/\/missionlocaleest.re\/index.php\/2023\/07\/24\/la-brigade-pour-linclusion-positive\/\"},\"wordCount\":830,\"publisher\":{\"@id\":\"https:\/\/missionlocaleest.re\/#organization\"},\"keywords\":[\"accompagnement\",\"emploi\",\"formation\",\"inclusion\",\"mission locale\"],\"articleSection\":[\"Dispositifs\"],\"inLanguage\":\"fr-FR\"},{\"@type\":\"WebPage\",\"@id\":\"https:\/\/missionlocaleest.re\/index.php\/2023\/07\/24\/la-brigade-pour-linclusion-positive\/\",\"url\":\"https:\/\/missionlocaleest.re\/index.php\/2023\/07\/24\/la-brigade-pour-linclusion-positive\/\",\"name\":\"La Brigade pour l'Inclusion Positive - Mission Locale Est\",\"isPartOf\":{\"@id\":\"https:\/\/missionlocaleest.re\/#website\"},\"datePublished\":\"2023-07-24T10:12:21+00:00\",\"dateModified\":\"2025-04-03T04:46:26+00:00\",\"breadcrumb\":{\"@id\":\"https:\/\/missionlocaleest.re\/index.php\/2023\/07\/24\/la-brigade-pour-linclusion-positive\/#breadcrumb\"},\"inLanguage\":\"fr-FR\",\"potentialAction\":[{\"@type\":\"ReadAction\",\"target\":[\"https:\/\/missionlocaleest.re\/index.php\/2023\/07\/24\/la-brigade-pour-linclusion-positive\/\"]}]},{\"@type\":\"BreadcrumbList\",\"@id\":\"https:\/\/missionlocaleest.re\/index.php\/2023\/07\/24\/la-brigade-pour-linclusion-positive\/#breadcrumb\",\"itemListElement\":[{\"@type\":\"ListItem\",\"position\":1,\"name\":\"Accueil\",\"item\":\"https:\/\/missionlocaleest.re\/\"},{\"@type\":\"ListItem\",\"position\":2,\"name\":\"La Brigade pour l&rsquo;Inclusion Positive\"}]},{\"@type\":\"WebSite\",\"@id\":\"https:\/\/missionlocaleest.re\/#website\",\"url\":\"https:\/\/missionlocaleest.re\/\",\"name\":\"Mission Locale Est\",\"description\":\"Pour l&#039;insertion sociale et professionnelle de l&#039;ensemble des jeunes du territoire Est !\",\"publisher\":{\"@id\":\"https:\/\/missionlocaleest.re\/#organization\"},\"potentialAction\":[{\"@type\":\"SearchAction\",\"target\":{\"@type\":\"EntryPoint\",\"urlTemplate\":\"https:\/\/missionlocaleest.re\/?s={search_term_string}\"},\"query-input\":{\"@type\":\"PropertyValueSpecification\",\"valueRequired\":true,\"valueName\":\"search_term_string\"}}],\"inLanguage\":\"fr-FR\"},{\"@type\":\"Organization\",\"@id\":\"https:\/\/missionlocaleest.re\/#organization\",\"name\":\"Mission Locale Est\",\"url\":\"https:\/\/missionlocaleest.re\/\",\"logo\":{\"@type\":\"ImageObject\",\"inLanguage\":\"fr-FR\",\"@id\":\"https:\/\/missionlocaleest.re\/#\/schema\/logo\/image\/\",\"url\":\"https:\/\/missionlocaleest.re\/wp-content\/uploads\/2024\/05\/Logo_MLE_CMJN_Transparent.png\",\"contentUrl\":\"https:\/\/missionlocaleest.re\/wp-content\/uploads\/2024\/05\/Logo_MLE_CMJN_Transparent.png\",\"width\":347,\"height\":412,\"caption\":\"Mission Locale Est\"},\"image\":{\"@id\":\"https:\/\/missionlocaleest.re\/#\/schema\/logo\/image\/\"},\"sameAs\":[\"https:\/\/www.facebook.com\/MLEstReunion\/\",\"https:\/\/www.instagram.com\/missionlocaleest\"]},{\"@type\":\"Person\",\"@id\":\"https:\/\/missionlocaleest.re\/#\/schema\/person\/84a119f07c3d76016394dd52b2455e1c\",\"name\":\"webmaster\",\"image\":{\"@type\":\"ImageObject\",\"inLanguage\":\"fr-FR\",\"@id\":\"https:\/\/secure.gravatar.com\/avatar\/a6900e68d5d703f2d4ed65a49fc695dd026766733acceca7fc8a936c08cb0e09?s=96&d=mm&r=g\",\"url\":\"https:\/\/secure.gravatar.com\/avatar\/a6900e68d5d703f2d4ed65a49fc695dd026766733acceca7fc8a936c08cb0e09?s=96&d=mm&r=g\",\"contentUrl\":\"https:\/\/secure.gravatar.com\/avatar\/a6900e68d5d703f2d4ed65a49fc695dd026766733acceca7fc8a936c08cb0e09?s=96&d=mm&r=g\",\"caption\":\"webmaster\"},\"sameAs\":[\"http:\/\/missionlocaleest.re\"],\"url\":\"https:\/\/missionlocaleest.re\/index.php\/author\/admin8117\/\"}]}<\/script>\n<!-- \/ Yoast SEO plugin. -->","yoast_head_json":{"title":"La Brigade pour l'Inclusion Positive - Mission Locale Est","robots":{"index":"index","follow":"follow","max-snippet":"max-snippet:-1","max-image-preview":"max-image-preview:large","max-video-preview":"max-video-preview:-1"},"canonical":"https:\/\/missionlocaleest.re\/index.php\/2023\/07\/24\/la-brigade-pour-linclusion-positive\/","og_locale":"fr_FR","og_type":"article","og_title":"La Brigade pour l'Inclusion Positive - Mission Locale Est","og_description":"Brigade pour l'Inclusion Positive : Un tremplin vers l'insertion professionnelle et socialeUn dispositif innovant au service des jeunes de l'Est de La R\u00e9union La Brigade pour l'Inclusion Positive (B.I.P) est un programme ambitieux qui s'adresse aux jeunes de 16 \u00e0 25 ans, r\u00e9sidant dans l'une des six communes de l'Est de l'\u00eele : Salazie, Saint-Andr\u00e9, [&hellip;]","og_url":"https:\/\/missionlocaleest.re\/index.php\/2023\/07\/24\/la-brigade-pour-linclusion-positive\/","og_site_name":"Mission Locale Est","article_publisher":"https:\/\/www.facebook.com\/MLEstReunion\/","article_published_time":"2023-07-24T10:12:21+00:00","article_modified_time":"2025-04-03T04:46:26+00:00","author":"webmaster","twitter_card":"summary_large_image","twitter_misc":{"\u00c9crit par":"webmaster","Dur\u00e9e de lecture estim\u00e9e":"4 minutes"},"schema":{"@context":"https:\/\/schema.org","@graph":[{"@type":"Article","@id":"https:\/\/missionlocaleest.re\/index.php\/2023\/07\/24\/la-brigade-pour-linclusion-positive\/#article","isPartOf":{"@id":"https:\/\/missionlocaleest.re\/index.php\/2023\/07\/24\/la-brigade-pour-linclusion-positive\/"},"author":{"name":"webmaster","@id":"https:\/\/missionlocaleest.re\/#\/schema\/person\/84a119f07c3d76016394dd52b2455e1c"},"headline":"La Brigade pour l&rsquo;Inclusion Positive","datePublished":"2023-07-24T10:12:21+00:00","dateModified":"2025-04-03T04:46:26+00:00","mainEntityOfPage":{"@id":"https:\/\/missionlocaleest.re\/index.php\/2023\/07\/24\/la-brigade-pour-linclusion-positive\/"},"wordCount":830,"publisher":{"@id":"https:\/\/missionlocaleest.re\/#organization"},"keywords":["accompagnement","emploi","formation","inclusion","mission locale"],"articleSection":["Dispositifs"],"inLanguage":"fr-FR"},{"@type":"WebPage","@id":"https:\/\/missionlocaleest.re\/index.php\/2023\/07\/24\/la-brigade-pour-linclusion-positive\/","url":"https:\/\/missionlocaleest.re\/index.php\/2023\/07\/24\/la-brigade-pour-linclusion-positive\/","name":"La Brigade pour l'Inclusion Positive - Mission Locale Est","isPartOf":{"@id":"https:\/\/missionlocaleest.re\/#website"},"datePublished":"2023-07-24T10:12:21+00:00","dateModified":"2025-04-03T04:46:26+00:00","breadcrumb":{"@id":"https:\/\/missionlocaleest.re\/index.php\/2023\/07\/24\/la-brigade-pour-linclusion-positive\/#breadcrumb"},"inLanguage":"fr-FR","potentialAction":[{"@type":"ReadAction","target":["https:\/\/missionlocaleest.re\/index.php\/2023\/07\/24\/la-brigade-pour-linclusion-positive\/"]}]},{"@type":"BreadcrumbList","@id":"https:\/\/missionlocaleest.re\/index.php\/2023\/07\/24\/la-brigade-pour-linclusion-positive\/#breadcrumb","itemListElement":[{"@type":"ListItem","position":1,"name":"Accueil","item":"https:\/\/missionlocaleest.re\/"},{"@type":"ListItem","position":2,"name":"La Brigade pour l&rsquo;Inclusion Positive"}]},{"@type":"WebSite","@id":"https:\/\/missionlocaleest.re\/#website","url":"https:\/\/missionlocaleest.re\/","name":"Mission Locale Est","description":"Pour l&#039;insertion sociale et professionnelle de l&#039;ensemble des jeunes du territoire Est !","publisher":{"@id":"https:\/\/missionlocaleest.re\/#organization"},"potentialAction":[{"@type":"SearchAction","target":{"@type":"EntryPoint","urlTemplate":"https:\/\/missionlocaleest.re\/?s={search_term_string}"},"query-input":{"@type":"PropertyValueSpecification","valueRequired":true,"valueName":"search_term_string"}}],"inLanguage":"fr-FR"},{"@type":"Organization","@id":"https:\/\/missionlocaleest.re\/#organization","name":"Mission Locale Est","url":"https:\/\/missionlocaleest.re\/","logo":{"@type":"ImageObject","inLanguage":"fr-FR","@id":"https:\/\/missionlocaleest.re\/#\/schema\/logo\/image\/","url":"https:\/\/missionlocaleest.re\/wp-content\/uploads\/2024\/05\/Logo_MLE_CMJN_Transparent.png","contentUrl":"https:\/\/missionlocaleest.re\/wp-content\/uploads\/2024\/05\/Logo_MLE_CMJN_Transparent.png","width":347,"height":412,"caption":"Mission Locale Est"},"image":{"@id":"https:\/\/missionlocaleest.re\/#\/schema\/logo\/image\/"},"sameAs":["https:\/\/www.facebook.com\/MLEstReunion\/","https:\/\/www.instagram.com\/missionlocaleest"]},{"@type":"Person","@id":"https:\/\/missionlocaleest.re\/#\/schema\/person\/84a119f07c3d76016394dd52b2455e1c","name":"webmaster","image":{"@type":"ImageObject","inLanguage":"fr-FR","@id":"https:\/\/secure.gravatar.com\/avatar\/a6900e68d5d703f2d4ed65a49fc695dd026766733acceca7fc8a936c08cb0e09?s=96&d=mm&r=g","url":"https:\/\/secure.gravatar.com\/avatar\/a6900e68d5d703f2d4ed65a49fc695dd026766733acceca7fc8a936c08cb0e09?s=96&d=mm&r=g","contentUrl":"https:\/\/secure.gravatar.com\/avatar\/a6900e68d5d703f2d4ed65a49fc695dd026766733acceca7fc8a936c08cb0e09?s=96&d=mm&r=g","caption":"webmaster"},"sameAs":["http:\/\/missionlocaleest.re"],"url":"https:\/\/missionlocaleest.re\/index.php\/author\/admin8117\/"}]}},"_links":{"self":[{"href":"https:\/\/missionlocaleest.re\/index.php\/wp-json\/wp\/v2\/posts\/295","targetHints":{"allow":["GET"]}}],"collection":[{"href":"https:\/\/missionlocaleest.re\/index.php\/wp-json\/wp\/v2\/posts"}],"about":[{"href":"https:\/\/missionlocaleest.re\/index.php\/wp-json\/wp\/v2\/types\/post"}],"author":[{"embeddable":true,"href":"https:\/\/missionlocaleest.re\/index.php\/wp-json\/wp\/v2\/users\/1"}],"replies":[{"embeddable":true,"href":"https:\/\/missionlocaleest.re\/index.php\/wp-json\/wp\/v2\/comments?post=295"}],"version-history":[{"count":12,"href":"https:\/\/missionlocaleest.re\/index.php\/wp-json\/wp\/v2\/posts\/295\/revisions"}],"predecessor-version":[{"id":1683,"href":"https:\/\/missionlocaleest.re\/index.php\/wp-json\/wp\/v2\/posts\/295\/revisions\/1683"}],"wp:attachment":[{"href":"https:\/\/missionlocaleest.re\/index.php\/wp-json\/wp\/v2\/media?parent=295"}],"wp:term":[{"taxonomy":"category","embeddable":true,"href":"https:\/\/missionlocaleest.re\/index.php\/wp-json\/wp\/v2\/categories?post=295"},{"taxonomy":"post_tag","embeddable":true,"href":"https:\/\/missionlocaleest.re\/index.php\/wp-json\/wp\/v2\/tags?post=295"}],"curies":[{"name":"wp","href":"https:\/\/api.w.org\/{rel}","templated":true}]}}