{"id":2869,"date":"2026-08-31T12:34:08","date_gmt":"2026-08-31T10:34:08","guid":{"rendered":"https:\/\/missionlocaleest.re\/?p=2869"},"modified":"2026-08-31T12:51:18","modified_gmt":"2026-08-31T10:51:18","slug":"la-brigade-pour-linclusion-positive-2","status":"publish","type":"post","link":"https:\/\/missionlocaleest.re\/index.php\/2026\/08\/31\/la-brigade-pour-linclusion-positive-2\/","title":{"rendered":"La Brigade pour l&rsquo;Inclusion Positive"},"content":{"rendered":"<p>[et_pb_section fb_built=\u00a0\u00bb1&Prime; _builder_version=\u00a0\u00bb4.21.0&Prime; _module_preset=\u00a0\u00bbdefault\u00a0\u00bb custom_padding=\u00a0\u00bb||0px|||\u00a0\u00bb da_disable_devices=\u00a0\u00bboff|off|off\u00a0\u00bb global_colors_info=\u00a0\u00bb{}\u00a0\u00bb da_is_popup=\u00a0\u00bboff\u00a0\u00bb da_exit_intent=\u00a0\u00bboff\u00a0\u00bb da_has_close=\u00a0\u00bbon\u00a0\u00bb da_alt_close=\u00a0\u00bboff\u00a0\u00bb da_dark_close=\u00a0\u00bboff\u00a0\u00bb da_not_modal=\u00a0\u00bbon\u00a0\u00bb da_is_singular=\u00a0\u00bboff\u00a0\u00bb da_with_loader=\u00a0\u00bboff\u00a0\u00bb da_has_shadow=\u00a0\u00bbon\u00a0\u00bb][et_pb_row _builder_version=\u00a0\u00bb4.21.0&Prime; _module_preset=\u00a0\u00bbdefault\u00a0\u00bb global_colors_info=\u00a0\u00bb{}\u00a0\u00bb][et_pb_column type=\u00a0\u00bb4_4&Prime; _builder_version=\u00a0\u00bb4.21.0&Prime; _module_preset=\u00a0\u00bbdefault\u00a0\u00bb global_colors_info=\u00a0\u00bb{}\u00a0\u00bb][et_pb_image src=\u00a0\u00bbhttps:\/\/missionlocaleest.re\/wp-content\/uploads\/2023\/07\/Logo_CoFin_UE.png\u00a0\u00bb title_text=\u00a0\u00bbLogo_CoFin_UE\u00a0\u00bb align=\u00a0\u00bbcenter\u00a0\u00bb _builder_version=\u00a0\u00bb4.27.4&Prime; _module_preset=\u00a0\u00bbdefault\u00a0\u00bb width=\u00a0\u00bb50%\u00a0\u00bb sticky_position=\u00a0\u00bbtop\u00a0\u00bb global_colors_info=\u00a0\u00bb{}\u00a0\u00bb][\/et_pb_image][\/et_pb_column][\/et_pb_row][\/et_pb_section][et_pb_section fb_built=\u00a0\u00bb1&Prime; fullwidth=\u00a0\u00bbon\u00a0\u00bb _builder_version=\u00a0\u00bb4.27.7&Prime; _module_preset=\u00a0\u00bbdefault\u00a0\u00bb da_disable_devices=\u00a0\u00bboff|off|off\u00a0\u00bb global_colors_info=\u00a0\u00bb{}\u00a0\u00bb da_is_popup=\u00a0\u00bboff\u00a0\u00bb da_exit_intent=\u00a0\u00bboff\u00a0\u00bb da_has_close=\u00a0\u00bbon\u00a0\u00bb da_alt_close=\u00a0\u00bboff\u00a0\u00bb da_dark_close=\u00a0\u00bboff\u00a0\u00bb da_not_modal=\u00a0\u00bbon\u00a0\u00bb da_is_singular=\u00a0\u00bboff\u00a0\u00bb da_with_loader=\u00a0\u00bboff\u00a0\u00bb da_has_shadow=\u00a0\u00bbon\u00a0\u00bb][et_pb_fullwidth_post_title meta=\u00a0\u00bboff\u00a0\u00bb featured_image=\u00a0\u00bboff\u00a0\u00bb _builder_version=\u00a0\u00bb4.27.7&Prime; _module_preset=\u00a0\u00bbdefault\u00a0\u00bb title_font=\u00a0\u00bb|800|||||||\u00a0\u00bb title_text_color=\u00a0\u00bb#2897D5&Prime; title_font_size=\u00a0\u00bb30px\u00a0\u00bb background_color=\u00a0\u00bbRGBA(255,255,255,0)\u00a0\u00bb background_image=\u00a0\u00bbhttps:\/\/missionlocaleest.re\/wp-content\/uploads\/2026\/08\/Illustration_AVEQ-scaled.webp\u00a0\u00bb parallax=\u00a0\u00bbon\u00a0\u00bb text_orientation=\u00a0\u00bbcenter\u00a0\u00bb global_colors_info=\u00a0\u00bb{}\u00a0\u00bb][\/et_pb_fullwidth_post_title][\/et_pb_section][et_pb_section fb_built=\u00a0\u00bb1&Prime; _builder_version=\u00a0\u00bb4.27.7&Prime; _module_preset=\u00a0\u00bbdefault\u00a0\u00bb background_color=\u00a0\u00bb#f5e8d9&Prime; custom_margin=\u00a0\u00bb4px||4px||true|false\u00a0\u00bb custom_padding=\u00a0\u00bb16px||16px||true|false\u00a0\u00bb da_disable_devices=\u00a0\u00bboff|off|off\u00a0\u00bb global_colors_info=\u00a0\u00bb{}\u00a0\u00bb da_is_popup=\u00a0\u00bboff\u00a0\u00bb da_exit_intent=\u00a0\u00bboff\u00a0\u00bb da_has_close=\u00a0\u00bbon\u00a0\u00bb da_alt_close=\u00a0\u00bboff\u00a0\u00bb da_dark_close=\u00a0\u00bboff\u00a0\u00bb da_not_modal=\u00a0\u00bbon\u00a0\u00bb da_is_singular=\u00a0\u00bboff\u00a0\u00bb da_with_loader=\u00a0\u00bboff\u00a0\u00bb da_has_shadow=\u00a0\u00bbon\u00a0\u00bb][et_pb_row _builder_version=\u00a0\u00bb4.27.7&Prime; _module_preset=\u00a0\u00bbdefault\u00a0\u00bb background_color=\u00a0\u00bb#d6d6d6&Prime; border_radii=\u00a0\u00bbon|10px|10px|10px|10px\u00a0\u00bb global_colors_info=\u00a0\u00bb{}\u00a0\u00bb][et_pb_column type=\u00a0\u00bb4_4&Prime; _builder_version=\u00a0\u00bb4.27.7&Prime; _module_preset=\u00a0\u00bbdefault\u00a0\u00bb global_colors_info=\u00a0\u00bb{}\u00a0\u00bb][et_pb_text _builder_version=\u00a0\u00bb4.27.7&Prime; _module_preset=\u00a0\u00bbdefault\u00a0\u00bb text_font=\u00a0\u00bb|800|||||||\u00a0\u00bb text_font_size=\u00a0\u00bb17px\u00a0\u00bb custom_padding=\u00a0\u00bb0px|20px|0px|20px|true|true\u00a0\u00bb global_colors_info=\u00a0\u00bb{}\u00a0\u00bb]<\/p>\n<p style=\"text-align: center;\">\u00ab\u00a0S\u2019engager pour les autres et construire son avenir.\u00a0\u00bb<\/p>\n<p>[\/et_pb_text][\/et_pb_column][\/et_pb_row][et_pb_row column_structure=\u00a0\u00bb1_3,1_3,1_3&Prime; _builder_version=\u00a0\u00bb4.27.7&Prime; _module_preset=\u00a0\u00bbdefault\u00a0\u00bb custom_margin=\u00a0\u00bb16px||16px||true|false\u00a0\u00bb custom_padding=\u00a0\u00bb||||true\u00a0\u00bb global_colors_info=\u00a0\u00bb{}\u00a0\u00bb][et_pb_column type=\u00a0\u00bb1_3&Prime; _builder_version=\u00a0\u00bb4.27.7&Prime; _module_preset=\u00a0\u00bbdefault\u00a0\u00bb transform_scale_last_edited=\u00a0\u00bboff|desktop\u00a0\u00bb transform_translate_last_edited=\u00a0\u00bboff|desktop\u00a0\u00bb transform_rotate_last_edited=\u00a0\u00bboff|desktop\u00a0\u00bb transform_skew_last_edited=\u00a0\u00bboff|desktop\u00a0\u00bb transform_origin_last_edited=\u00a0\u00bboff|desktop\u00a0\u00bb hover_enabled=\u00a0\u00bb0&Prime; global_colors_info=\u00a0\u00bb{}\u00a0\u00bb transform_translate__hover_enabled=\u00a0\u00bbon|desktop\u00a0\u00bb transform_rotate__hover_enabled=\u00a0\u00bbon|desktop\u00a0\u00bb transform_skew__hover_enabled=\u00a0\u00bbon|desktop\u00a0\u00bb transform_origin__hover_enabled=\u00a0\u00bbon|desktop\u00a0\u00bb transform_styles__hover_enabled=\u00a0\u00bbon|hover\u00a0\u00bb transform_scale__hover_enabled=\u00a0\u00bbon|hover\u00a0\u00bb transform_scale__hover=\u00a0\u00bb108%|108%\u00a0\u00bb][et_pb_image src=\u00a0\u00bbhttps:\/\/missionlocaleest.re\/wp-content\/uploads\/2026\/08\/Illustration_BIP03.webp\u00a0\u00bb title_text=\u00a0\u00bbIllustration_BIP03&Prime; align=\u00a0\u00bbcenter\u00a0\u00bb _builder_version=\u00a0\u00bb4.27.7&Prime; _module_preset=\u00a0\u00bbdefault\u00a0\u00bb transform_scale_last_edited=\u00a0\u00bboff|desktop\u00a0\u00bb transform_translate_last_edited=\u00a0\u00bboff|desktop\u00a0\u00bb transform_rotate_last_edited=\u00a0\u00bboff|desktop\u00a0\u00bb transform_skew_last_edited=\u00a0\u00bboff|desktop\u00a0\u00bb transform_origin_last_edited=\u00a0\u00bboff|desktop\u00a0\u00bb width=\u00a0\u00bb75%\u00a0\u00bb hover_enabled=\u00a0\u00bb0&Prime; global_colors_info=\u00a0\u00bb{}\u00a0\u00bb transform_translate__hover_enabled=\u00a0\u00bbon|desktop\u00a0\u00bb transform_rotate__hover_enabled=\u00a0\u00bbon|desktop\u00a0\u00bb transform_skew__hover_enabled=\u00a0\u00bbon|desktop\u00a0\u00bb transform_origin__hover_enabled=\u00a0\u00bbon|desktop\u00a0\u00bb sticky_enabled=\u00a0\u00bb0&Prime;][\/et_pb_image][\/et_pb_column][et_pb_column type=\u00a0\u00bb1_3&Prime; _builder_version=\u00a0\u00bb4.27.7&Prime; _module_preset=\u00a0\u00bbdefault\u00a0\u00bb global_colors_info=\u00a0\u00bb{}\u00a0\u00bb transform_styles__hover_enabled=\u00a0\u00bbon|hover\u00a0\u00bb transform_scale__hover_enabled=\u00a0\u00bbon|hover\u00a0\u00bb transform_translate__hover_enabled=\u00a0\u00bbon|desktop\u00a0\u00bb transform_rotate__hover_enabled=\u00a0\u00bbon|desktop\u00a0\u00bb transform_skew__hover_enabled=\u00a0\u00bbon|desktop\u00a0\u00bb transform_origin__hover_enabled=\u00a0\u00bbon|desktop\u00a0\u00bb transform_scale__hover=\u00a0\u00bb108%|108%\u00a0\u00bb][et_pb_image src=\u00a0\u00bbhttps:\/\/missionlocaleest.re\/wp-content\/uploads\/2026\/08\/Illustration_BIP04.webp\u00a0\u00bb title_text=\u00a0\u00bbIllustration_BIP04&Prime; align=\u00a0\u00bbcenter\u00a0\u00bb _builder_version=\u00a0\u00bb4.27.7&Prime; _module_preset=\u00a0\u00bbdefault\u00a0\u00bb width=\u00a0\u00bb75%\u00a0\u00bb hover_enabled=\u00a0\u00bb0&Prime; global_colors_info=\u00a0\u00bb{}\u00a0\u00bb sticky_enabled=\u00a0\u00bb0&Prime;][\/et_pb_image][\/et_pb_column][et_pb_column type=\u00a0\u00bb1_3&Prime; _builder_version=\u00a0\u00bb4.27.7&Prime; _module_preset=\u00a0\u00bbdefault\u00a0\u00bb global_colors_info=\u00a0\u00bb{}\u00a0\u00bb transform_styles__hover_enabled=\u00a0\u00bbon|hover\u00a0\u00bb transform_scale__hover_enabled=\u00a0\u00bbon|hover\u00a0\u00bb transform_translate__hover_enabled=\u00a0\u00bbon|desktop\u00a0\u00bb transform_rotate__hover_enabled=\u00a0\u00bbon|desktop\u00a0\u00bb transform_skew__hover_enabled=\u00a0\u00bbon|desktop\u00a0\u00bb transform_origin__hover_enabled=\u00a0\u00bbon|desktop\u00a0\u00bb transform_scale__hover=\u00a0\u00bb108%|108%\u00a0\u00bb][et_pb_image src=\u00a0\u00bbhttps:\/\/missionlocaleest.re\/wp-content\/uploads\/2026\/08\/Illustration_BIP05.webp\u00a0\u00bb title_text=\u00a0\u00bbIllustration_BIP05&Prime; align=\u00a0\u00bbcenter\u00a0\u00bb _builder_version=\u00a0\u00bb4.27.7&Prime; _module_preset=\u00a0\u00bbdefault\u00a0\u00bb width=\u00a0\u00bb75%\u00a0\u00bb hover_enabled=\u00a0\u00bb0&Prime; global_colors_info=\u00a0\u00bb{}\u00a0\u00bb sticky_enabled=\u00a0\u00bb0&Prime;][\/et_pb_image][\/et_pb_column][\/et_pb_row][et_pb_row _builder_version=\u00a0\u00bb4.27.7&Prime; _module_preset=\u00a0\u00bbdefault\u00a0\u00bb background_color=\u00a0\u00bb#d6d6d6&Prime; custom_margin=\u00a0\u00bb8px||8px||true|false\u00a0\u00bb border_radii=\u00a0\u00bbon|10px|10px|10px|10px\u00a0\u00bb border_width_all=\u00a0\u00bb1px\u00a0\u00bb border_color_all=\u00a0\u00bb#2897D5&Prime; global_colors_info=\u00a0\u00bb{}\u00a0\u00bb][et_pb_column type=\u00a0\u00bb4_4&Prime; _builder_version=\u00a0\u00bb4.27.7&Prime; _module_preset=\u00a0\u00bbdefault\u00a0\u00bb global_colors_info=\u00a0\u00bb{}\u00a0\u00bb][et_pb_text _builder_version=\u00a0\u00bb4.27.7&Prime; _module_preset=\u00a0\u00bbdefault\u00a0\u00bb custom_padding=\u00a0\u00bb0px|20px|0px|20px|true|true\u00a0\u00bb hover_enabled=\u00a0\u00bb0&Prime; global_colors_info=\u00a0\u00bb{}\u00a0\u00bb sticky_enabled=\u00a0\u00bb0&Prime;]<\/p>\n<p class=\"isSelectedEnd\"><span>Et si <\/span><strong><span>agir pour les autres permettait aussi d\u2019avancer dans son propre parcours ?<\/span><\/strong><\/p>\n<p class=\"isSelectedEnd\"><span>C\u2019est le principe de la <\/span><strong><span>Brigade pour l\u2019Inclusion Positive (BIP)<\/span><\/strong><span>, une action de la Mission Locale Est destin\u00e9e aux jeunes rencontrant des difficult\u00e9s d\u2019insertion sociale et professionnelle.<\/span><\/p>\n<p class=\"isSelectedEnd\"><span>La BIP associe deux dimensions compl\u00e9mentaires : la participation \u00e0 des <\/span><strong><span>actions solidaires, humanitaires, environnementales et citoyennes<\/span><\/strong><span>, et un <\/span><strong><span>accompagnement personnalis\u00e9 vers l\u2019insertion sociale et professionnelle<\/span><\/strong><span>.<\/span><\/p>\n<p><span>L\u2019objectif est de permettre aux jeunes de reprendre confiance, de d\u00e9velopper de nouvelles comp\u00e9tences et de construire progressivement leur projet d\u2019avenir.<\/span><\/p>\n<p>[\/et_pb_text][et_pb_divider color=\u00a0\u00bb#2897D5&Prime; divider_style=\u00a0\u00bbdotted\u00a0\u00bb divider_position=\u00a0\u00bbcenter\u00a0\u00bb divider_weight=\u00a0\u00bb2px\u00a0\u00bb _builder_version=\u00a0\u00bb4.27.7&Prime; _module_preset=\u00a0\u00bbdefault\u00a0\u00bb width=\u00a0\u00bb90%\u00a0\u00bb module_alignment=\u00a0\u00bbcenter\u00a0\u00bb global_colors_info=\u00a0\u00bb{}\u00a0\u00bb][\/et_pb_divider][et_pb_text _builder_version=\u00a0\u00bb4.27.7&Prime; _module_preset=\u00a0\u00bbdefault\u00a0\u00bb header_2_text_color=\u00a0\u00bb#2897D5&Prime; custom_padding=\u00a0\u00bb0px|20px|0px|20px|true|true\u00a0\u00bb hover_enabled=\u00a0\u00bb0&Prime; global_colors_info=\u00a0\u00bb{}\u00a0\u00bb sticky_enabled=\u00a0\u00bb0&Prime;]<\/p>\n<h2><span>L\u2019engagement comme support d\u2019insertion<\/span><\/h2>\n<p class=\"isSelectedEnd\"><span>Au sein de la BIP, les jeunes sont amen\u00e9\u00b7e\u00b7s \u00e0 participer \u00e0 des projets r\u00e9pondant \u00e0 un int\u00e9r\u00eat collectif.<\/span><\/p>\n<p class=\"isSelectedEnd\"><span>Il peut notamment s\u2019agir d\u2019<\/span><strong><span>aider des personnes en situation de fragilit\u00e9 ou de pr\u00e9carit\u00e9, de participer \u00e0 des actions environnementales ou encore de s\u2019investir dans diff\u00e9rentes initiatives citoyennes et solidaires<\/span><\/strong><span>.<\/span><\/p>\n<p class=\"isSelectedEnd\"><span>Ces actions ne constituent pas uniquement une mani\u00e8re d\u2019\u00eatre utile aux autres. Elles deviennent \u00e9galement un v\u00e9ritable <\/span><strong><span>terrain d\u2019apprentissage<\/span><\/strong><span>.<\/span><\/p>\n<p><span>Chaque exp\u00e9rience permet au jeune de d\u00e9couvrir ses capacit\u00e9s, de prendre des responsabilit\u00e9s et de d\u00e9velopper des savoir-\u00eatre recherch\u00e9s dans le monde professionnel.<\/span><\/p>\n<p>[\/et_pb_text][et_pb_divider color=\u00a0\u00bb#2897D5&Prime; divider_style=\u00a0\u00bbdotted\u00a0\u00bb divider_position=\u00a0\u00bbcenter\u00a0\u00bb divider_weight=\u00a0\u00bb2px\u00a0\u00bb _builder_version=\u00a0\u00bb4.27.7&Prime; _module_preset=\u00a0\u00bbdefault\u00a0\u00bb width=\u00a0\u00bb90%\u00a0\u00bb module_alignment=\u00a0\u00bbcenter\u00a0\u00bb global_colors_info=\u00a0\u00bb{}\u00a0\u00bb][\/et_pb_divider][et_pb_text _builder_version=\u00a0\u00bb4.27.7&Prime; _module_preset=\u00a0\u00bbdefault\u00a0\u00bb header_2_text_color=\u00a0\u00bb#2897D5&Prime; custom_padding=\u00a0\u00bb0px|20px|0px|20px|true|true\u00a0\u00bb hover_enabled=\u00a0\u00bb0&Prime; global_colors_info=\u00a0\u00bb{}\u00a0\u00bb sticky_enabled=\u00a0\u00bb0&Prime;]<\/p>\n<h2><span>D\u00e9velopper des comp\u00e9tences autrement<\/span><\/h2>\n<p class=\"isSelectedEnd\"><span>Participer \u00e0 une action collective implique de s\u2019organiser, respecter des consignes, communiquer, coop\u00e9rer et parfois s\u2019adapter \u00e0 des situations nouvelles.<\/span><\/p>\n<p class=\"isSelectedEnd\"><span>La BIP permet ainsi de travailler de nombreuses <\/span><strong><span>comp\u00e9tences transversales et comportementales<\/span><\/strong><span> : \u00e9coute, communication, empathie, confiance en soi, travail en \u00e9quipe, gestion du temps et du stress, curiosit\u00e9, autonomie ou encore prise d\u2019initiative.<\/span><\/p>\n<p class=\"isSelectedEnd\"><span>L\u2019accompagnement permet ensuite d\u2019aider le jeune \u00e0 <\/span><strong><span>identifier et valoriser ces comp\u00e9tences<\/span><\/strong><span>, notamment dans la construction de son projet professionnel et lors de futures candidatures.<\/span><\/p>\n<p><span>Une exp\u00e9rience solidaire peut ainsi devenir une exp\u00e9rience \u00e0 part enti\u00e8re dans un parcours vers l\u2019emploi.<\/span><\/p>\n<p>[\/et_pb_text][et_pb_divider color=\u00a0\u00bb#2897D5&Prime; divider_style=\u00a0\u00bbdotted\u00a0\u00bb divider_position=\u00a0\u00bbcenter\u00a0\u00bb divider_weight=\u00a0\u00bb2px\u00a0\u00bb _builder_version=\u00a0\u00bb4.27.7&Prime; _module_preset=\u00a0\u00bbdefault\u00a0\u00bb width=\u00a0\u00bb90%\u00a0\u00bb module_alignment=\u00a0\u00bbcenter\u00a0\u00bb global_colors_info=\u00a0\u00bb{}\u00a0\u00bb][\/et_pb_divider][et_pb_text _builder_version=\u00a0\u00bb4.27.7&Prime; _module_preset=\u00a0\u00bbdefault\u00a0\u00bb header_2_text_color=\u00a0\u00bb#2897D5&Prime; custom_padding=\u00a0\u00bb0px|20px|0px|20px|true|true\u00a0\u00bb hover_enabled=\u00a0\u00bb0&Prime; global_colors_info=\u00a0\u00bb{}\u00a0\u00bb sticky_enabled=\u00a0\u00bb0&Prime;]<\/p>\n<h2><span>Un accompagnement personnalis\u00e9<\/span><\/h2>\n<p class=\"isSelectedEnd\"><span>L\u2019engagement solidaire constitue l\u2019une des particularit\u00e9s de la BIP, mais il s\u2019accompagne d\u2019un v\u00e9ritable suivi socioprofessionnel.<\/span><\/p>\n<p class=\"isSelectedEnd\"><span>\u00c0 son entr\u00e9e dans le dispositif, le jeune s\u2019engage \u00e0 la fois dans les actions de la Brigade et dans <\/span><strong><span>son propre parcours d\u2019insertion<\/span><\/strong><span>.<\/span><\/p>\n<p class=\"isSelectedEnd\"><span>Avec son\/sa conseiller\u00b7\u00e8re, il\/elle construit un plan d\u2019action correspondant \u00e0 sa situation et \u00e0 ses objectifs.<\/span><\/p>\n<p class=\"isSelectedEnd\"><span>Plusieurs dimensions peuvent \u00eatre travaill\u00e9es : <\/span><strong><span>d\u00e9finition ou confirmation du projet professionnel, recherche d\u2019emploi, acc\u00e8s \u00e0 la formation ou \u00e0 l\u2019alternance, cr\u00e9ation d\u2019activit\u00e9, am\u00e9lioration de la situation sociale, acc\u00e8s aux droits, logement, sant\u00e9, mobilit\u00e9 ou encore d\u00e9veloppement de l\u2019autonomie et de la citoyennet\u00e9<\/span><\/strong><span>.<\/span><\/p>\n<p><span>L\u2019accompagnement est ainsi construit autour des besoins r\u00e9els de chaque jeune.<\/span><\/p>\n<p>[\/et_pb_text][et_pb_divider color=\u00a0\u00bb#2897D5&Prime; divider_style=\u00a0\u00bbdotted\u00a0\u00bb divider_position=\u00a0\u00bbcenter\u00a0\u00bb divider_weight=\u00a0\u00bb2px\u00a0\u00bb _builder_version=\u00a0\u00bb4.27.7&Prime; _module_preset=\u00a0\u00bbdefault\u00a0\u00bb width=\u00a0\u00bb90%\u00a0\u00bb module_alignment=\u00a0\u00bbcenter\u00a0\u00bb global_colors_info=\u00a0\u00bb{}\u00a0\u00bb][\/et_pb_divider][et_pb_text _builder_version=\u00a0\u00bb4.27.7&Prime; _module_preset=\u00a0\u00bbdefault\u00a0\u00bb header_2_text_color=\u00a0\u00bb#2897D5&Prime; custom_padding=\u00a0\u00bb0px|20px|0px|20px|true|true\u00a0\u00bb hover_enabled=\u00a0\u00bb0&Prime; global_colors_info=\u00a0\u00bb{}\u00a0\u00bb sticky_enabled=\u00a0\u00bb0&Prime;]<\/p>\n<h2><span>Apprendre aussi au contact de son\/sa conseiller\u00b7\u00e8re<\/span><\/h2>\n<p class=\"isSelectedEnd\"><span>L\u2019une des particularit\u00e9s de la BIP r\u00e9side dans la pr\u00e9sence des professionnel\u00b7le\u00b7s de la Mission Locale lors des actions men\u00e9es par les jeunes.<\/span><\/p>\n<p class=\"isSelectedEnd\"><span>L\u2019accompagnement se poursuit donc <\/span><strong><span>en dehors des entretiens traditionnels<\/span><\/strong><span>, au c\u0153ur m\u00eame des projets solidaires.<\/span><\/p>\n<p class=\"isSelectedEnd\"><span>Cette proximit\u00e9 permet de cr\u00e9er une relation de confiance, mais aussi d\u2019observer les comp\u00e9tences et les comportements du jeune dans des situations concr\u00e8tes : capacit\u00e9 \u00e0 travailler avec les autres, ponctualit\u00e9, autonomie, implication, prise d\u2019initiative ou encore capacit\u00e9 d\u2019adaptation.<\/span><\/p>\n<p><span>Autant d\u2019\u00e9l\u00e9ments qui peuvent ensuite \u00eatre valoris\u00e9s pour construire le parcours et faciliter la mise en relation avec un employeur ou un organisme de formation.<\/span><\/p>\n<p>[\/et_pb_text][\/et_pb_column][\/et_pb_row][et_pb_row _builder_version=\u00a0\u00bb4.27.7&Prime; _module_preset=\u00a0\u00bbdefault\u00a0\u00bb background_color=\u00a0\u00bb#d6d6d6&Prime; border_radii=\u00a0\u00bbon|10px|10px|10px|10px\u00a0\u00bb border_width_all=\u00a0\u00bb1px\u00a0\u00bb border_color_all=\u00a0\u00bb#2897D5&Prime; global_colors_info=\u00a0\u00bb{}\u00a0\u00bb][et_pb_column type=\u00a0\u00bb4_4&Prime; _builder_version=\u00a0\u00bb4.27.7&Prime; _module_preset=\u00a0\u00bbdefault\u00a0\u00bb global_colors_info=\u00a0\u00bb{}\u00a0\u00bb][et_pb_text _builder_version=\u00a0\u00bb4.27.7&Prime; _module_preset=\u00a0\u00bbdefault\u00a0\u00bb header_2_text_color=\u00a0\u00bb#2897D5&Prime; header_3_text_color=\u00a0\u00bb#2897D5&Prime; custom_padding=\u00a0\u00bb0px|20px|0px|20px|true|true\u00a0\u00bb hover_enabled=\u00a0\u00bb0&Prime; global_colors_info=\u00a0\u00bb{}\u00a0\u00bb sticky_enabled=\u00a0\u00bb0&Prime;]<\/p>\n<h3><span>Envie de rejoindre la Brigade ?<\/span><\/h3>\n<p class=\"isSelectedEnd\"><span>Vous avez entre <\/span><strong><span>16 et 25 ans<\/span><\/strong><span>, \u00eates accompagn\u00e9\u00b7e par la Mission Locale Est et souhaitez vous engager dans des projets utiles tout en avan\u00e7ant dans votre propre parcours ?<\/span><\/p>\n<p class=\"isSelectedEnd\"><strong><span>Parlez de la Brigade pour l\u2019Inclusion Positive \u00e0 votre conseiller\u00b7\u00e8re Mission Locale Est.<\/span><\/strong><\/p>\n<p><span>Il\/elle pourra v\u00e9rifier avec vous si cet accompagnement correspond \u00e0 votre situation et vous pr\u00e9senter ses modalit\u00e9s.<\/span><\/p>\n<p>[\/et_pb_text][\/et_pb_column][\/et_pb_row][\/et_pb_section][et_pb_section fb_built=\u00a0\u00bb1&Prime; _builder_version=\u00a0\u00bb4.21.0&Prime; _module_preset=\u00a0\u00bbdefault\u00a0\u00bb custom_padding=\u00a0\u00bb0px|||||\u00a0\u00bb da_disable_devices=\u00a0\u00bboff|off|off\u00a0\u00bb global_colors_info=\u00a0\u00bb{}\u00a0\u00bb da_is_popup=\u00a0\u00bboff\u00a0\u00bb da_exit_intent=\u00a0\u00bboff\u00a0\u00bb da_has_close=\u00a0\u00bbon\u00a0\u00bb da_alt_close=\u00a0\u00bboff\u00a0\u00bb da_dark_close=\u00a0\u00bboff\u00a0\u00bb da_not_modal=\u00a0\u00bbon\u00a0\u00bb da_is_singular=\u00a0\u00bboff\u00a0\u00bb da_with_loader=\u00a0\u00bboff\u00a0\u00bb da_has_shadow=\u00a0\u00bbon\u00a0\u00bb][et_pb_row _builder_version=\u00a0\u00bb4.21.0&Prime; _module_preset=\u00a0\u00bbdefault\u00a0\u00bb global_colors_info=\u00a0\u00bb{}\u00a0\u00bb][et_pb_column type=\u00a0\u00bb4_4&Prime; _builder_version=\u00a0\u00bb4.21.0&Prime; _module_preset=\u00a0\u00bbdefault\u00a0\u00bb global_colors_info=\u00a0\u00bb{}\u00a0\u00bb][et_pb_text _builder_version=\u00a0\u00bb4.27.7&Prime; _module_preset=\u00a0\u00bbdefault\u00a0\u00bb header_text_color=\u00a0\u00bb#2897D5&Prime; header_2_text_align=\u00a0\u00bbcenter\u00a0\u00bb header_2_text_color=\u00a0\u00bb#2897D5&Prime; hover_enabled=\u00a0\u00bb0&Prime; global_colors_info=\u00a0\u00bb{}\u00a0\u00bb sticky_enabled=\u00a0\u00bb0&Prime;]<\/p>\n<h2>Informations relatives au cofinancement du Programme Accompagnement des jeunes de l&rsquo;Est en difficult\u00e9 via l&rsquo;Union Europ\u00e9enne<\/h2>\n<p>[\/et_pb_text][\/et_pb_column][\/et_pb_row][et_pb_row column_structure=\u00a0\u00bb1_3,1_3,1_3&Prime; _builder_version=\u00a0\u00bb4.27.7&Prime; _module_preset=\u00a0\u00bbdefault\u00a0\u00bb background_color=\u00a0\u00bb#d6d6d6&Prime; border_radii=\u00a0\u00bbon|10px|10px|10px|10px\u00a0\u00bb border_width_all=\u00a0\u00bb1px\u00a0\u00bb border_color_all=\u00a0\u00bb#2897D5&Prime; global_colors_info=\u00a0\u00bb{}\u00a0\u00bb][et_pb_column type=\u00a0\u00bb1_3&Prime; _builder_version=\u00a0\u00bb4.27.7&Prime; _module_preset=\u00a0\u00bbdefault\u00a0\u00bb global_colors_info=\u00a0\u00bb{}\u00a0\u00bb][et_pb_icon font_icon=\u00a0\u00bb&#xe023;||divi||400&Prime; icon_width=\u00a0\u00bb50px\u00a0\u00bb _builder_version=\u00a0\u00bb4.27.7&Prime; _module_preset=\u00a0\u00bbdefault\u00a0\u00bb global_colors_info=\u00a0\u00bb{}\u00a0\u00bb][\/et_pb_icon][et_pb_text _builder_version=\u00a0\u00bb4.27.7&Prime; _module_preset=\u00a0\u00bbdefault\u00a0\u00bb header_2_text_align=\u00a0\u00bbcenter\u00a0\u00bb header_2_text_color=\u00a0\u00bb#2897D5&Prime; global_colors_info=\u00a0\u00bb{}\u00a0\u00bb]<\/p>\n<h2>PERIODE<\/h2>\n<p>[\/et_pb_text][et_pb_text _builder_version=\u00a0\u00bb4.27.7&Prime; _module_preset=\u00a0\u00bbdefault\u00a0\u00bb header_2_text_align=\u00a0\u00bbcenter\u00a0\u00bb header_2_text_color=\u00a0\u00bb#2897D5&Prime; header_3_text_align=\u00a0\u00bbcenter\u00a0\u00bb header_3_text_color=\u00a0\u00bb#2897D5&Prime; custom_padding=\u00a0\u00bb0px|20px|0px|20px|true|true\u00a0\u00bb global_colors_info=\u00a0\u00bb{}\u00a0\u00bb]<\/p>\n<h3>01\/2026 &#8211; 12\/2027<\/h3>\n<p>[\/et_pb_text][\/et_pb_column][et_pb_column type=\u00a0\u00bb1_3&Prime; _builder_version=\u00a0\u00bb4.27.7&Prime; _module_preset=\u00a0\u00bbdefault\u00a0\u00bb global_colors_info=\u00a0\u00bb{}\u00a0\u00bb][et_pb_icon font_icon=\u00a0\u00bb&#xe0d8;||divi||400&Prime; icon_width=\u00a0\u00bb50px\u00a0\u00bb _builder_version=\u00a0\u00bb4.27.7&Prime; _module_preset=\u00a0\u00bbdefault\u00a0\u00bb global_colors_info=\u00a0\u00bb{}\u00a0\u00bb][\/et_pb_icon][et_pb_text _builder_version=\u00a0\u00bb4.27.7&Prime; _module_preset=\u00a0\u00bbdefault\u00a0\u00bb header_2_text_align=\u00a0\u00bbcenter\u00a0\u00bb header_2_text_color=\u00a0\u00bb#2897D5&Prime; global_colors_info=\u00a0\u00bb{}\u00a0\u00bb]<\/p>\n<h2>BUDGET TOTAL<\/h2>\n<p>[\/et_pb_text][et_pb_text _builder_version=\u00a0\u00bb4.27.7&Prime; _module_preset=\u00a0\u00bbdefault\u00a0\u00bb header_2_text_align=\u00a0\u00bbcenter\u00a0\u00bb header_2_text_color=\u00a0\u00bb#2897D5&Prime; header_3_text_align=\u00a0\u00bbcenter\u00a0\u00bb header_3_text_color=\u00a0\u00bb#2897D5&Prime; custom_padding=\u00a0\u00bb0px|20px|0px|20px|true|true\u00a0\u00bb hover_enabled=\u00a0\u00bb0&Prime; global_colors_info=\u00a0\u00bb{}\u00a0\u00bb sticky_enabled=\u00a0\u00bb0&Prime;]<\/p>\n<h3>551 432.68\u20ac<\/h3>\n<p>[\/et_pb_text][\/et_pb_column][et_pb_column type=\u00a0\u00bb1_3&Prime; _builder_version=\u00a0\u00bb4.27.7&Prime; _module_preset=\u00a0\u00bbdefault\u00a0\u00bb global_colors_info=\u00a0\u00bb{}\u00a0\u00bb][et_pb_icon font_icon=\u00a0\u00bb&#xe05c;||fa||900&Prime; icon_width=\u00a0\u00bb50px\u00a0\u00bb _builder_version=\u00a0\u00bb4.27.7&Prime; _module_preset=\u00a0\u00bbdefault\u00a0\u00bb global_colors_info=\u00a0\u00bb{}\u00a0\u00bb][\/et_pb_icon][et_pb_text _builder_version=\u00a0\u00bb4.27.7&Prime; _module_preset=\u00a0\u00bbdefault\u00a0\u00bb header_2_text_align=\u00a0\u00bbcenter\u00a0\u00bb header_2_text_color=\u00a0\u00bb#2897D5&Prime; global_colors_info=\u00a0\u00bb{}\u00a0\u00bb]<\/p>\n<h2>FINANCEMENT UE<\/h2>\n<p>[\/et_pb_text][et_pb_text _builder_version=\u00a0\u00bb4.27.7&Prime; _module_preset=\u00a0\u00bbdefault\u00a0\u00bb header_2_text_align=\u00a0\u00bbcenter\u00a0\u00bb header_2_text_color=\u00a0\u00bb#2897D5&Prime; header_3_text_align=\u00a0\u00bbcenter\u00a0\u00bb header_3_text_color=\u00a0\u00bb#2897D5&Prime; custom_padding=\u00a0\u00bb0px|20px|0px|20px|true|true\u00a0\u00bb hover_enabled=\u00a0\u00bb0&Prime; global_colors_info=\u00a0\u00bb{}\u00a0\u00bb sticky_enabled=\u00a0\u00bb0&Prime;]<\/p>\n<h3>468 717.79\u20ac<\/h3>\n<p>[\/et_pb_text][\/et_pb_column][\/et_pb_row][et_pb_row _builder_version=\u00a0\u00bb4.27.7&Prime; _module_preset=\u00a0\u00bbdefault\u00a0\u00bb][et_pb_column _builder_version=\u00a0\u00bb4.27.7&Prime; _module_preset=\u00a0\u00bbdefault\u00a0\u00bb type=\u00a0\u00bb4_4&Prime;][et_pb_text _builder_version=\u00a0\u00bb4.27.7&Prime; _module_preset=\u00a0\u00bbdefault\u00a0\u00bb text_font=\u00a0\u00bb|800|||||||\u00a0\u00bb hover_enabled=\u00a0\u00bb0&Prime; sticky_enabled=\u00a0\u00bb0&Prime;]<\/p>\n<p style=\"text-align: center;\">La Brigade pour l\u2019Inclusion Positive est l\u2019une des actions de l\u2019op\u00e9ration \u00ab Accompagnement des jeunes de l\u2019Est en difficult\u00e9 \u00bb, qui b\u00e9n\u00e9ficie du soutien du Fonds social europ\u00e9en Plus (FSE+), dans le cadre du programme national FSE+ \u00ab Emploi \u2013 Inclusion \u2013 Jeunesse \u2013 Comp\u00e9tences \u00bb.<\/p>\n<p>[\/et_pb_text][\/et_pb_column][\/et_pb_row][\/et_pb_section]<\/p>\n","protected":false},"excerpt":{"rendered":"<p>\u00ab\u00a0S\u2019engager pour les autres et construire son avenir.\u00a0\u00bbEt si agir pour les autres permettait aussi d\u2019avancer dans son propre parcours ? C\u2019est le principe de la Brigade pour l\u2019Inclusion Positive (BIP), une action de la Mission Locale Est destin\u00e9e aux jeunes rencontrant des difficult\u00e9s d\u2019insertion sociale et professionnelle. La BIP associe deux dimensions compl\u00e9mentaires : [&hellip;]<\/p>\n","protected":false},"author":1,"featured_media":0,"comment_status":"closed","ping_status":"open","sticky":false,"template":"","format":"standard","meta":{"_et_pb_use_builder":"on","_et_pb_old_content":"","_et_gb_content_width":"2880","footnotes":""},"categories":[9],"tags":[],"class_list":["post-2869","post","type-post","status-publish","format-standard","hentry","category-dispositifs"],"yoast_head":"<!-- This site is optimized with the Yoast SEO plugin v28.4 - https:\/\/yoast.com\/product\/yoast-seo-wordpress\/ -->\n<title>La Brigade pour l&#039;Inclusion Positive - Mission Locale Est<\/title>\n<meta name=\"robots\" content=\"index, follow, max-snippet:-1, max-image-preview:large, max-video-preview:-1\" \/>\n<link rel=\"canonical\" href=\"https:\/\/missionlocaleest.re\/index.php\/2026\/08\/31\/la-brigade-pour-linclusion-positive-2\/\" \/>\n<meta property=\"og:locale\" content=\"fr_FR\" \/>\n<meta property=\"og:type\" content=\"article\" \/>\n<meta property=\"og:title\" content=\"La Brigade pour l&#039;Inclusion Positive - Mission Locale Est\" \/>\n<meta property=\"og:description\" content=\"&quot;S\u2019engager pour les autres et construire son avenir.&quot;Et si agir pour les autres permettait aussi d\u2019avancer dans son propre parcours ? C\u2019est le principe de la Brigade pour l\u2019Inclusion Positive (BIP), une action de la Mission Locale Est destin\u00e9e aux jeunes rencontrant des difficult\u00e9s d\u2019insertion sociale et professionnelle. La BIP associe deux dimensions compl\u00e9mentaires : [&hellip;]\" \/>\n<meta property=\"og:url\" content=\"https:\/\/missionlocaleest.re\/index.php\/2026\/08\/31\/la-brigade-pour-linclusion-positive-2\/\" \/>\n<meta property=\"og:site_name\" content=\"Mission Locale Est\" \/>\n<meta property=\"article:publisher\" content=\"https:\/\/www.facebook.com\/MLEstReunion\/\" \/>\n<meta property=\"article:published_time\" content=\"2026-08-31T10:34:08+00:00\" \/>\n<meta property=\"article:modified_time\" content=\"2026-08-31T10:51:18+00:00\" \/>\n<meta name=\"author\" content=\"webmaster\" \/>\n<meta name=\"twitter:card\" content=\"summary_large_image\" \/>\n<meta name=\"twitter:label1\" content=\"\u00c9crit par\" \/>\n\t<meta name=\"twitter:data1\" content=\"webmaster\" \/>\n<script type=\"application\/ld+json\" class=\"yoast-schema-graph\">{\"@context\":\"https:\\\/\\\/schema.org\",\"@graph\":[{\"@type\":\"Article\",\"@id\":\"https:\\\/\\\/missionlocaleest.re\\\/index.php\\\/2026\\\/08\\\/31\\\/la-brigade-pour-linclusion-positive-2\\\/#article\",\"isPartOf\":{\"@id\":\"https:\\\/\\\/missionlocaleest.re\\\/index.php\\\/2026\\\/08\\\/31\\\/la-brigade-pour-linclusion-positive-2\\\/\"},\"author\":{\"name\":\"webmaster\",\"@id\":\"https:\\\/\\\/missionlocaleest.re\\\/#\\\/schema\\\/person\\\/84a119f07c3d76016394dd52b2455e1c\"},\"headline\":\"La Brigade pour l&rsquo;Inclusion Positive\",\"datePublished\":\"2026-08-31T10:34:08+00:00\",\"dateModified\":\"2026-08-31T10:51:18+00:00\",\"mainEntityOfPage\":{\"@id\":\"https:\\\/\\\/missionlocaleest.re\\\/index.php\\\/2026\\\/08\\\/31\\\/la-brigade-pour-linclusion-positive-2\\\/\"},\"wordCount\":2384,\"publisher\":{\"@id\":\"https:\\\/\\\/missionlocaleest.re\\\/#organization\"},\"articleSection\":[\"Dispositifs\"],\"inLanguage\":\"fr-FR\"},{\"@type\":\"WebPage\",\"@id\":\"https:\\\/\\\/missionlocaleest.re\\\/index.php\\\/2026\\\/08\\\/31\\\/la-brigade-pour-linclusion-positive-2\\\/\",\"url\":\"https:\\\/\\\/missionlocaleest.re\\\/index.php\\\/2026\\\/08\\\/31\\\/la-brigade-pour-linclusion-positive-2\\\/\",\"name\":\"La Brigade pour l'Inclusion Positive - Mission Locale Est\",\"isPartOf\":{\"@id\":\"https:\\\/\\\/missionlocaleest.re\\\/#website\"},\"datePublished\":\"2026-08-31T10:34:08+00:00\",\"dateModified\":\"2026-08-31T10:51:18+00:00\",\"breadcrumb\":{\"@id\":\"https:\\\/\\\/missionlocaleest.re\\\/index.php\\\/2026\\\/08\\\/31\\\/la-brigade-pour-linclusion-positive-2\\\/#breadcrumb\"},\"inLanguage\":\"fr-FR\",\"potentialAction\":[{\"@type\":\"ReadAction\",\"target\":[\"https:\\\/\\\/missionlocaleest.re\\\/index.php\\\/2026\\\/08\\\/31\\\/la-brigade-pour-linclusion-positive-2\\\/\"]}]},{\"@type\":\"BreadcrumbList\",\"@id\":\"https:\\\/\\\/missionlocaleest.re\\\/index.php\\\/2026\\\/08\\\/31\\\/la-brigade-pour-linclusion-positive-2\\\/#breadcrumb\",\"itemListElement\":[{\"@type\":\"ListItem\",\"position\":1,\"name\":\"Accueil\",\"item\":\"https:\\\/\\\/missionlocaleest.re\\\/\"},{\"@type\":\"ListItem\",\"position\":2,\"name\":\"La Brigade pour l&rsquo;Inclusion Positive\"}]},{\"@type\":\"WebSite\",\"@id\":\"https:\\\/\\\/missionlocaleest.re\\\/#website\",\"url\":\"https:\\\/\\\/missionlocaleest.re\\\/\",\"name\":\"Mission Locale Est\",\"description\":\"Pour l&#039;insertion sociale et professionnelle de l&#039;ensemble des jeunes du territoire Est !\",\"publisher\":{\"@id\":\"https:\\\/\\\/missionlocaleest.re\\\/#organization\"},\"potentialAction\":[{\"@type\":\"SearchAction\",\"target\":{\"@type\":\"EntryPoint\",\"urlTemplate\":\"https:\\\/\\\/missionlocaleest.re\\\/?s={search_term_string}\"},\"query-input\":{\"@type\":\"PropertyValueSpecification\",\"valueRequired\":true,\"valueName\":\"search_term_string\"}}],\"inLanguage\":\"fr-FR\"},{\"@type\":\"Organization\",\"@id\":\"https:\\\/\\\/missionlocaleest.re\\\/#organization\",\"name\":\"Mission Locale Est\",\"url\":\"https:\\\/\\\/missionlocaleest.re\\\/\",\"logo\":{\"@type\":\"ImageObject\",\"inLanguage\":\"fr-FR\",\"@id\":\"https:\\\/\\\/missionlocaleest.re\\\/#\\\/schema\\\/logo\\\/image\\\/\",\"url\":\"https:\\\/\\\/missionlocaleest.re\\\/wp-content\\\/uploads\\\/2024\\\/05\\\/Logo_MLE_CMJN_Transparent.png\",\"contentUrl\":\"https:\\\/\\\/missionlocaleest.re\\\/wp-content\\\/uploads\\\/2024\\\/05\\\/Logo_MLE_CMJN_Transparent.png\",\"width\":347,\"height\":412,\"caption\":\"Mission Locale Est\"},\"image\":{\"@id\":\"https:\\\/\\\/missionlocaleest.re\\\/#\\\/schema\\\/logo\\\/image\\\/\"},\"sameAs\":[\"https:\\\/\\\/www.facebook.com\\\/MLEstReunion\\\/\",\"https:\\\/\\\/www.instagram.com\\\/missionlocaleest\"]},{\"@type\":\"Person\",\"@id\":\"https:\\\/\\\/missionlocaleest.re\\\/#\\\/schema\\\/person\\\/84a119f07c3d76016394dd52b2455e1c\",\"name\":\"webmaster\",\"image\":{\"@type\":\"ImageObject\",\"inLanguage\":\"fr-FR\",\"@id\":\"https:\\\/\\\/secure.gravatar.com\\\/avatar\\\/a6900e68d5d703f2d4ed65a49fc695dd026766733acceca7fc8a936c08cb0e09?s=96&d=mm&r=g\",\"url\":\"https:\\\/\\\/secure.gravatar.com\\\/avatar\\\/a6900e68d5d703f2d4ed65a49fc695dd026766733acceca7fc8a936c08cb0e09?s=96&d=mm&r=g\",\"contentUrl\":\"https:\\\/\\\/secure.gravatar.com\\\/avatar\\\/a6900e68d5d703f2d4ed65a49fc695dd026766733acceca7fc8a936c08cb0e09?s=96&d=mm&r=g\",\"caption\":\"webmaster\"},\"sameAs\":[\"http:\\\/\\\/missionlocaleest.re\"],\"url\":\"https:\\\/\\\/missionlocaleest.re\\\/index.php\\\/author\\\/admin8117\\\/\"}]}<\/script>\n<!-- \/ Yoast SEO plugin. -->","yoast_head_json":{"title":"La Brigade pour l'Inclusion Positive - Mission Locale Est","robots":{"index":"index","follow":"follow","max-snippet":"max-snippet:-1","max-image-preview":"max-image-preview:large","max-video-preview":"max-video-preview:-1"},"canonical":"https:\/\/missionlocaleest.re\/index.php\/2026\/08\/31\/la-brigade-pour-linclusion-positive-2\/","og_locale":"fr_FR","og_type":"article","og_title":"La Brigade pour l'Inclusion Positive - Mission Locale Est","og_description":"\"S\u2019engager pour les autres et construire son avenir.\"Et si agir pour les autres permettait aussi d\u2019avancer dans son propre parcours ? C\u2019est le principe de la Brigade pour l\u2019Inclusion Positive (BIP), une action de la Mission Locale Est destin\u00e9e aux jeunes rencontrant des difficult\u00e9s d\u2019insertion sociale et professionnelle. La BIP associe deux dimensions compl\u00e9mentaires : [&hellip;]","og_url":"https:\/\/missionlocaleest.re\/index.php\/2026\/08\/31\/la-brigade-pour-linclusion-positive-2\/","og_site_name":"Mission Locale Est","article_publisher":"https:\/\/www.facebook.com\/MLEstReunion\/","article_published_time":"2026-08-31T10:34:08+00:00","article_modified_time":"2026-08-31T10:51:18+00:00","author":"webmaster","twitter_card":"summary_large_image","twitter_misc":{"\u00c9crit par":"webmaster"},"schema":{"@context":"https:\/\/schema.org","@graph":[{"@type":"Article","@id":"https:\/\/missionlocaleest.re\/index.php\/2026\/08\/31\/la-brigade-pour-linclusion-positive-2\/#article","isPartOf":{"@id":"https:\/\/missionlocaleest.re\/index.php\/2026\/08\/31\/la-brigade-pour-linclusion-positive-2\/"},"author":{"name":"webmaster","@id":"https:\/\/missionlocaleest.re\/#\/schema\/person\/84a119f07c3d76016394dd52b2455e1c"},"headline":"La Brigade pour l&rsquo;Inclusion Positive","datePublished":"2026-08-31T10:34:08+00:00","dateModified":"2026-08-31T10:51:18+00:00","mainEntityOfPage":{"@id":"https:\/\/missionlocaleest.re\/index.php\/2026\/08\/31\/la-brigade-pour-linclusion-positive-2\/"},"wordCount":2384,"publisher":{"@id":"https:\/\/missionlocaleest.re\/#organization"},"articleSection":["Dispositifs"],"inLanguage":"fr-FR"},{"@type":"WebPage","@id":"https:\/\/missionlocaleest.re\/index.php\/2026\/08\/31\/la-brigade-pour-linclusion-positive-2\/","url":"https:\/\/missionlocaleest.re\/index.php\/2026\/08\/31\/la-brigade-pour-linclusion-positive-2\/","name":"La Brigade pour l'Inclusion Positive - Mission Locale Est","isPartOf":{"@id":"https:\/\/missionlocaleest.re\/#website"},"datePublished":"2026-08-31T10:34:08+00:00","dateModified":"2026-08-31T10:51:18+00:00","breadcrumb":{"@id":"https:\/\/missionlocaleest.re\/index.php\/2026\/08\/31\/la-brigade-pour-linclusion-positive-2\/#breadcrumb"},"inLanguage":"fr-FR","potentialAction":[{"@type":"ReadAction","target":["https:\/\/missionlocaleest.re\/index.php\/2026\/08\/31\/la-brigade-pour-linclusion-positive-2\/"]}]},{"@type":"BreadcrumbList","@id":"https:\/\/missionlocaleest.re\/index.php\/2026\/08\/31\/la-brigade-pour-linclusion-positive-2\/#breadcrumb","itemListElement":[{"@type":"ListItem","position":1,"name":"Accueil","item":"https:\/\/missionlocaleest.re\/"},{"@type":"ListItem","position":2,"name":"La Brigade pour l&rsquo;Inclusion Positive"}]},{"@type":"WebSite","@id":"https:\/\/missionlocaleest.re\/#website","url":"https:\/\/missionlocaleest.re\/","name":"Mission Locale Est","description":"Pour l&#039;insertion sociale et professionnelle de l&#039;ensemble des jeunes du territoire Est !","publisher":{"@id":"https:\/\/missionlocaleest.re\/#organization"},"potentialAction":[{"@type":"SearchAction","target":{"@type":"EntryPoint","urlTemplate":"https:\/\/missionlocaleest.re\/?s={search_term_string}"},"query-input":{"@type":"PropertyValueSpecification","valueRequired":true,"valueName":"search_term_string"}}],"inLanguage":"fr-FR"},{"@type":"Organization","@id":"https:\/\/missionlocaleest.re\/#organization","name":"Mission Locale Est","url":"https:\/\/missionlocaleest.re\/","logo":{"@type":"ImageObject","inLanguage":"fr-FR","@id":"https:\/\/missionlocaleest.re\/#\/schema\/logo\/image\/","url":"https:\/\/missionlocaleest.re\/wp-content\/uploads\/2024\/05\/Logo_MLE_CMJN_Transparent.png","contentUrl":"https:\/\/missionlocaleest.re\/wp-content\/uploads\/2024\/05\/Logo_MLE_CMJN_Transparent.png","width":347,"height":412,"caption":"Mission Locale Est"},"image":{"@id":"https:\/\/missionlocaleest.re\/#\/schema\/logo\/image\/"},"sameAs":["https:\/\/www.facebook.com\/MLEstReunion\/","https:\/\/www.instagram.com\/missionlocaleest"]},{"@type":"Person","@id":"https:\/\/missionlocaleest.re\/#\/schema\/person\/84a119f07c3d76016394dd52b2455e1c","name":"webmaster","image":{"@type":"ImageObject","inLanguage":"fr-FR","@id":"https:\/\/secure.gravatar.com\/avatar\/a6900e68d5d703f2d4ed65a49fc695dd026766733acceca7fc8a936c08cb0e09?s=96&d=mm&r=g","url":"https:\/\/secure.gravatar.com\/avatar\/a6900e68d5d703f2d4ed65a49fc695dd026766733acceca7fc8a936c08cb0e09?s=96&d=mm&r=g","contentUrl":"https:\/\/secure.gravatar.com\/avatar\/a6900e68d5d703f2d4ed65a49fc695dd026766733acceca7fc8a936c08cb0e09?s=96&d=mm&r=g","caption":"webmaster"},"sameAs":["http:\/\/missionlocaleest.re"],"url":"https:\/\/missionlocaleest.re\/index.php\/author\/admin8117\/"}]}},"_links":{"self":[{"href":"https:\/\/missionlocaleest.re\/index.php\/wp-json\/wp\/v2\/posts\/2869","targetHints":{"allow":["GET"]}}],"collection":[{"href":"https:\/\/missionlocaleest.re\/index.php\/wp-json\/wp\/v2\/posts"}],"about":[{"href":"https:\/\/missionlocaleest.re\/index.php\/wp-json\/wp\/v2\/types\/post"}],"author":[{"embeddable":true,"href":"https:\/\/missionlocaleest.re\/index.php\/wp-json\/wp\/v2\/users\/1"}],"replies":[{"embeddable":true,"href":"https:\/\/missionlocaleest.re\/index.php\/wp-json\/wp\/v2\/comments?post=2869"}],"version-history":[{"count":7,"href":"https:\/\/missionlocaleest.re\/index.php\/wp-json\/wp\/v2\/posts\/2869\/revisions"}],"predecessor-version":[{"id":2885,"href":"https:\/\/missionlocaleest.re\/index.php\/wp-json\/wp\/v2\/posts\/2869\/revisions\/2885"}],"wp:attachment":[{"href":"https:\/\/missionlocaleest.re\/index.php\/wp-json\/wp\/v2\/media?parent=2869"}],"wp:term":[{"taxonomy":"category","embeddable":true,"href":"https:\/\/missionlocaleest.re\/index.php\/wp-json\/wp\/v2\/categories?post=2869"},{"taxonomy":"post_tag","embeddable":true,"href":"https:\/\/missionlocaleest.re\/index.php\/wp-json\/wp\/v2\/tags?post=2869"}],"curies":[{"name":"wp","href":"https:\/\/api.w.org\/{rel}","templated":true}]}}