{"id":2851,"date":"2026-08-31T06:31:35","date_gmt":"2026-08-31T04:31:35","guid":{"rendered":"https:\/\/missionlocaleest.re\/?p=2851"},"modified":"2026-08-31T06:31:36","modified_gmt":"2026-08-31T04:31:36","slug":"accompagnement-des-jeunes-de-lest-en-difficulte","status":"publish","type":"post","link":"https:\/\/missionlocaleest.re\/index.php\/2026\/08\/31\/accompagnement-des-jeunes-de-lest-en-difficulte\/","title":{"rendered":"Accompagnement des jeunes de l&rsquo;Est en difficult\u00e9"},"content":{"rendered":"<p>[et_pb_section fb_built=\u00a0\u00bb1&Prime; _builder_version=\u00a0\u00bb4.21.0&Prime; _module_preset=\u00a0\u00bbdefault\u00a0\u00bb custom_padding=\u00a0\u00bb||0px|||\u00a0\u00bb da_disable_devices=\u00a0\u00bboff|off|off\u00a0\u00bb global_colors_info=\u00a0\u00bb{}\u00a0\u00bb da_is_popup=\u00a0\u00bboff\u00a0\u00bb da_exit_intent=\u00a0\u00bboff\u00a0\u00bb da_has_close=\u00a0\u00bbon\u00a0\u00bb da_alt_close=\u00a0\u00bboff\u00a0\u00bb da_dark_close=\u00a0\u00bboff\u00a0\u00bb da_not_modal=\u00a0\u00bbon\u00a0\u00bb da_is_singular=\u00a0\u00bboff\u00a0\u00bb da_with_loader=\u00a0\u00bboff\u00a0\u00bb da_has_shadow=\u00a0\u00bbon\u00a0\u00bb][et_pb_row _builder_version=\u00a0\u00bb4.21.0&Prime; _module_preset=\u00a0\u00bbdefault\u00a0\u00bb global_colors_info=\u00a0\u00bb{}\u00a0\u00bb][et_pb_column type=\u00a0\u00bb4_4&Prime; _builder_version=\u00a0\u00bb4.21.0&Prime; _module_preset=\u00a0\u00bbdefault\u00a0\u00bb global_colors_info=\u00a0\u00bb{}\u00a0\u00bb][et_pb_image src=\u00a0\u00bbhttps:\/\/missionlocaleest.re\/wp-content\/uploads\/2023\/07\/Logo_CoFin_UE.png\u00a0\u00bb title_text=\u00a0\u00bbLogo_CoFin_UE\u00a0\u00bb align=\u00a0\u00bbcenter\u00a0\u00bb _builder_version=\u00a0\u00bb4.27.4&Prime; _module_preset=\u00a0\u00bbdefault\u00a0\u00bb width=\u00a0\u00bb50%\u00a0\u00bb sticky_position=\u00a0\u00bbtop\u00a0\u00bb global_colors_info=\u00a0\u00bb{}\u00a0\u00bb][\/et_pb_image][\/et_pb_column][\/et_pb_row][\/et_pb_section][et_pb_section fb_built=\u00a0\u00bb1&Prime; fullwidth=\u00a0\u00bbon\u00a0\u00bb _builder_version=\u00a0\u00bb4.27.7&Prime; _module_preset=\u00a0\u00bbdefault\u00a0\u00bb da_disable_devices=\u00a0\u00bboff|off|off\u00a0\u00bb global_colors_info=\u00a0\u00bb{}\u00a0\u00bb da_is_popup=\u00a0\u00bboff\u00a0\u00bb da_exit_intent=\u00a0\u00bboff\u00a0\u00bb da_has_close=\u00a0\u00bbon\u00a0\u00bb da_alt_close=\u00a0\u00bboff\u00a0\u00bb da_dark_close=\u00a0\u00bboff\u00a0\u00bb da_not_modal=\u00a0\u00bbon\u00a0\u00bb da_is_singular=\u00a0\u00bboff\u00a0\u00bb da_with_loader=\u00a0\u00bboff\u00a0\u00bb da_has_shadow=\u00a0\u00bbon\u00a0\u00bb][et_pb_fullwidth_post_title meta=\u00a0\u00bboff\u00a0\u00bb featured_image=\u00a0\u00bboff\u00a0\u00bb _builder_version=\u00a0\u00bb4.27.7&Prime; _module_preset=\u00a0\u00bbdefault\u00a0\u00bb title_font=\u00a0\u00bb|800|||||||\u00a0\u00bb title_text_color=\u00a0\u00bb#2897D5&Prime; title_font_size=\u00a0\u00bb30px\u00a0\u00bb background_color=\u00a0\u00bbRGBA(255,255,255,0)\u00a0\u00bb background_image=\u00a0\u00bbhttps:\/\/missionlocaleest.re\/wp-content\/uploads\/2026\/08\/Illustration_AVEQ-scaled.webp\u00a0\u00bb parallax=\u00a0\u00bbon\u00a0\u00bb text_orientation=\u00a0\u00bbcenter\u00a0\u00bb global_colors_info=\u00a0\u00bb{}\u00a0\u00bb][\/et_pb_fullwidth_post_title][\/et_pb_section][et_pb_section fb_built=\u00a0\u00bb1&Prime; _builder_version=\u00a0\u00bb4.27.7&Prime; _module_preset=\u00a0\u00bbdefault\u00a0\u00bb background_color=\u00a0\u00bb#d8f0ff\u00a0\u00bb custom_margin=\u00a0\u00bb4px||4px||true|false\u00a0\u00bb custom_padding=\u00a0\u00bb16px||16px||true|false\u00a0\u00bb da_disable_devices=\u00a0\u00bboff|off|off\u00a0\u00bb global_colors_info=\u00a0\u00bb{}\u00a0\u00bb da_is_popup=\u00a0\u00bboff\u00a0\u00bb da_exit_intent=\u00a0\u00bboff\u00a0\u00bb da_has_close=\u00a0\u00bbon\u00a0\u00bb da_alt_close=\u00a0\u00bboff\u00a0\u00bb da_dark_close=\u00a0\u00bboff\u00a0\u00bb da_not_modal=\u00a0\u00bbon\u00a0\u00bb da_is_singular=\u00a0\u00bboff\u00a0\u00bb da_with_loader=\u00a0\u00bboff\u00a0\u00bb da_has_shadow=\u00a0\u00bbon\u00a0\u00bb][et_pb_row _builder_version=\u00a0\u00bb4.27.7&Prime; _module_preset=\u00a0\u00bbdefault\u00a0\u00bb background_color=\u00a0\u00bbRGBA(255,255,255,0)\u00a0\u00bb border_radii=\u00a0\u00bbon|10px|10px|10px|10px\u00a0\u00bb global_colors_info=\u00a0\u00bb{}\u00a0\u00bb][et_pb_column type=\u00a0\u00bb4_4&Prime; _builder_version=\u00a0\u00bb4.27.7&Prime; _module_preset=\u00a0\u00bbdefault\u00a0\u00bb global_colors_info=\u00a0\u00bb{}\u00a0\u00bb][et_pb_text _builder_version=\u00a0\u00bb4.27.7&Prime; _module_preset=\u00a0\u00bbdefault\u00a0\u00bb custom_padding=\u00a0\u00bb0px|20px|0px|20px|true|true\u00a0\u00bb global_colors_info=\u00a0\u00bb{}\u00a0\u00bb]<\/p>\n<h3 style=\"text-align: center;\">Des solution pour reprendre confiance et avancer<\/h3>\n<p>[\/et_pb_text][\/et_pb_column][\/et_pb_row][et_pb_row _builder_version=\u00a0\u00bb4.27.7&Prime; _module_preset=\u00a0\u00bbdefault\u00a0\u00bb background_color=\u00a0\u00bb#d6d6d6&Prime; custom_margin=\u00a0\u00bb8px||8px||true|false\u00a0\u00bb border_radii=\u00a0\u00bbon|10px|10px|10px|10px\u00a0\u00bb border_width_all=\u00a0\u00bb1px\u00a0\u00bb border_color_all=\u00a0\u00bb#2897D5&Prime; global_colors_info=\u00a0\u00bb{}\u00a0\u00bb][et_pb_column type=\u00a0\u00bb4_4&Prime; _builder_version=\u00a0\u00bb4.27.7&Prime; _module_preset=\u00a0\u00bbdefault\u00a0\u00bb global_colors_info=\u00a0\u00bb{}\u00a0\u00bb][et_pb_text _builder_version=\u00a0\u00bb4.27.7&Prime; _module_preset=\u00a0\u00bbdefault\u00a0\u00bb custom_padding=\u00a0\u00bb0px|20px|0px|20px|true|true\u00a0\u00bb global_colors_info=\u00a0\u00bb{}\u00a0\u00bb]<\/p>\n<p class=\"isSelectedEnd\"><span>Trouver sa place dans la soci\u00e9t\u00e9, construire un projet professionnel ou simplement renouer avec une dynamique positive peut \u00eatre particuli\u00e8rement difficile lorsque les difficult\u00e9s sociales, personnelles ou professionnelles s\u2019accumulent.<\/span><\/p>\n<p class=\"isSelectedEnd\"><span>Avec le dispositif <\/span><strong><span>\u00ab Accompagnement des jeunes de l\u2019Est en difficult\u00e9 \u00bb<\/span><\/strong><span>, la Mission Locale Est propose une r\u00e9ponse adapt\u00e9e aux jeunes les plus \u00e9loign\u00e9\u00b7e\u00b7s de l\u2019emploi et confront\u00e9\u00b7e\u00b7s \u00e0 des situations de pr\u00e9carit\u00e9 ou \u00e0 des difficult\u00e9s qui freinent leur insertion.<\/span><\/p>\n<p class=\"isSelectedEnd\"><span>D\u00e9ploy\u00e9 sur le territoire Est de La R\u00e9union, le dispositif associe <\/span><strong><span>accompagnement social et professionnel, mise en activit\u00e9, engagement citoyen et travail sur les freins \u00e0 l\u2019insertion<\/span><\/strong><span>.<\/span><\/p>\n<p><span>Pour r\u00e9pondre \u00e0 la diversit\u00e9 des situations rencontr\u00e9es, il repose sur deux actions compl\u00e9mentaires.<\/span><\/p>\n<p>[\/et_pb_text][\/et_pb_column][\/et_pb_row][et_pb_row column_structure=\u00a0\u00bb1_2,1_2&Prime; _builder_version=\u00a0\u00bb4.27.7&Prime; _module_preset=\u00a0\u00bbdefault\u00a0\u00bb background_color=\u00a0\u00bb#d6d6d6&Prime; custom_margin=\u00a0\u00bb10px||10px||true|false\u00a0\u00bb border_radii=\u00a0\u00bbon|10px|10px|10px|10px\u00a0\u00bb border_width_all=\u00a0\u00bb1px\u00a0\u00bb border_color_all=\u00a0\u00bb#2897D5&Prime; global_colors_info=\u00a0\u00bb{}\u00a0\u00bb][et_pb_column type=\u00a0\u00bb1_2&Prime; _builder_version=\u00a0\u00bb4.27.7&Prime; _module_preset=\u00a0\u00bbdefault\u00a0\u00bb global_colors_info=\u00a0\u00bb{}\u00a0\u00bb][et_pb_text _builder_version=\u00a0\u00bb4.27.7&Prime; _module_preset=\u00a0\u00bbdefault\u00a0\u00bb header_2_text_color=\u00a0\u00bb#2897D5&Prime; custom_padding=\u00a0\u00bb0px|20px|0px|20px|true|true\u00a0\u00bb global_colors_info=\u00a0\u00bb{}\u00a0\u00bb]<\/p>\n<h2 style=\"text-align: center;\">Action 1 \u2013 La Brigade pour l\u2019Inclusion Positive (BIP)<\/h2>\n<p>[\/et_pb_text][et_pb_image src=\u00a0\u00bbhttps:\/\/missionlocaleest.re\/wp-content\/uploads\/2026\/08\/Illustration_BIP01.webp\u00a0\u00bb title_text=\u00a0\u00bbIllustration_BIP01&Prime; align=\u00a0\u00bbcenter\u00a0\u00bb _builder_version=\u00a0\u00bb4.27.7&Prime; _module_preset=\u00a0\u00bbdefault\u00a0\u00bb width=\u00a0\u00bb40%\u00a0\u00bb global_colors_info=\u00a0\u00bb{}\u00a0\u00bb][\/et_pb_image][et_pb_text _builder_version=\u00a0\u00bb4.27.7&Prime; _module_preset=\u00a0\u00bbdefault\u00a0\u00bb header_2_text_color=\u00a0\u00bb#2897D5&Prime; custom_padding=\u00a0\u00bb0px|20px|0px|20px|true|true\u00a0\u00bb global_colors_info=\u00a0\u00bb{}\u00a0\u00bb]<\/p>\n<p class=\"isSelectedEnd\"><span>Avec la <\/span><strong><span>Brigade pour l\u2019Inclusion Positive<\/span><\/strong><span>, l\u2019engagement devient un v\u00e9ritable outil d\u2019insertion.<\/span><\/p>\n<p class=\"isSelectedEnd\"><span>Les jeunes int\u00e8grent des <\/span><strong><span>actions solidaires, humanitaires, environnementales ou citoyennes<\/span><\/strong><span> permettant d&rsquo;agir concr\u00e8tement au service des autres et de leur territoire.<\/span><\/p>\n<p class=\"isSelectedEnd\"><span>Ces exp\u00e9riences constituent parall\u00e8lement des supports permettant de d\u00e9velopper et de valoriser des comp\u00e9tences utiles dans la vie professionnelle : <\/span><strong><span>travail en \u00e9quipe, communication, autonomie, \u00e9coute, confiance en soi, gestion du temps et du stress ou encore capacit\u00e9 d\u2019adaptation<\/span><\/strong><span>.<\/span><\/p>\n<p><span>Chaque jeune b\u00e9n\u00e9ficie parall\u00e8lement d\u2019un <\/span><strong><span>accompagnement personnalis\u00e9<\/span><\/strong><span> pour travailler son projet professionnel, acc\u00e9der \u00e0 l\u2019emploi ou \u00e0 la formation et lever les difficult\u00e9s pouvant freiner son parcours.<\/span><\/p>\n<p>[\/et_pb_text][et_pb_button button_text=\u00a0\u00bbD\u00e9couvrir la Brigade pour l&rsquo;Inclusion Positive\u00a0\u00bb button_alignment=\u00a0\u00bbcenter\u00a0\u00bb _builder_version=\u00a0\u00bb4.27.7&Prime; _module_preset=\u00a0\u00bbdefault\u00a0\u00bb custom_button=\u00a0\u00bbon\u00a0\u00bb button_text_color=\u00a0\u00bb#FFFFFF\u00a0\u00bb button_bg_color=\u00a0\u00bb#2897D5&Prime; button_border_radius=\u00a0\u00bb100px\u00a0\u00bb global_colors_info=\u00a0\u00bb{}\u00a0\u00bb][\/et_pb_button][\/et_pb_column][et_pb_column type=\u00a0\u00bb1_2&Prime; _builder_version=\u00a0\u00bb4.27.7&Prime; _module_preset=\u00a0\u00bbdefault\u00a0\u00bb global_colors_info=\u00a0\u00bb{}\u00a0\u00bb][et_pb_text _builder_version=\u00a0\u00bb4.27.7&Prime; _module_preset=\u00a0\u00bbdefault\u00a0\u00bb header_2_text_color=\u00a0\u00bb#2897D5&Prime; custom_padding=\u00a0\u00bb0px|20px|0px|20px|true|true\u00a0\u00bb global_colors_info=\u00a0\u00bb{}\u00a0\u00bb]<\/p>\n<h2 style=\"text-align: center;\">Action 2 \u2013 TAPAJ : Travail Alternatif Pay\u00e9 \u00c0 la Journ\u00e9e<\/h2>\n<p>[\/et_pb_text][et_pb_image src=\u00a0\u00bbhttps:\/\/missionlocaleest.re\/wp-content\/uploads\/2026\/08\/Illustration_TAPAJ01.webp\u00a0\u00bb title_text=\u00a0\u00bbIllustration_TAPAJ01&Prime; align=\u00a0\u00bbcenter\u00a0\u00bb _builder_version=\u00a0\u00bb4.27.7&Prime; _module_preset=\u00a0\u00bbdefault\u00a0\u00bb width=\u00a0\u00bb40%\u00a0\u00bb global_colors_info=\u00a0\u00bb{}\u00a0\u00bb][\/et_pb_image][et_pb_text _builder_version=\u00a0\u00bb4.27.7&Prime; _module_preset=\u00a0\u00bbdefault\u00a0\u00bb header_2_text_color=\u00a0\u00bb#2897D5&Prime; custom_padding=\u00a0\u00bb0px|20px|0px|20px|true|true\u00a0\u00bb global_colors_info=\u00a0\u00bb{}\u00a0\u00bb]<\/p>\n<p class=\"isSelectedEnd\"><span>Le programme <\/span><strong><span>TAPAJ \u2013 Travail Alternatif Pay\u00e9 \u00c0 la Journ\u00e9e<\/span><\/strong><span> s\u2019adresse \u00e0 des jeunes en grande difficult\u00e9 d\u2019insertion sociale et professionnelle, notamment confront\u00e9\u00b7e\u00b7s \u00e0 des probl\u00e9matiques li\u00e9es aux consommations de produits psychoactifs.<\/span><\/p>\n<p class=\"isSelectedEnd\"><span>Son principe repose sur une approche progressive : permettre au jeune de <\/span><strong><span>reprendre contact avec le monde professionnel gr\u00e2ce \u00e0 des activit\u00e9s accessibles, ne n\u00e9cessitant pas de qualification ou d\u2019exp\u00e9rience particuli\u00e8re<\/span><\/strong><span>, tout en b\u00e9n\u00e9ficiant d\u2019un accompagnement adapt\u00e9 \u00e0 sa situation.<\/span><\/p>\n<p><span>Les exp\u00e9riences professionnelles deviennent alors un point d\u2019appui pour retrouver progressivement des rep\u00e8res, d\u00e9velopper des comp\u00e9tences, travailler sur les probl\u00e9matiques d\u2019addiction et avancer vers davantage d\u2019autonomie sociale et professionnelle.<\/span><\/p>\n<p><span><\/span><\/p>\n<p>[\/et_pb_text][et_pb_button button_text=\u00a0\u00bbD\u00e9couvrir TAPAJ\u00a0\u00bb button_alignment=\u00a0\u00bbcenter\u00a0\u00bb _builder_version=\u00a0\u00bb4.27.7&Prime; _module_preset=\u00a0\u00bbdefault\u00a0\u00bb custom_button=\u00a0\u00bbon\u00a0\u00bb button_text_color=\u00a0\u00bb#FFFFFF\u00a0\u00bb button_bg_color=\u00a0\u00bb#2897D5&Prime; button_border_radius=\u00a0\u00bb100px\u00a0\u00bb global_colors_info=\u00a0\u00bb{}\u00a0\u00bb][\/et_pb_button][\/et_pb_column][\/et_pb_row][et_pb_row _builder_version=\u00a0\u00bb4.27.7&Prime; _module_preset=\u00a0\u00bbdefault\u00a0\u00bb background_color=\u00a0\u00bb#d6d6d6&Prime; border_radii=\u00a0\u00bbon|10px|10px|10px|10px\u00a0\u00bb border_width_all=\u00a0\u00bb1px\u00a0\u00bb border_color_all=\u00a0\u00bb#2897D5&Prime; global_colors_info=\u00a0\u00bb{}\u00a0\u00bb][et_pb_column type=\u00a0\u00bb4_4&Prime; _builder_version=\u00a0\u00bb4.27.7&Prime; _module_preset=\u00a0\u00bbdefault\u00a0\u00bb global_colors_info=\u00a0\u00bb{}\u00a0\u00bb][et_pb_text _builder_version=\u00a0\u00bb4.27.7&Prime; _module_preset=\u00a0\u00bbdefault\u00a0\u00bb header_2_text_color=\u00a0\u00bb#2897D5&Prime; header_3_text_color=\u00a0\u00bb#2897D5&Prime; custom_padding=\u00a0\u00bb0px|20px|0px|20px|true|true\u00a0\u00bb global_colors_info=\u00a0\u00bb{}\u00a0\u00bb]<\/p>\n<h2><span>Deux approches, une m\u00eame ambition<\/span><\/h2>\n<p class=\"isSelectedEnd\"><span>Si leurs modalit\u00e9s sont diff\u00e9rentes, la BIP et TAPAJ poursuivent une m\u00eame ambition : <\/span><strong><span>permettre \u00e0 des jeunes \u00e9loign\u00e9\u00b7e\u00b7s des dispositifs traditionnels ou rencontrant des difficult\u00e9s importantes de retrouver progressivement leur capacit\u00e9 \u00e0 agir sur leur parcours<\/span><\/strong><span>.<\/span><\/p>\n<p class=\"isSelectedEnd\"><span>L\u2019accompagnement propos\u00e9 ne se limite donc pas \u00e0 la recherche d\u2019un emploi. Selon la situation du jeune, diff\u00e9rents aspects peuvent \u00eatre travaill\u00e9s : projet professionnel, formation, emploi, alternance, logement, sant\u00e9, mobilit\u00e9, acc\u00e8s aux droits, autonomie ou d\u00e9veloppement personnel.<\/span><\/p>\n<p><span>Cette approche globale permet de prendre en compte la personne dans son ensemble et de construire avec elle un parcours adapt\u00e9 \u00e0 ses besoins.<\/span><\/p>\n<p>[\/et_pb_text][et_pb_divider divider_style=\u00a0\u00bbdotted\u00a0\u00bb divider_weight=\u00a0\u00bb2px\u00a0\u00bb _builder_version=\u00a0\u00bb4.27.7&Prime; _module_preset=\u00a0\u00bbdefault\u00a0\u00bb width=\u00a0\u00bb90%\u00a0\u00bb module_alignment=\u00a0\u00bbcenter\u00a0\u00bb global_colors_info=\u00a0\u00bb{}\u00a0\u00bb][\/et_pb_divider][et_pb_text _builder_version=\u00a0\u00bb4.27.7&Prime; _module_preset=\u00a0\u00bbdefault\u00a0\u00bb header_2_text_color=\u00a0\u00bb#2897D5&Prime; header_3_text_color=\u00a0\u00bb#2897D5&Prime; custom_padding=\u00a0\u00bb0px|20px|0px|20px|true|true\u00a0\u00bb hover_enabled=\u00a0\u00bb0&Prime; global_colors_info=\u00a0\u00bb{}\u00a0\u00bb sticky_enabled=\u00a0\u00bb0&Prime;]<\/p>\n<h2><span>Un dispositif d\u00e9ploy\u00e9 dans tout l\u2019Est<\/span><\/h2>\n<p class=\"isSelectedEnd\"><span>L\u2019\u00ab Accompagnement des jeunes de l\u2019Est en difficult\u00e9 \u00bb est d\u00e9ploy\u00e9 sur les six communes couvertes par la Mission Locale Est : <\/span><strong><span>Saint-Andr\u00e9, Bras-Panon, Saint-Beno\u00eet, Sainte-Rose, Salazie et La Plaine-des-Palmistes<\/span><\/strong><span>.<\/span><\/p>\n<p><span>\u00c0 travers ce dispositif, la Mission Locale Est entend favoriser <\/span><strong><span>l\u2019inclusion active, l\u2019\u00e9galit\u00e9 des chances et la participation des jeunes<\/span><\/strong><span>, y compris lorsque leur situation n\u00e9cessite de construire progressivement les conditions permettant un retour vers l\u2019emploi, la formation et l\u2019autonomie.<\/span><\/p>\n<p>[\/et_pb_text][et_pb_divider divider_style=\u00a0\u00bbdotted\u00a0\u00bb divider_weight=\u00a0\u00bb2px\u00a0\u00bb _builder_version=\u00a0\u00bb4.27.7&Prime; _module_preset=\u00a0\u00bbdefault\u00a0\u00bb width=\u00a0\u00bb90%\u00a0\u00bb module_alignment=\u00a0\u00bbcenter\u00a0\u00bb global_colors_info=\u00a0\u00bb{}\u00a0\u00bb][\/et_pb_divider][et_pb_text _builder_version=\u00a0\u00bb4.27.7&Prime; _module_preset=\u00a0\u00bbdefault\u00a0\u00bb header_2_text_color=\u00a0\u00bb#2897D5&Prime; header_3_text_color=\u00a0\u00bb#2897D5&Prime; custom_padding=\u00a0\u00bb0px|20px|0px|20px|true|true\u00a0\u00bb hover_enabled=\u00a0\u00bb0&Prime; global_colors_info=\u00a0\u00bb{}\u00a0\u00bb sticky_enabled=\u00a0\u00bb0&Prime;]<\/p>\n<h3><span>Vous souhaitez en savoir plus ?<\/span><\/h3>\n<p class=\"isSelectedEnd\"><span>Vous \u00eates accompagn\u00e9\u00b7e par la Mission Locale Est et pensez que l\u2019une de ces actions pourrait correspondre \u00e0 votre situation ?<\/span><\/p>\n<p class=\"isSelectedEnd\"><strong><span>Parlez-en \u00e0 votre conseiller\u00b7\u00e8re Mission Locale Est.<\/span><\/strong><\/p>\n<p class=\"isSelectedEnd\"><span>Il\/elle pourra \u00e9changer avec vous sur votre situation et vous orienter vers l\u2019accompagnement le plus adapt\u00e9 \u00e0 vos besoins.<\/span><\/p>\n<p>[\/et_pb_text][\/et_pb_column][\/et_pb_row][\/et_pb_section][et_pb_section fb_built=\u00a0\u00bb1&Prime; _builder_version=\u00a0\u00bb4.21.0&Prime; _module_preset=\u00a0\u00bbdefault\u00a0\u00bb custom_padding=\u00a0\u00bb0px|||||\u00a0\u00bb da_disable_devices=\u00a0\u00bboff|off|off\u00a0\u00bb global_colors_info=\u00a0\u00bb{}\u00a0\u00bb da_is_popup=\u00a0\u00bboff\u00a0\u00bb da_exit_intent=\u00a0\u00bboff\u00a0\u00bb da_has_close=\u00a0\u00bbon\u00a0\u00bb da_alt_close=\u00a0\u00bboff\u00a0\u00bb da_dark_close=\u00a0\u00bboff\u00a0\u00bb da_not_modal=\u00a0\u00bbon\u00a0\u00bb da_is_singular=\u00a0\u00bboff\u00a0\u00bb da_with_loader=\u00a0\u00bboff\u00a0\u00bb da_has_shadow=\u00a0\u00bbon\u00a0\u00bb][et_pb_row _builder_version=\u00a0\u00bb4.21.0&Prime; _module_preset=\u00a0\u00bbdefault\u00a0\u00bb global_colors_info=\u00a0\u00bb{}\u00a0\u00bb][et_pb_column type=\u00a0\u00bb4_4&Prime; _builder_version=\u00a0\u00bb4.21.0&Prime; _module_preset=\u00a0\u00bbdefault\u00a0\u00bb global_colors_info=\u00a0\u00bb{}\u00a0\u00bb][et_pb_text _builder_version=\u00a0\u00bb4.27.7&Prime; _module_preset=\u00a0\u00bbdefault\u00a0\u00bb header_text_color=\u00a0\u00bb#2897D5&Prime; header_2_text_align=\u00a0\u00bbcenter\u00a0\u00bb header_2_text_color=\u00a0\u00bb#2897D5&Prime; global_colors_info=\u00a0\u00bb{}\u00a0\u00bb]<\/p>\n<h2>Informations relatives au cofinancement du Programme Accompagnement vers l&rsquo;Emploi 2023 &#8211; 2025 via l&rsquo;Union Europ\u00e9enne<\/h2>\n<p>[\/et_pb_text][\/et_pb_column][\/et_pb_row][et_pb_row column_structure=\u00a0\u00bb1_3,1_3,1_3&Prime; _builder_version=\u00a0\u00bb4.27.7&Prime; _module_preset=\u00a0\u00bbdefault\u00a0\u00bb background_color=\u00a0\u00bb#d6d6d6&Prime; border_radii=\u00a0\u00bbon|10px|10px|10px|10px\u00a0\u00bb border_width_all=\u00a0\u00bb1px\u00a0\u00bb border_color_all=\u00a0\u00bb#2897D5&Prime; global_colors_info=\u00a0\u00bb{}\u00a0\u00bb][et_pb_column type=\u00a0\u00bb1_3&Prime; _builder_version=\u00a0\u00bb4.27.7&Prime; _module_preset=\u00a0\u00bbdefault\u00a0\u00bb global_colors_info=\u00a0\u00bb{}\u00a0\u00bb][et_pb_icon font_icon=\u00a0\u00bb&#xe023;||divi||400&Prime; icon_width=\u00a0\u00bb50px\u00a0\u00bb _builder_version=\u00a0\u00bb4.27.7&Prime; _module_preset=\u00a0\u00bbdefault\u00a0\u00bb global_colors_info=\u00a0\u00bb{}\u00a0\u00bb][\/et_pb_icon][et_pb_text _builder_version=\u00a0\u00bb4.27.7&Prime; _module_preset=\u00a0\u00bbdefault\u00a0\u00bb header_2_text_align=\u00a0\u00bbcenter\u00a0\u00bb header_2_text_color=\u00a0\u00bb#2897D5&Prime; global_colors_info=\u00a0\u00bb{}\u00a0\u00bb]<\/p>\n<h2>PERIODE<\/h2>\n<p>[\/et_pb_text][et_pb_text _builder_version=\u00a0\u00bb4.27.7&Prime; _module_preset=\u00a0\u00bbdefault\u00a0\u00bb header_2_text_align=\u00a0\u00bbcenter\u00a0\u00bb header_2_text_color=\u00a0\u00bb#2897D5&Prime; header_3_text_align=\u00a0\u00bbcenter\u00a0\u00bb header_3_text_color=\u00a0\u00bb#2897D5&Prime; custom_padding=\u00a0\u00bb0px|20px|0px|20px|true|true\u00a0\u00bb global_colors_info=\u00a0\u00bb{}\u00a0\u00bb]<\/p>\n<h3>01\/2026 &#8211; 12\/2027<\/h3>\n<p>[\/et_pb_text][\/et_pb_column][et_pb_column type=\u00a0\u00bb1_3&Prime; _builder_version=\u00a0\u00bb4.27.7&Prime; _module_preset=\u00a0\u00bbdefault\u00a0\u00bb global_colors_info=\u00a0\u00bb{}\u00a0\u00bb][et_pb_icon font_icon=\u00a0\u00bb&#xe0d8;||divi||400&Prime; icon_width=\u00a0\u00bb50px\u00a0\u00bb _builder_version=\u00a0\u00bb4.27.7&Prime; _module_preset=\u00a0\u00bbdefault\u00a0\u00bb global_colors_info=\u00a0\u00bb{}\u00a0\u00bb][\/et_pb_icon][et_pb_text _builder_version=\u00a0\u00bb4.27.7&Prime; _module_preset=\u00a0\u00bbdefault\u00a0\u00bb header_2_text_align=\u00a0\u00bbcenter\u00a0\u00bb header_2_text_color=\u00a0\u00bb#2897D5&Prime; global_colors_info=\u00a0\u00bb{}\u00a0\u00bb]<\/p>\n<h2>BUDGET TOTAL<\/h2>\n<p>[\/et_pb_text][et_pb_text _builder_version=\u00a0\u00bb4.27.7&Prime; _module_preset=\u00a0\u00bbdefault\u00a0\u00bb header_2_text_align=\u00a0\u00bbcenter\u00a0\u00bb header_2_text_color=\u00a0\u00bb#2897D5&Prime; header_3_text_align=\u00a0\u00bbcenter\u00a0\u00bb header_3_text_color=\u00a0\u00bb#2897D5&Prime; custom_padding=\u00a0\u00bb0px|20px|0px|20px|true|true\u00a0\u00bb hover_enabled=\u00a0\u00bb0&Prime; global_colors_info=\u00a0\u00bb{}\u00a0\u00bb sticky_enabled=\u00a0\u00bb0&Prime;]<\/p>\n<h3>551 432.68\u20ac<\/h3>\n<p>[\/et_pb_text][\/et_pb_column][et_pb_column type=\u00a0\u00bb1_3&Prime; _builder_version=\u00a0\u00bb4.27.7&Prime; _module_preset=\u00a0\u00bbdefault\u00a0\u00bb global_colors_info=\u00a0\u00bb{}\u00a0\u00bb][et_pb_icon font_icon=\u00a0\u00bb&#xe05c;||fa||900&Prime; icon_width=\u00a0\u00bb50px\u00a0\u00bb _builder_version=\u00a0\u00bb4.27.7&Prime; _module_preset=\u00a0\u00bbdefault\u00a0\u00bb global_colors_info=\u00a0\u00bb{}\u00a0\u00bb][\/et_pb_icon][et_pb_text _builder_version=\u00a0\u00bb4.27.7&Prime; _module_preset=\u00a0\u00bbdefault\u00a0\u00bb header_2_text_align=\u00a0\u00bbcenter\u00a0\u00bb header_2_text_color=\u00a0\u00bb#2897D5&Prime; global_colors_info=\u00a0\u00bb{}\u00a0\u00bb]<\/p>\n<h2>FINANCEMENT UE<\/h2>\n<p>[\/et_pb_text][et_pb_text _builder_version=\u00a0\u00bb4.27.7&Prime; _module_preset=\u00a0\u00bbdefault\u00a0\u00bb header_2_text_align=\u00a0\u00bbcenter\u00a0\u00bb header_2_text_color=\u00a0\u00bb#2897D5&Prime; header_3_text_align=\u00a0\u00bbcenter\u00a0\u00bb header_3_text_color=\u00a0\u00bb#2897D5&Prime; custom_padding=\u00a0\u00bb0px|20px|0px|20px|true|true\u00a0\u00bb hover_enabled=\u00a0\u00bb0&Prime; global_colors_info=\u00a0\u00bb{}\u00a0\u00bb sticky_enabled=\u00a0\u00bb0&Prime;]<\/p>\n<h3>468 717.79\u20ac<\/h3>\n<p>[\/et_pb_text][\/et_pb_column][\/et_pb_row][et_pb_row _builder_version=\u00a0\u00bb4.27.7&Prime; _module_preset=\u00a0\u00bbdefault\u00a0\u00bb][et_pb_column _builder_version=\u00a0\u00bb4.27.7&Prime; _module_preset=\u00a0\u00bbdefault\u00a0\u00bb type=\u00a0\u00bb4_4&Prime;][et_pb_text _builder_version=\u00a0\u00bb4.27.7&Prime; _module_preset=\u00a0\u00bbdefault\u00a0\u00bb hover_enabled=\u00a0\u00bb0&Prime; sticky_enabled=\u00a0\u00bb0&Prime;]<\/p>\n<p style=\"text-align: center;\"><strong><span>L\u2019op\u00e9ration \u00ab Accompagnement des jeunes de l\u2019Est en difficult\u00e9 \u00bb b\u00e9n\u00e9ficie du soutien du Fonds social europ\u00e9en Plus (FSE+), dans le cadre du programme national FSE+ \u00ab Emploi \u2013 Inclusion \u2013 Jeunesse \u2013 Comp\u00e9tences \u00bb.<\/span><\/strong><\/p>\n<p>[\/et_pb_text][\/et_pb_column][\/et_pb_row][\/et_pb_section]<\/p>\n","protected":false},"excerpt":{"rendered":"<p>Des solution pour reprendre confiance et avancerTrouver sa place dans la soci\u00e9t\u00e9, construire un projet professionnel ou simplement renouer avec une dynamique positive peut \u00eatre particuli\u00e8rement difficile lorsque les difficult\u00e9s sociales, personnelles ou professionnelles s\u2019accumulent. Avec le dispositif \u00ab Accompagnement des jeunes de l\u2019Est en difficult\u00e9 \u00bb, la Mission Locale Est propose une r\u00e9ponse adapt\u00e9e [&hellip;]<\/p>\n","protected":false},"author":1,"featured_media":0,"comment_status":"closed","ping_status":"open","sticky":false,"template":"","format":"standard","meta":{"_et_pb_use_builder":"on","_et_pb_old_content":"","_et_gb_content_width":"2880","footnotes":""},"categories":[9],"tags":[],"class_list":["post-2851","post","type-post","status-publish","format-standard","hentry","category-dispositifs"],"yoast_head":"<!-- This site is optimized with the Yoast SEO plugin v28.4 - https:\/\/yoast.com\/product\/yoast-seo-wordpress\/ -->\n<title>Accompagnement des jeunes de l&#039;Est en difficult\u00e9 - Mission Locale Est<\/title>\n<meta name=\"robots\" content=\"index, follow, max-snippet:-1, max-image-preview:large, max-video-preview:-1\" \/>\n<link rel=\"canonical\" href=\"https:\/\/missionlocaleest.re\/index.php\/2026\/08\/31\/accompagnement-des-jeunes-de-lest-en-difficulte\/\" \/>\n<meta property=\"og:locale\" content=\"fr_FR\" \/>\n<meta property=\"og:type\" content=\"article\" \/>\n<meta property=\"og:title\" content=\"Accompagnement des jeunes de l&#039;Est en difficult\u00e9 - Mission Locale Est\" \/>\n<meta property=\"og:description\" content=\"Des solution pour reprendre confiance et avancerTrouver sa place dans la soci\u00e9t\u00e9, construire un projet professionnel ou simplement renouer avec une dynamique positive peut \u00eatre particuli\u00e8rement difficile lorsque les difficult\u00e9s sociales, personnelles ou professionnelles s\u2019accumulent. Avec le dispositif \u00ab Accompagnement des jeunes de l\u2019Est en difficult\u00e9 \u00bb, la Mission Locale Est propose une r\u00e9ponse adapt\u00e9e [&hellip;]\" \/>\n<meta property=\"og:url\" content=\"https:\/\/missionlocaleest.re\/index.php\/2026\/08\/31\/accompagnement-des-jeunes-de-lest-en-difficulte\/\" \/>\n<meta property=\"og:site_name\" content=\"Mission Locale Est\" \/>\n<meta property=\"article:publisher\" content=\"https:\/\/www.facebook.com\/MLEstReunion\/\" \/>\n<meta property=\"article:published_time\" content=\"2026-08-31T04:31:35+00:00\" \/>\n<meta property=\"article:modified_time\" content=\"2026-08-31T04:31:36+00:00\" \/>\n<meta name=\"author\" content=\"webmaster\" \/>\n<meta name=\"twitter:card\" content=\"summary_large_image\" \/>\n<meta name=\"twitter:label1\" content=\"\u00c9crit par\" \/>\n\t<meta name=\"twitter:data1\" content=\"webmaster\" \/>\n<script type=\"application\/ld+json\" class=\"yoast-schema-graph\">{\"@context\":\"https:\\\/\\\/schema.org\",\"@graph\":[{\"@type\":\"Article\",\"@id\":\"https:\\\/\\\/missionlocaleest.re\\\/index.php\\\/2026\\\/08\\\/31\\\/accompagnement-des-jeunes-de-lest-en-difficulte\\\/#article\",\"isPartOf\":{\"@id\":\"https:\\\/\\\/missionlocaleest.re\\\/index.php\\\/2026\\\/08\\\/31\\\/accompagnement-des-jeunes-de-lest-en-difficulte\\\/\"},\"author\":{\"name\":\"webmaster\",\"@id\":\"https:\\\/\\\/missionlocaleest.re\\\/#\\\/schema\\\/person\\\/84a119f07c3d76016394dd52b2455e1c\"},\"headline\":\"Accompagnement des jeunes de l&rsquo;Est en difficult\u00e9\",\"datePublished\":\"2026-08-31T04:31:35+00:00\",\"dateModified\":\"2026-08-31T04:31:36+00:00\",\"mainEntityOfPage\":{\"@id\":\"https:\\\/\\\/missionlocaleest.re\\\/index.php\\\/2026\\\/08\\\/31\\\/accompagnement-des-jeunes-de-lest-en-difficulte\\\/\"},\"wordCount\":2141,\"publisher\":{\"@id\":\"https:\\\/\\\/missionlocaleest.re\\\/#organization\"},\"articleSection\":[\"Dispositifs\"],\"inLanguage\":\"fr-FR\"},{\"@type\":\"WebPage\",\"@id\":\"https:\\\/\\\/missionlocaleest.re\\\/index.php\\\/2026\\\/08\\\/31\\\/accompagnement-des-jeunes-de-lest-en-difficulte\\\/\",\"url\":\"https:\\\/\\\/missionlocaleest.re\\\/index.php\\\/2026\\\/08\\\/31\\\/accompagnement-des-jeunes-de-lest-en-difficulte\\\/\",\"name\":\"Accompagnement des jeunes de l'Est en difficult\u00e9 - Mission Locale Est\",\"isPartOf\":{\"@id\":\"https:\\\/\\\/missionlocaleest.re\\\/#website\"},\"datePublished\":\"2026-08-31T04:31:35+00:00\",\"dateModified\":\"2026-08-31T04:31:36+00:00\",\"breadcrumb\":{\"@id\":\"https:\\\/\\\/missionlocaleest.re\\\/index.php\\\/2026\\\/08\\\/31\\\/accompagnement-des-jeunes-de-lest-en-difficulte\\\/#breadcrumb\"},\"inLanguage\":\"fr-FR\",\"potentialAction\":[{\"@type\":\"ReadAction\",\"target\":[\"https:\\\/\\\/missionlocaleest.re\\\/index.php\\\/2026\\\/08\\\/31\\\/accompagnement-des-jeunes-de-lest-en-difficulte\\\/\"]}]},{\"@type\":\"BreadcrumbList\",\"@id\":\"https:\\\/\\\/missionlocaleest.re\\\/index.php\\\/2026\\\/08\\\/31\\\/accompagnement-des-jeunes-de-lest-en-difficulte\\\/#breadcrumb\",\"itemListElement\":[{\"@type\":\"ListItem\",\"position\":1,\"name\":\"Accueil\",\"item\":\"https:\\\/\\\/missionlocaleest.re\\\/\"},{\"@type\":\"ListItem\",\"position\":2,\"name\":\"Accompagnement des jeunes de l&rsquo;Est en difficult\u00e9\"}]},{\"@type\":\"WebSite\",\"@id\":\"https:\\\/\\\/missionlocaleest.re\\\/#website\",\"url\":\"https:\\\/\\\/missionlocaleest.re\\\/\",\"name\":\"Mission Locale Est\",\"description\":\"Pour l&#039;insertion sociale et professionnelle de l&#039;ensemble des jeunes du territoire Est !\",\"publisher\":{\"@id\":\"https:\\\/\\\/missionlocaleest.re\\\/#organization\"},\"potentialAction\":[{\"@type\":\"SearchAction\",\"target\":{\"@type\":\"EntryPoint\",\"urlTemplate\":\"https:\\\/\\\/missionlocaleest.re\\\/?s={search_term_string}\"},\"query-input\":{\"@type\":\"PropertyValueSpecification\",\"valueRequired\":true,\"valueName\":\"search_term_string\"}}],\"inLanguage\":\"fr-FR\"},{\"@type\":\"Organization\",\"@id\":\"https:\\\/\\\/missionlocaleest.re\\\/#organization\",\"name\":\"Mission Locale Est\",\"url\":\"https:\\\/\\\/missionlocaleest.re\\\/\",\"logo\":{\"@type\":\"ImageObject\",\"inLanguage\":\"fr-FR\",\"@id\":\"https:\\\/\\\/missionlocaleest.re\\\/#\\\/schema\\\/logo\\\/image\\\/\",\"url\":\"https:\\\/\\\/missionlocaleest.re\\\/wp-content\\\/uploads\\\/2024\\\/05\\\/Logo_MLE_CMJN_Transparent.png\",\"contentUrl\":\"https:\\\/\\\/missionlocaleest.re\\\/wp-content\\\/uploads\\\/2024\\\/05\\\/Logo_MLE_CMJN_Transparent.png\",\"width\":347,\"height\":412,\"caption\":\"Mission Locale Est\"},\"image\":{\"@id\":\"https:\\\/\\\/missionlocaleest.re\\\/#\\\/schema\\\/logo\\\/image\\\/\"},\"sameAs\":[\"https:\\\/\\\/www.facebook.com\\\/MLEstReunion\\\/\",\"https:\\\/\\\/www.instagram.com\\\/missionlocaleest\"]},{\"@type\":\"Person\",\"@id\":\"https:\\\/\\\/missionlocaleest.re\\\/#\\\/schema\\\/person\\\/84a119f07c3d76016394dd52b2455e1c\",\"name\":\"webmaster\",\"image\":{\"@type\":\"ImageObject\",\"inLanguage\":\"fr-FR\",\"@id\":\"https:\\\/\\\/secure.gravatar.com\\\/avatar\\\/a6900e68d5d703f2d4ed65a49fc695dd026766733acceca7fc8a936c08cb0e09?s=96&d=mm&r=g\",\"url\":\"https:\\\/\\\/secure.gravatar.com\\\/avatar\\\/a6900e68d5d703f2d4ed65a49fc695dd026766733acceca7fc8a936c08cb0e09?s=96&d=mm&r=g\",\"contentUrl\":\"https:\\\/\\\/secure.gravatar.com\\\/avatar\\\/a6900e68d5d703f2d4ed65a49fc695dd026766733acceca7fc8a936c08cb0e09?s=96&d=mm&r=g\",\"caption\":\"webmaster\"},\"sameAs\":[\"http:\\\/\\\/missionlocaleest.re\"],\"url\":\"https:\\\/\\\/missionlocaleest.re\\\/index.php\\\/author\\\/admin8117\\\/\"}]}<\/script>\n<!-- \/ Yoast SEO plugin. -->","yoast_head_json":{"title":"Accompagnement des jeunes de l'Est en difficult\u00e9 - Mission Locale Est","robots":{"index":"index","follow":"follow","max-snippet":"max-snippet:-1","max-image-preview":"max-image-preview:large","max-video-preview":"max-video-preview:-1"},"canonical":"https:\/\/missionlocaleest.re\/index.php\/2026\/08\/31\/accompagnement-des-jeunes-de-lest-en-difficulte\/","og_locale":"fr_FR","og_type":"article","og_title":"Accompagnement des jeunes de l'Est en difficult\u00e9 - Mission Locale Est","og_description":"Des solution pour reprendre confiance et avancerTrouver sa place dans la soci\u00e9t\u00e9, construire un projet professionnel ou simplement renouer avec une dynamique positive peut \u00eatre particuli\u00e8rement difficile lorsque les difficult\u00e9s sociales, personnelles ou professionnelles s\u2019accumulent. Avec le dispositif \u00ab Accompagnement des jeunes de l\u2019Est en difficult\u00e9 \u00bb, la Mission Locale Est propose une r\u00e9ponse adapt\u00e9e [&hellip;]","og_url":"https:\/\/missionlocaleest.re\/index.php\/2026\/08\/31\/accompagnement-des-jeunes-de-lest-en-difficulte\/","og_site_name":"Mission Locale Est","article_publisher":"https:\/\/www.facebook.com\/MLEstReunion\/","article_published_time":"2026-08-31T04:31:35+00:00","article_modified_time":"2026-08-31T04:31:36+00:00","author":"webmaster","twitter_card":"summary_large_image","twitter_misc":{"\u00c9crit par":"webmaster"},"schema":{"@context":"https:\/\/schema.org","@graph":[{"@type":"Article","@id":"https:\/\/missionlocaleest.re\/index.php\/2026\/08\/31\/accompagnement-des-jeunes-de-lest-en-difficulte\/#article","isPartOf":{"@id":"https:\/\/missionlocaleest.re\/index.php\/2026\/08\/31\/accompagnement-des-jeunes-de-lest-en-difficulte\/"},"author":{"name":"webmaster","@id":"https:\/\/missionlocaleest.re\/#\/schema\/person\/84a119f07c3d76016394dd52b2455e1c"},"headline":"Accompagnement des jeunes de l&rsquo;Est en difficult\u00e9","datePublished":"2026-08-31T04:31:35+00:00","dateModified":"2026-08-31T04:31:36+00:00","mainEntityOfPage":{"@id":"https:\/\/missionlocaleest.re\/index.php\/2026\/08\/31\/accompagnement-des-jeunes-de-lest-en-difficulte\/"},"wordCount":2141,"publisher":{"@id":"https:\/\/missionlocaleest.re\/#organization"},"articleSection":["Dispositifs"],"inLanguage":"fr-FR"},{"@type":"WebPage","@id":"https:\/\/missionlocaleest.re\/index.php\/2026\/08\/31\/accompagnement-des-jeunes-de-lest-en-difficulte\/","url":"https:\/\/missionlocaleest.re\/index.php\/2026\/08\/31\/accompagnement-des-jeunes-de-lest-en-difficulte\/","name":"Accompagnement des jeunes de l'Est en difficult\u00e9 - Mission Locale Est","isPartOf":{"@id":"https:\/\/missionlocaleest.re\/#website"},"datePublished":"2026-08-31T04:31:35+00:00","dateModified":"2026-08-31T04:31:36+00:00","breadcrumb":{"@id":"https:\/\/missionlocaleest.re\/index.php\/2026\/08\/31\/accompagnement-des-jeunes-de-lest-en-difficulte\/#breadcrumb"},"inLanguage":"fr-FR","potentialAction":[{"@type":"ReadAction","target":["https:\/\/missionlocaleest.re\/index.php\/2026\/08\/31\/accompagnement-des-jeunes-de-lest-en-difficulte\/"]}]},{"@type":"BreadcrumbList","@id":"https:\/\/missionlocaleest.re\/index.php\/2026\/08\/31\/accompagnement-des-jeunes-de-lest-en-difficulte\/#breadcrumb","itemListElement":[{"@type":"ListItem","position":1,"name":"Accueil","item":"https:\/\/missionlocaleest.re\/"},{"@type":"ListItem","position":2,"name":"Accompagnement des jeunes de l&rsquo;Est en difficult\u00e9"}]},{"@type":"WebSite","@id":"https:\/\/missionlocaleest.re\/#website","url":"https:\/\/missionlocaleest.re\/","name":"Mission Locale Est","description":"Pour l&#039;insertion sociale et professionnelle de l&#039;ensemble des jeunes du territoire Est !","publisher":{"@id":"https:\/\/missionlocaleest.re\/#organization"},"potentialAction":[{"@type":"SearchAction","target":{"@type":"EntryPoint","urlTemplate":"https:\/\/missionlocaleest.re\/?s={search_term_string}"},"query-input":{"@type":"PropertyValueSpecification","valueRequired":true,"valueName":"search_term_string"}}],"inLanguage":"fr-FR"},{"@type":"Organization","@id":"https:\/\/missionlocaleest.re\/#organization","name":"Mission Locale Est","url":"https:\/\/missionlocaleest.re\/","logo":{"@type":"ImageObject","inLanguage":"fr-FR","@id":"https:\/\/missionlocaleest.re\/#\/schema\/logo\/image\/","url":"https:\/\/missionlocaleest.re\/wp-content\/uploads\/2024\/05\/Logo_MLE_CMJN_Transparent.png","contentUrl":"https:\/\/missionlocaleest.re\/wp-content\/uploads\/2024\/05\/Logo_MLE_CMJN_Transparent.png","width":347,"height":412,"caption":"Mission Locale Est"},"image":{"@id":"https:\/\/missionlocaleest.re\/#\/schema\/logo\/image\/"},"sameAs":["https:\/\/www.facebook.com\/MLEstReunion\/","https:\/\/www.instagram.com\/missionlocaleest"]},{"@type":"Person","@id":"https:\/\/missionlocaleest.re\/#\/schema\/person\/84a119f07c3d76016394dd52b2455e1c","name":"webmaster","image":{"@type":"ImageObject","inLanguage":"fr-FR","@id":"https:\/\/secure.gravatar.com\/avatar\/a6900e68d5d703f2d4ed65a49fc695dd026766733acceca7fc8a936c08cb0e09?s=96&d=mm&r=g","url":"https:\/\/secure.gravatar.com\/avatar\/a6900e68d5d703f2d4ed65a49fc695dd026766733acceca7fc8a936c08cb0e09?s=96&d=mm&r=g","contentUrl":"https:\/\/secure.gravatar.com\/avatar\/a6900e68d5d703f2d4ed65a49fc695dd026766733acceca7fc8a936c08cb0e09?s=96&d=mm&r=g","caption":"webmaster"},"sameAs":["http:\/\/missionlocaleest.re"],"url":"https:\/\/missionlocaleest.re\/index.php\/author\/admin8117\/"}]}},"_links":{"self":[{"href":"https:\/\/missionlocaleest.re\/index.php\/wp-json\/wp\/v2\/posts\/2851","targetHints":{"allow":["GET"]}}],"collection":[{"href":"https:\/\/missionlocaleest.re\/index.php\/wp-json\/wp\/v2\/posts"}],"about":[{"href":"https:\/\/missionlocaleest.re\/index.php\/wp-json\/wp\/v2\/types\/post"}],"author":[{"embeddable":true,"href":"https:\/\/missionlocaleest.re\/index.php\/wp-json\/wp\/v2\/users\/1"}],"replies":[{"embeddable":true,"href":"https:\/\/missionlocaleest.re\/index.php\/wp-json\/wp\/v2\/comments?post=2851"}],"version-history":[{"count":5,"href":"https:\/\/missionlocaleest.re\/index.php\/wp-json\/wp\/v2\/posts\/2851\/revisions"}],"predecessor-version":[{"id":2867,"href":"https:\/\/missionlocaleest.re\/index.php\/wp-json\/wp\/v2\/posts\/2851\/revisions\/2867"}],"wp:attachment":[{"href":"https:\/\/missionlocaleest.re\/index.php\/wp-json\/wp\/v2\/media?parent=2851"}],"wp:term":[{"taxonomy":"category","embeddable":true,"href":"https:\/\/missionlocaleest.re\/index.php\/wp-json\/wp\/v2\/categories?post=2851"},{"taxonomy":"post_tag","embeddable":true,"href":"https:\/\/missionlocaleest.re\/index.php\/wp-json\/wp\/v2\/tags?post=2851"}],"curies":[{"name":"wp","href":"https:\/\/api.w.org\/{rel}","templated":true}]}}