{"id":2493,"date":"2026-04-28T06:58:33","date_gmt":"2026-04-28T04:58:33","guid":{"rendered":"https:\/\/missionlocaleest.re\/?p=2493"},"modified":"2026-04-28T06:58:33","modified_gmt":"2026-04-28T04:58:33","slug":"des-places-disponibles-pour-deux-formations-en-tourisme","status":"publish","type":"post","link":"https:\/\/missionlocaleest.re\/index.php\/2026\/04\/28\/des-places-disponibles-pour-deux-formations-en-tourisme\/","title":{"rendered":"Des places disponibles pour deux formations en tourisme"},"content":{"rendered":"<p>[et_pb_section fb_built=\u00a0\u00bb1&Prime; _builder_version=\u00a0\u00bb4.27.6&Prime; _module_preset=\u00a0\u00bbdefault\u00a0\u00bb da_disable_devices=\u00a0\u00bboff|off|off\u00a0\u00bb global_colors_info=\u00a0\u00bb{}\u00a0\u00bb da_is_popup=\u00a0\u00bboff\u00a0\u00bb da_exit_intent=\u00a0\u00bboff\u00a0\u00bb da_has_close=\u00a0\u00bbon\u00a0\u00bb da_alt_close=\u00a0\u00bboff\u00a0\u00bb da_dark_close=\u00a0\u00bboff\u00a0\u00bb da_not_modal=\u00a0\u00bbon\u00a0\u00bb da_is_singular=\u00a0\u00bboff\u00a0\u00bb da_with_loader=\u00a0\u00bboff\u00a0\u00bb da_has_shadow=\u00a0\u00bbon\u00a0\u00bb][et_pb_row _builder_version=\u00a0\u00bb4.27.6&Prime; _module_preset=\u00a0\u00bbdefault\u00a0\u00bb global_colors_info=\u00a0\u00bb{}\u00a0\u00bb][et_pb_column type=\u00a0\u00bb4_4&Prime; _builder_version=\u00a0\u00bb4.27.6&Prime; _module_preset=\u00a0\u00bbdefault\u00a0\u00bb global_colors_info=\u00a0\u00bb{}\u00a0\u00bb][et_pb_text _builder_version=\u00a0\u00bb4.27.6&Prime; _module_preset=\u00a0\u00bbdefault\u00a0\u00bb global_colors_info=\u00a0\u00bb{}\u00a0\u00bb]<\/p>\n<p data-start=\"234\" data-end=\"451\">Vous \u00eates inscrit\u00b7e \u00e0 France Travail et vous souhaitez vous orienter vers les m\u00e9tiers du tourisme ? Bonne nouvelle : <strong data-start=\"351\" data-end=\"422\">des places sont encore disponibles sur deux formations qualifiantes<\/strong> propos\u00e9es sur le territoire.<\/p>\n<p data-start=\"453\" data-end=\"537\">\ud83d\udc49 La Mission Locale Est vous accompagne pour vous positionner sur ces opportunit\u00e9s.<\/p>\n<p>[\/et_pb_text][\/et_pb_column][\/et_pb_row][et_pb_row _builder_version=\u00a0\u00bb4.27.6&Prime; _module_preset=\u00a0\u00bbdefault\u00a0\u00bb column_structure=\u00a0\u00bb1_2,1_2&Prime;][et_pb_column _builder_version=\u00a0\u00bb4.27.6&Prime; _module_preset=\u00a0\u00bbdefault\u00a0\u00bb type=\u00a0\u00bb1_2&Prime;][et_pb_text _builder_version=\u00a0\u00bb4.27.6&Prime; _module_preset=\u00a0\u00bbdefault\u00a0\u00bb hover_enabled=\u00a0\u00bb0&Prime; sticky_enabled=\u00a0\u00bb0&Prime;]<\/p>\n<h3 data-start=\"544\" data-end=\"604\" data-section-id=\"4u7jen\">\ud83c\udf93 Titre Professionnel Animateur\u00b7rice Loisirs Tourisme<\/h3>\n<p data-start=\"605\" data-end=\"691\">\ud83d\udccd DEFI Saint-Andr\u00e9<br data-start=\"624\" data-end=\"627\" \/>\ud83d\udcc5 Du 04 mai 2026 au 24 f\u00e9vrier 2027<br data-start=\"663\" data-end=\"666\" \/>\ud83d\udc49 <strong data-start=\"669\" data-end=\"691\">4 places restantes<\/strong><\/p>\n<p data-start=\"693\" data-end=\"902\">Cette formation pr\u00e9pare \u00e0 concevoir et animer des activit\u00e9s de loisirs pour diff\u00e9rents publics (familles, enfants, adultes) dans des structures touristiques : h\u00f4tels, clubs de vacances, r\u00e9sidences de tourisme\u2026<\/p>\n<p data-start=\"904\" data-end=\"954\">Les comp\u00e9tences d\u00e9velopp\u00e9es permettent notamment :<\/p>\n<ul data-start=\"955\" data-end=\"1189\">\n<li data-start=\"955\" data-end=\"1020\" data-section-id=\"1bap9q0\">d\u2019organiser des animations culturelles, sportives ou festives<\/li>\n<li data-start=\"1021\" data-end=\"1074\" data-section-id=\"4oec5p\">de cr\u00e9er des ambiances conviviales et attractives<\/li>\n<li data-start=\"1075\" data-end=\"1125\" data-section-id=\"1qtp4p6\">d\u2019adapter les activit\u00e9s aux publics accueillis<\/li>\n<li data-start=\"1126\" data-end=\"1189\" data-section-id=\"19zsxyo\">de participer \u00e0 la dynamique d\u2019un \u00e9tablissement touristique<\/li>\n<\/ul>\n<p>[\/et_pb_text][\/et_pb_column][et_pb_column _builder_version=\u00a0\u00bb4.27.6&Prime; _module_preset=\u00a0\u00bbdefault\u00a0\u00bb type=\u00a0\u00bb1_2&Prime;][et_pb_text _builder_version=\u00a0\u00bb4.27.6&Prime; _module_preset=\u00a0\u00bbdefault\u00a0\u00bb hover_enabled=\u00a0\u00bb0&Prime; sticky_enabled=\u00a0\u00bb0&Prime;]<\/p>\n<h3 data-start=\"1196\" data-end=\"1262\" data-section-id=\"1misfws\">\ud83e\udded Titre Professionnel Guide Accompagnateur\u00b7rice Touristique<\/h3>\n<p data-start=\"1263\" data-end=\"1347\">\ud83d\udccd DEFI Saint-Denis<br data-start=\"1282\" data-end=\"1285\" \/>\ud83d\udcc5 Du 15 juin 2026 au 22 mars 2027<br data-start=\"1319\" data-end=\"1322\" \/>\ud83d\udc49 <strong data-start=\"1325\" data-end=\"1347\">6 places restantes<\/strong><\/p>\n<p data-start=\"1349\" data-end=\"1467\">Cette formation permet d\u2019acqu\u00e9rir les comp\u00e9tences n\u00e9cessaires pour accompagner des groupes et valoriser un territoire.<\/p>\n<p data-start=\"1469\" data-end=\"1513\">Les participant\u00b7e\u00b7s apprennent notamment \u00e0 :<\/p>\n<ul data-start=\"1514\" data-end=\"1714\">\n<li data-start=\"1514\" data-end=\"1559\" data-section-id=\"perdt3\">concevoir et conduire des visites guid\u00e9es<\/li>\n<li data-start=\"1560\" data-end=\"1621\" data-section-id=\"1xnt7mz\">transmettre des informations culturelles et patrimoniales<\/li>\n<li data-start=\"1622\" data-end=\"1659\" data-section-id=\"1pt8l24\">g\u00e9rer un groupe en toute s\u00e9curit\u00e9<\/li>\n<li data-start=\"1660\" data-end=\"1714\" data-section-id=\"1mo4b5x\">s\u2019exprimer ais\u00e9ment, y compris en langue \u00e9trang\u00e8re<\/li>\n<\/ul>\n<p>[\/et_pb_text][\/et_pb_column][\/et_pb_row][et_pb_row _builder_version=\u00a0\u00bb4.27.6&Prime; _module_preset=\u00a0\u00bbdefault\u00a0\u00bb][et_pb_column _builder_version=\u00a0\u00bb4.27.6&Prime; _module_preset=\u00a0\u00bbdefault\u00a0\u00bb type=\u00a0\u00bb4_4&Prime;][et_pb_text _builder_version=\u00a0\u00bb4.27.6&Prime; _module_preset=\u00a0\u00bbdefault\u00a0\u00bb hover_enabled=\u00a0\u00bb0&Prime; sticky_enabled=\u00a0\u00bb0&Prime;]<\/p>\n<h3 data-start=\"1721\" data-end=\"1748\" data-section-id=\"x2k3qq\">\ud83c\udfaf Conditions d\u2019acc\u00e8s<\/h3>\n<p data-start=\"1749\" data-end=\"1796\">Pour int\u00e9grer ces formations, vous devez \u00eatre :<\/p>\n<ul data-start=\"1797\" data-end=\"1901\">\n<li data-start=\"1797\" data-end=\"1831\" data-section-id=\"eyasmi\">inscrit\u00b7e \u00e0 <strong data-start=\"1811\" data-end=\"1829\">France Travail<\/strong><\/li>\n<li data-start=\"1832\" data-end=\"1901\" data-section-id=\"104cn3s\">motiv\u00e9\u00b7e par les m\u00e9tiers du tourisme et du contact avec le public<\/li>\n<\/ul>\n<p>[\/et_pb_text][et_pb_text _builder_version=\u00a0\u00bb4.27.6&Prime; _module_preset=\u00a0\u00bbdefault\u00a0\u00bb hover_enabled=\u00a0\u00bb0&Prime; sticky_enabled=\u00a0\u00bb0&Prime;]<\/p>\n<h3 data-start=\"1908\" data-end=\"1941\" data-section-id=\"11kiwc6\">\ud83d\udcde Comment vous positionner ?<\/h3>\n<p data-start=\"1942\" data-end=\"2070\">Si vous \u00eates int\u00e9ress\u00e9\u00b7e par l\u2019une de ces formations, <strong data-start=\"1996\" data-end=\"2069\">rapprochez-vous rapidement de votre conseiller\u00b7\u00e8re Mission Locale Est<\/strong>.<\/p>\n<p data-start=\"2072\" data-end=\"2104\">\ud83d\udc49 Votre conseiller\u00b7\u00e8re pourra :<\/p>\n<ul data-start=\"2105\" data-end=\"2234\">\n<li data-start=\"2105\" data-end=\"2135\" data-section-id=\"1prwpcv\">v\u00e9rifier votre \u00e9ligibilit\u00e9<\/li>\n<li data-start=\"2136\" data-end=\"2182\" data-section-id=\"1y5sheh\">vous accompagner dans votre positionnement<\/li>\n<li data-start=\"2183\" data-end=\"2234\" data-section-id=\"ujtkco\">vous aider \u00e0 pr\u00e9parer votre entr\u00e9e en formation<\/li>\n<\/ul>\n<p>[\/et_pb_text][\/et_pb_column][\/et_pb_row][\/et_pb_section]<\/p>\n","protected":false},"excerpt":{"rendered":"<p>Vous \u00eates inscrit\u00b7e \u00e0 France Travail et vous souhaitez vous orienter vers les m\u00e9tiers du tourisme ? Bonne nouvelle : des places sont encore disponibles sur deux formations qualifiantes propos\u00e9es sur le territoire. \ud83d\udc49 La Mission Locale Est vous accompagne pour vous positionner sur ces opportunit\u00e9s.\ud83c\udf93 Titre Professionnel Animateur\u00b7rice Loisirs Tourisme \ud83d\udccd DEFI Saint-Andr\u00e9\ud83d\udcc5 Du [&hellip;]<\/p>\n","protected":false},"author":1,"featured_media":2249,"comment_status":"closed","ping_status":"open","sticky":false,"template":"","format":"standard","meta":{"_et_pb_use_builder":"on","_et_pb_old_content":"","_et_gb_content_width":"1080","footnotes":""},"categories":[59,69],"tags":[],"class_list":["post-2493","post","type-post","status-publish","format-standard","has-post-thumbnail","hentry","category-actus","category-formations"],"yoast_head":"<!-- This site is optimized with the Yoast SEO plugin v27.2 - https:\/\/yoast.com\/product\/yoast-seo-wordpress\/ -->\n<title>Des places disponibles pour deux formations en tourisme - Mission Locale Est<\/title>\n<meta name=\"robots\" content=\"index, follow, max-snippet:-1, max-image-preview:large, max-video-preview:-1\" \/>\n<link rel=\"canonical\" href=\"https:\/\/missionlocaleest.re\/index.php\/2026\/04\/28\/des-places-disponibles-pour-deux-formations-en-tourisme\/\" \/>\n<meta property=\"og:locale\" content=\"fr_FR\" \/>\n<meta property=\"og:type\" content=\"article\" \/>\n<meta property=\"og:title\" content=\"Des places disponibles pour deux formations en tourisme - Mission Locale Est\" \/>\n<meta property=\"og:description\" content=\"Vous \u00eates inscrit\u00b7e \u00e0 France Travail et vous souhaitez vous orienter vers les m\u00e9tiers du tourisme ? Bonne nouvelle : des places sont encore disponibles sur deux formations qualifiantes propos\u00e9es sur le territoire. \ud83d\udc49 La Mission Locale Est vous accompagne pour vous positionner sur ces opportunit\u00e9s.\ud83c\udf93 Titre Professionnel Animateur\u00b7rice Loisirs Tourisme \ud83d\udccd DEFI Saint-Andr\u00e9\ud83d\udcc5 Du [&hellip;]\" \/>\n<meta property=\"og:url\" content=\"https:\/\/missionlocaleest.re\/index.php\/2026\/04\/28\/des-places-disponibles-pour-deux-formations-en-tourisme\/\" \/>\n<meta property=\"og:site_name\" content=\"Mission Locale Est\" \/>\n<meta property=\"article:publisher\" content=\"https:\/\/www.facebook.com\/MLEstReunion\/\" \/>\n<meta property=\"article:published_time\" content=\"2026-04-28T04:58:33+00:00\" \/>\n<meta property=\"og:image\" content=\"https:\/\/missionlocaleest.re\/wp-content\/uploads\/2026\/02\/Illustration_Offre_Formation.webp\" \/>\n\t<meta property=\"og:image:width\" content=\"1000\" \/>\n\t<meta property=\"og:image:height\" content=\"1000\" \/>\n\t<meta property=\"og:image:type\" content=\"image\/webp\" \/>\n<meta name=\"author\" content=\"webmaster\" \/>\n<meta name=\"twitter:card\" content=\"summary_large_image\" \/>\n<meta name=\"twitter:label1\" content=\"\u00c9crit par\" \/>\n\t<meta name=\"twitter:data1\" content=\"webmaster\" \/>\n\t<meta name=\"twitter:label2\" content=\"Dur\u00e9e de lecture estim\u00e9e\" \/>\n\t<meta name=\"twitter:data2\" content=\"1 minute\" \/>\n<script type=\"application\/ld+json\" class=\"yoast-schema-graph\">{\"@context\":\"https:\/\/schema.org\",\"@graph\":[{\"@type\":\"Article\",\"@id\":\"https:\/\/missionlocaleest.re\/index.php\/2026\/04\/28\/des-places-disponibles-pour-deux-formations-en-tourisme\/#article\",\"isPartOf\":{\"@id\":\"https:\/\/missionlocaleest.re\/index.php\/2026\/04\/28\/des-places-disponibles-pour-deux-formations-en-tourisme\/\"},\"author\":{\"name\":\"webmaster\",\"@id\":\"https:\/\/missionlocaleest.re\/#\/schema\/person\/84a119f07c3d76016394dd52b2455e1c\"},\"headline\":\"Des places disponibles pour deux formations en tourisme\",\"datePublished\":\"2026-04-28T04:58:33+00:00\",\"mainEntityOfPage\":{\"@id\":\"https:\/\/missionlocaleest.re\/index.php\/2026\/04\/28\/des-places-disponibles-pour-deux-formations-en-tourisme\/\"},\"wordCount\":508,\"publisher\":{\"@id\":\"https:\/\/missionlocaleest.re\/#organization\"},\"image\":{\"@id\":\"https:\/\/missionlocaleest.re\/index.php\/2026\/04\/28\/des-places-disponibles-pour-deux-formations-en-tourisme\/#primaryimage\"},\"thumbnailUrl\":\"https:\/\/missionlocaleest.re\/wp-content\/uploads\/2026\/02\/Illustration_Offre_Formation.webp\",\"articleSection\":[\"Actus\",\"Formations\"],\"inLanguage\":\"fr-FR\"},{\"@type\":\"WebPage\",\"@id\":\"https:\/\/missionlocaleest.re\/index.php\/2026\/04\/28\/des-places-disponibles-pour-deux-formations-en-tourisme\/\",\"url\":\"https:\/\/missionlocaleest.re\/index.php\/2026\/04\/28\/des-places-disponibles-pour-deux-formations-en-tourisme\/\",\"name\":\"Des places disponibles pour deux formations en tourisme - Mission Locale Est\",\"isPartOf\":{\"@id\":\"https:\/\/missionlocaleest.re\/#website\"},\"primaryImageOfPage\":{\"@id\":\"https:\/\/missionlocaleest.re\/index.php\/2026\/04\/28\/des-places-disponibles-pour-deux-formations-en-tourisme\/#primaryimage\"},\"image\":{\"@id\":\"https:\/\/missionlocaleest.re\/index.php\/2026\/04\/28\/des-places-disponibles-pour-deux-formations-en-tourisme\/#primaryimage\"},\"thumbnailUrl\":\"https:\/\/missionlocaleest.re\/wp-content\/uploads\/2026\/02\/Illustration_Offre_Formation.webp\",\"datePublished\":\"2026-04-28T04:58:33+00:00\",\"breadcrumb\":{\"@id\":\"https:\/\/missionlocaleest.re\/index.php\/2026\/04\/28\/des-places-disponibles-pour-deux-formations-en-tourisme\/#breadcrumb\"},\"inLanguage\":\"fr-FR\",\"potentialAction\":[{\"@type\":\"ReadAction\",\"target\":[\"https:\/\/missionlocaleest.re\/index.php\/2026\/04\/28\/des-places-disponibles-pour-deux-formations-en-tourisme\/\"]}]},{\"@type\":\"ImageObject\",\"inLanguage\":\"fr-FR\",\"@id\":\"https:\/\/missionlocaleest.re\/index.php\/2026\/04\/28\/des-places-disponibles-pour-deux-formations-en-tourisme\/#primaryimage\",\"url\":\"https:\/\/missionlocaleest.re\/wp-content\/uploads\/2026\/02\/Illustration_Offre_Formation.webp\",\"contentUrl\":\"https:\/\/missionlocaleest.re\/wp-content\/uploads\/2026\/02\/Illustration_Offre_Formation.webp\",\"width\":1000,\"height\":1000},{\"@type\":\"BreadcrumbList\",\"@id\":\"https:\/\/missionlocaleest.re\/index.php\/2026\/04\/28\/des-places-disponibles-pour-deux-formations-en-tourisme\/#breadcrumb\",\"itemListElement\":[{\"@type\":\"ListItem\",\"position\":1,\"name\":\"Accueil\",\"item\":\"https:\/\/missionlocaleest.re\/\"},{\"@type\":\"ListItem\",\"position\":2,\"name\":\"Des places disponibles pour deux formations en tourisme\"}]},{\"@type\":\"WebSite\",\"@id\":\"https:\/\/missionlocaleest.re\/#website\",\"url\":\"https:\/\/missionlocaleest.re\/\",\"name\":\"Mission Locale Est\",\"description\":\"Pour l&#039;insertion sociale et professionnelle de l&#039;ensemble des jeunes du territoire Est !\",\"publisher\":{\"@id\":\"https:\/\/missionlocaleest.re\/#organization\"},\"potentialAction\":[{\"@type\":\"SearchAction\",\"target\":{\"@type\":\"EntryPoint\",\"urlTemplate\":\"https:\/\/missionlocaleest.re\/?s={search_term_string}\"},\"query-input\":{\"@type\":\"PropertyValueSpecification\",\"valueRequired\":true,\"valueName\":\"search_term_string\"}}],\"inLanguage\":\"fr-FR\"},{\"@type\":\"Organization\",\"@id\":\"https:\/\/missionlocaleest.re\/#organization\",\"name\":\"Mission Locale Est\",\"url\":\"https:\/\/missionlocaleest.re\/\",\"logo\":{\"@type\":\"ImageObject\",\"inLanguage\":\"fr-FR\",\"@id\":\"https:\/\/missionlocaleest.re\/#\/schema\/logo\/image\/\",\"url\":\"https:\/\/missionlocaleest.re\/wp-content\/uploads\/2024\/05\/Logo_MLE_CMJN_Transparent.png\",\"contentUrl\":\"https:\/\/missionlocaleest.re\/wp-content\/uploads\/2024\/05\/Logo_MLE_CMJN_Transparent.png\",\"width\":347,\"height\":412,\"caption\":\"Mission Locale Est\"},\"image\":{\"@id\":\"https:\/\/missionlocaleest.re\/#\/schema\/logo\/image\/\"},\"sameAs\":[\"https:\/\/www.facebook.com\/MLEstReunion\/\",\"https:\/\/www.instagram.com\/missionlocaleest\"]},{\"@type\":\"Person\",\"@id\":\"https:\/\/missionlocaleest.re\/#\/schema\/person\/84a119f07c3d76016394dd52b2455e1c\",\"name\":\"webmaster\",\"image\":{\"@type\":\"ImageObject\",\"inLanguage\":\"fr-FR\",\"@id\":\"https:\/\/secure.gravatar.com\/avatar\/a6900e68d5d703f2d4ed65a49fc695dd026766733acceca7fc8a936c08cb0e09?s=96&d=mm&r=g\",\"url\":\"https:\/\/secure.gravatar.com\/avatar\/a6900e68d5d703f2d4ed65a49fc695dd026766733acceca7fc8a936c08cb0e09?s=96&d=mm&r=g\",\"contentUrl\":\"https:\/\/secure.gravatar.com\/avatar\/a6900e68d5d703f2d4ed65a49fc695dd026766733acceca7fc8a936c08cb0e09?s=96&d=mm&r=g\",\"caption\":\"webmaster\"},\"sameAs\":[\"http:\/\/missionlocaleest.re\"],\"url\":\"https:\/\/missionlocaleest.re\/index.php\/author\/admin8117\/\"}]}<\/script>\n<!-- \/ Yoast SEO plugin. -->","yoast_head_json":{"title":"Des places disponibles pour deux formations en tourisme - Mission Locale Est","robots":{"index":"index","follow":"follow","max-snippet":"max-snippet:-1","max-image-preview":"max-image-preview:large","max-video-preview":"max-video-preview:-1"},"canonical":"https:\/\/missionlocaleest.re\/index.php\/2026\/04\/28\/des-places-disponibles-pour-deux-formations-en-tourisme\/","og_locale":"fr_FR","og_type":"article","og_title":"Des places disponibles pour deux formations en tourisme - Mission Locale Est","og_description":"Vous \u00eates inscrit\u00b7e \u00e0 France Travail et vous souhaitez vous orienter vers les m\u00e9tiers du tourisme ? Bonne nouvelle : des places sont encore disponibles sur deux formations qualifiantes propos\u00e9es sur le territoire. \ud83d\udc49 La Mission Locale Est vous accompagne pour vous positionner sur ces opportunit\u00e9s.\ud83c\udf93 Titre Professionnel Animateur\u00b7rice Loisirs Tourisme \ud83d\udccd DEFI Saint-Andr\u00e9\ud83d\udcc5 Du [&hellip;]","og_url":"https:\/\/missionlocaleest.re\/index.php\/2026\/04\/28\/des-places-disponibles-pour-deux-formations-en-tourisme\/","og_site_name":"Mission Locale Est","article_publisher":"https:\/\/www.facebook.com\/MLEstReunion\/","article_published_time":"2026-04-28T04:58:33+00:00","og_image":[{"width":1000,"height":1000,"url":"https:\/\/missionlocaleest.re\/wp-content\/uploads\/2026\/02\/Illustration_Offre_Formation.webp","type":"image\/webp"}],"author":"webmaster","twitter_card":"summary_large_image","twitter_misc":{"\u00c9crit par":"webmaster","Dur\u00e9e de lecture estim\u00e9e":"1 minute"},"schema":{"@context":"https:\/\/schema.org","@graph":[{"@type":"Article","@id":"https:\/\/missionlocaleest.re\/index.php\/2026\/04\/28\/des-places-disponibles-pour-deux-formations-en-tourisme\/#article","isPartOf":{"@id":"https:\/\/missionlocaleest.re\/index.php\/2026\/04\/28\/des-places-disponibles-pour-deux-formations-en-tourisme\/"},"author":{"name":"webmaster","@id":"https:\/\/missionlocaleest.re\/#\/schema\/person\/84a119f07c3d76016394dd52b2455e1c"},"headline":"Des places disponibles pour deux formations en tourisme","datePublished":"2026-04-28T04:58:33+00:00","mainEntityOfPage":{"@id":"https:\/\/missionlocaleest.re\/index.php\/2026\/04\/28\/des-places-disponibles-pour-deux-formations-en-tourisme\/"},"wordCount":508,"publisher":{"@id":"https:\/\/missionlocaleest.re\/#organization"},"image":{"@id":"https:\/\/missionlocaleest.re\/index.php\/2026\/04\/28\/des-places-disponibles-pour-deux-formations-en-tourisme\/#primaryimage"},"thumbnailUrl":"https:\/\/missionlocaleest.re\/wp-content\/uploads\/2026\/02\/Illustration_Offre_Formation.webp","articleSection":["Actus","Formations"],"inLanguage":"fr-FR"},{"@type":"WebPage","@id":"https:\/\/missionlocaleest.re\/index.php\/2026\/04\/28\/des-places-disponibles-pour-deux-formations-en-tourisme\/","url":"https:\/\/missionlocaleest.re\/index.php\/2026\/04\/28\/des-places-disponibles-pour-deux-formations-en-tourisme\/","name":"Des places disponibles pour deux formations en tourisme - Mission Locale Est","isPartOf":{"@id":"https:\/\/missionlocaleest.re\/#website"},"primaryImageOfPage":{"@id":"https:\/\/missionlocaleest.re\/index.php\/2026\/04\/28\/des-places-disponibles-pour-deux-formations-en-tourisme\/#primaryimage"},"image":{"@id":"https:\/\/missionlocaleest.re\/index.php\/2026\/04\/28\/des-places-disponibles-pour-deux-formations-en-tourisme\/#primaryimage"},"thumbnailUrl":"https:\/\/missionlocaleest.re\/wp-content\/uploads\/2026\/02\/Illustration_Offre_Formation.webp","datePublished":"2026-04-28T04:58:33+00:00","breadcrumb":{"@id":"https:\/\/missionlocaleest.re\/index.php\/2026\/04\/28\/des-places-disponibles-pour-deux-formations-en-tourisme\/#breadcrumb"},"inLanguage":"fr-FR","potentialAction":[{"@type":"ReadAction","target":["https:\/\/missionlocaleest.re\/index.php\/2026\/04\/28\/des-places-disponibles-pour-deux-formations-en-tourisme\/"]}]},{"@type":"ImageObject","inLanguage":"fr-FR","@id":"https:\/\/missionlocaleest.re\/index.php\/2026\/04\/28\/des-places-disponibles-pour-deux-formations-en-tourisme\/#primaryimage","url":"https:\/\/missionlocaleest.re\/wp-content\/uploads\/2026\/02\/Illustration_Offre_Formation.webp","contentUrl":"https:\/\/missionlocaleest.re\/wp-content\/uploads\/2026\/02\/Illustration_Offre_Formation.webp","width":1000,"height":1000},{"@type":"BreadcrumbList","@id":"https:\/\/missionlocaleest.re\/index.php\/2026\/04\/28\/des-places-disponibles-pour-deux-formations-en-tourisme\/#breadcrumb","itemListElement":[{"@type":"ListItem","position":1,"name":"Accueil","item":"https:\/\/missionlocaleest.re\/"},{"@type":"ListItem","position":2,"name":"Des places disponibles pour deux formations en tourisme"}]},{"@type":"WebSite","@id":"https:\/\/missionlocaleest.re\/#website","url":"https:\/\/missionlocaleest.re\/","name":"Mission Locale Est","description":"Pour l&#039;insertion sociale et professionnelle de l&#039;ensemble des jeunes du territoire Est !","publisher":{"@id":"https:\/\/missionlocaleest.re\/#organization"},"potentialAction":[{"@type":"SearchAction","target":{"@type":"EntryPoint","urlTemplate":"https:\/\/missionlocaleest.re\/?s={search_term_string}"},"query-input":{"@type":"PropertyValueSpecification","valueRequired":true,"valueName":"search_term_string"}}],"inLanguage":"fr-FR"},{"@type":"Organization","@id":"https:\/\/missionlocaleest.re\/#organization","name":"Mission Locale Est","url":"https:\/\/missionlocaleest.re\/","logo":{"@type":"ImageObject","inLanguage":"fr-FR","@id":"https:\/\/missionlocaleest.re\/#\/schema\/logo\/image\/","url":"https:\/\/missionlocaleest.re\/wp-content\/uploads\/2024\/05\/Logo_MLE_CMJN_Transparent.png","contentUrl":"https:\/\/missionlocaleest.re\/wp-content\/uploads\/2024\/05\/Logo_MLE_CMJN_Transparent.png","width":347,"height":412,"caption":"Mission Locale Est"},"image":{"@id":"https:\/\/missionlocaleest.re\/#\/schema\/logo\/image\/"},"sameAs":["https:\/\/www.facebook.com\/MLEstReunion\/","https:\/\/www.instagram.com\/missionlocaleest"]},{"@type":"Person","@id":"https:\/\/missionlocaleest.re\/#\/schema\/person\/84a119f07c3d76016394dd52b2455e1c","name":"webmaster","image":{"@type":"ImageObject","inLanguage":"fr-FR","@id":"https:\/\/secure.gravatar.com\/avatar\/a6900e68d5d703f2d4ed65a49fc695dd026766733acceca7fc8a936c08cb0e09?s=96&d=mm&r=g","url":"https:\/\/secure.gravatar.com\/avatar\/a6900e68d5d703f2d4ed65a49fc695dd026766733acceca7fc8a936c08cb0e09?s=96&d=mm&r=g","contentUrl":"https:\/\/secure.gravatar.com\/avatar\/a6900e68d5d703f2d4ed65a49fc695dd026766733acceca7fc8a936c08cb0e09?s=96&d=mm&r=g","caption":"webmaster"},"sameAs":["http:\/\/missionlocaleest.re"],"url":"https:\/\/missionlocaleest.re\/index.php\/author\/admin8117\/"}]}},"_links":{"self":[{"href":"https:\/\/missionlocaleest.re\/index.php\/wp-json\/wp\/v2\/posts\/2493","targetHints":{"allow":["GET"]}}],"collection":[{"href":"https:\/\/missionlocaleest.re\/index.php\/wp-json\/wp\/v2\/posts"}],"about":[{"href":"https:\/\/missionlocaleest.re\/index.php\/wp-json\/wp\/v2\/types\/post"}],"author":[{"embeddable":true,"href":"https:\/\/missionlocaleest.re\/index.php\/wp-json\/wp\/v2\/users\/1"}],"replies":[{"embeddable":true,"href":"https:\/\/missionlocaleest.re\/index.php\/wp-json\/wp\/v2\/comments?post=2493"}],"version-history":[{"count":4,"href":"https:\/\/missionlocaleest.re\/index.php\/wp-json\/wp\/v2\/posts\/2493\/revisions"}],"predecessor-version":[{"id":2499,"href":"https:\/\/missionlocaleest.re\/index.php\/wp-json\/wp\/v2\/posts\/2493\/revisions\/2499"}],"wp:featuredmedia":[{"embeddable":true,"href":"https:\/\/missionlocaleest.re\/index.php\/wp-json\/wp\/v2\/media\/2249"}],"wp:attachment":[{"href":"https:\/\/missionlocaleest.re\/index.php\/wp-json\/wp\/v2\/media?parent=2493"}],"wp:term":[{"taxonomy":"category","embeddable":true,"href":"https:\/\/missionlocaleest.re\/index.php\/wp-json\/wp\/v2\/categories?post=2493"},{"taxonomy":"post_tag","embeddable":true,"href":"https:\/\/missionlocaleest.re\/index.php\/wp-json\/wp\/v2\/tags?post=2493"}],"curies":[{"name":"wp","href":"https:\/\/api.w.org\/{rel}","templated":true}]}}