{"id":2484,"date":"2026-04-28T06:30:19","date_gmt":"2026-04-28T04:30:19","guid":{"rendered":"https:\/\/missionlocaleest.re\/?p=2484"},"modified":"2026-04-28T06:42:15","modified_gmt":"2026-04-28T04:42:15","slug":"nous-recrutons-4-conseilleres-en-insertion-professionnelle-en-cdd","status":"publish","type":"post","link":"https:\/\/missionlocaleest.re\/index.php\/2026\/04\/28\/nous-recrutons-4-conseilleres-en-insertion-professionnelle-en-cdd\/","title":{"rendered":"Nous recrutons 4 conseiller(e)s en insertion professionnelle en CDD"},"content":{"rendered":"<p>[et_pb_section fb_built=\u00a0\u00bb1&Prime; _builder_version=\u00a0\u00bb4.27.6&Prime; _module_preset=\u00a0\u00bbdefault\u00a0\u00bb da_disable_devices=\u00a0\u00bboff|off|off\u00a0\u00bb global_colors_info=\u00a0\u00bb{}\u00a0\u00bb da_is_popup=\u00a0\u00bboff\u00a0\u00bb da_exit_intent=\u00a0\u00bboff\u00a0\u00bb da_has_close=\u00a0\u00bbon\u00a0\u00bb da_alt_close=\u00a0\u00bboff\u00a0\u00bb da_dark_close=\u00a0\u00bboff\u00a0\u00bb da_not_modal=\u00a0\u00bbon\u00a0\u00bb da_is_singular=\u00a0\u00bboff\u00a0\u00bb da_with_loader=\u00a0\u00bboff\u00a0\u00bb da_has_shadow=\u00a0\u00bbon\u00a0\u00bb][et_pb_row _builder_version=\u00a0\u00bb4.27.6&Prime; _module_preset=\u00a0\u00bbdefault\u00a0\u00bb global_colors_info=\u00a0\u00bb{}\u00a0\u00bb][et_pb_column type=\u00a0\u00bb4_4&Prime; _builder_version=\u00a0\u00bb4.27.6&Prime; _module_preset=\u00a0\u00bbdefault\u00a0\u00bb global_colors_info=\u00a0\u00bb{}\u00a0\u00bb][et_pb_text _builder_version=\u00a0\u00bb4.27.6&Prime; _module_preset=\u00a0\u00bbdefault\u00a0\u00bb global_colors_info=\u00a0\u00bb{}\u00a0\u00bb]<\/p>\n<p data-start=\"263\" data-end=\"437\">Nous lan\u00e7ons une campagne de recrutement pour renforcer notre \u00e9quipe et accompagner toujours plus efficacement les jeunes vers l\u2019emploi et l\u2019insertion sociale.<\/p>\n<p data-start=\"439\" data-end=\"653\">\ud83d\udc49 <strong data-start=\"442\" data-end=\"521\">4 postes de conseiller\u00b7\u00e8re\u00b7s en insertion sociale et professionnelle (CISP)<\/strong> sont \u00e0 pourvoir en <strong data-start=\"541\" data-end=\"562\">CDD \u00e0 temps plein<\/strong>, avec une prise de poste pr\u00e9vue <strong data-start=\"595\" data-end=\"614\">d\u00e9but juin 2026<\/strong>.<\/p>\n<h3 data-section-id=\"1ljbe6w\" data-start=\"655\" data-end=\"679\">\ud83d\udccd Lieu d\u2019exercice<\/h3>\n<p data-start=\"680\" data-end=\"762\">Les postes sont bas\u00e9s sur le <strong data-start=\"709\" data-end=\"724\">secteur Est<\/strong>, avec des <strong data-start=\"735\" data-end=\"761\">d\u00e9placements \u00e0 pr\u00e9voir<\/strong>.<\/p>\n<h3 data-section-id=\"bftl80\" data-start=\"764\" data-end=\"790\">\ud83d\udcc4 Les postes propos\u00e9s<\/h3>\n<ul data-start=\"791\" data-end=\"985\">\n<li data-section-id=\"1ducv5q\" data-start=\"791\" data-end=\"865\">1 CISP en remplacement de cong\u00e9 maternit\u00e9 (jusqu\u2019au 30 septembre 2026)<\/li>\n<li data-section-id=\"1jw6dhm\" data-start=\"866\" data-end=\"909\">1 CISP en CDD jusqu\u2019au 31 d\u00e9cembre 2026<\/li>\n<li data-section-id=\"12t0ujw\" data-start=\"910\" data-end=\"985\">2 CISP en remplacement d\u2019arr\u00eat maladie (contrats de 3 mois renouvelables)<\/li>\n<\/ul>\n<h3 data-section-id=\"1ekzrz0\" data-start=\"987\" data-end=\"1014\">\ud83d\udcbc Missions principales<\/h3>\n<p data-start=\"1015\" data-end=\"1164\">Les conseiller\u00b7\u00e8re\u00b7s recrut\u00e9\u00b7e\u00b7s auront pour mission d\u2019accompagner les publics dans leur parcours d\u2019insertion sociale et professionnelle, notamment :<\/p>\n<ul data-start=\"1165\" data-end=\"1421\">\n<li data-section-id=\"ug89s2\" data-start=\"1165\" data-end=\"1208\">Accompagnement des b\u00e9n\u00e9ficiaires du RSA<\/li>\n<li data-section-id=\"1ht1ikc\" data-start=\"1209\" data-end=\"1261\">Accompagnement vers l\u2019emploi et la qualification<\/li>\n<li data-section-id=\"1k0ttzs\" data-start=\"1262\" data-end=\"1303\">Suivi global des parcours d\u2019insertion<\/li>\n<li data-section-id=\"10w8o34\" data-start=\"1304\" data-end=\"1354\">Accueil, diagnostic et orientation des publics<\/li>\n<li data-section-id=\"hv7p3z\" data-start=\"1355\" data-end=\"1421\">Animation d\u2019ateliers et travail en r\u00e9seau avec les partenaires<\/li>\n<\/ul>\n<h3 data-section-id=\"yil7de\" data-start=\"1423\" data-end=\"1446\">\ud83c\udfaf Profil recherch\u00e9<\/h3>\n<p data-start=\"1447\" data-end=\"1489\">Les candidat\u00b7e\u00b7s doivent \u00eatre titulaires :<\/p>\n<ul data-start=\"1490\" data-end=\"1675\">\n<li data-section-id=\"ojszi0\" data-start=\"1490\" data-end=\"1552\">d\u2019un Bac +2 ou Bac +3 en sciences sociales ou humaines, ou<\/li>\n<li data-section-id=\"umlmtq\" data-start=\"1553\" data-end=\"1590\">d\u2019un dipl\u00f4me dans l\u2019animation, ou<\/li>\n<li data-section-id=\"mntyu\" data-start=\"1591\" data-end=\"1675\">du titre professionnel de conseiller\u00b7\u00e8re en insertion sociale et professionnelle<\/li>\n<\/ul>\n<h3 data-section-id=\"506kwx\" data-start=\"1677\" data-end=\"1708\">\ud83d\udcc5 Modalit\u00e9s de candidature<\/h3>\n<p data-start=\"1709\" data-end=\"1811\">Les candidatures (CV + lettre de motivation + dipl\u00f4mes) sont \u00e0 envoyer <strong data-start=\"1780\" data-end=\"1810\">au plus tard le 6 mai 2026<\/strong>.<\/p>\n<p data-start=\"1813\" data-end=\"1842\">\ud83d\udccc Processus de recrutement :<\/p>\n<ul data-start=\"1843\" data-end=\"1946\">\n<li data-section-id=\"1q86mxt\" data-start=\"1843\" data-end=\"1871\">Test \u00e9crit : 12 mai 2026<\/li>\n<li data-section-id=\"fwogpa\" data-start=\"1872\" data-end=\"1946\">Entretien : 19 mai 2026 (pour les candidat\u00b7e\u00b7s retenu\u00b7e\u00b7s apr\u00e8s le test)<\/li>\n<\/ul>\n<h3 data-section-id=\"f8u8ku\" data-start=\"1948\" data-end=\"1966\">\ud83d\udce7 Candidature<\/h3>\n<p data-start=\"1967\" data-end=\"2049\">Les dossiers doivent \u00eatre transmis par mail \u00e0 : <strong data-start=\"2017\" data-end=\"2049\"><a data-start=\"2019\" data-end=\"2047\" class=\"decorated-link cursor-pointer\" rel=\"noopener\">recrutement.mle.re@gmail.com<\/a><\/strong><\/p>\n<p>[\/et_pb_text][\/et_pb_column][\/et_pb_row][\/et_pb_section][et_pb_section fb_built=\u00a0\u00bb1&Prime; theme_builder_area=\u00a0\u00bbpost_content\u00a0\u00bb _builder_version=\u00a0\u00bb4.27.6&Prime; _module_preset=\u00a0\u00bbdefault\u00a0\u00bb da_is_popup=\u00a0\u00bboff\u00a0\u00bb da_exit_intent=\u00a0\u00bboff\u00a0\u00bb da_has_close=\u00a0\u00bbon\u00a0\u00bb da_alt_close=\u00a0\u00bboff\u00a0\u00bb da_dark_close=\u00a0\u00bboff\u00a0\u00bb da_not_modal=\u00a0\u00bbon\u00a0\u00bb da_is_singular=\u00a0\u00bboff\u00a0\u00bb da_with_loader=\u00a0\u00bboff\u00a0\u00bb da_has_shadow=\u00a0\u00bbon\u00a0\u00bb da_disable_devices=\u00a0\u00bboff|off|off\u00a0\u00bb][et_pb_row _builder_version=\u00a0\u00bb4.27.6&Prime; _module_preset=\u00a0\u00bbdefault\u00a0\u00bb theme_builder_area=\u00a0\u00bbpost_content\u00a0\u00bb][et_pb_column _builder_version=\u00a0\u00bb4.27.6&Prime; _module_preset=\u00a0\u00bbdefault\u00a0\u00bb type=\u00a0\u00bb4_4&Prime; theme_builder_area=\u00a0\u00bbpost_content\u00a0\u00bb][et_pb_text _builder_version=\u00a0\u00bb4.27.6&Prime; _module_preset=\u00a0\u00bbdefault\u00a0\u00bb theme_builder_area=\u00a0\u00bbpost_content\u00a0\u00bb hover_enabled=\u00a0\u00bb0&Prime; sticky_enabled=\u00a0\u00bb0&Prime;]<\/p>\n<h3><strong>Consulter l&rsquo;offre compl\u00e8te<\/strong><\/h3>\n<p>[\/et_pb_text][et_pb_button button_text=\u00a0\u00bbCliquez-ici\u00a0\u00bb _builder_version=\u00a0\u00bb4.27.6&Prime; _module_preset=\u00a0\u00bbdefault\u00a0\u00bb theme_builder_area=\u00a0\u00bbpost_content\u00a0\u00bb button_url=\u00a0\u00bbhttps:\/\/missionlocaleest.re\/wp-content\/uploads\/2026\/04\/20260427_Offre_MLE.pdf\u00a0\u00bb custom_button=\u00a0\u00bbon\u00a0\u00bb button_border_width=\u00a0\u00bb2px\u00a0\u00bb button_border_radius=\u00a0\u00bb100px\u00a0\u00bb button_border_color=\u00a0\u00bb#FFFFFF\u00a0\u00bb button_bg_color=\u00a0\u00bb#2897D5&Prime; button_bg_enable_color=\u00a0\u00bbon\u00a0\u00bb button_text_color=\u00a0\u00bb#FFFFFF\u00a0\u00bb button_icon=\u00a0\u00bb&#xe092;||divi||400&Prime; button_on_hover=\u00a0\u00bboff\u00a0\u00bb hover_enabled=\u00a0\u00bb0&Prime; sticky_enabled=\u00a0\u00bb0&Prime;][\/et_pb_button][\/et_pb_column][\/et_pb_row][\/et_pb_section]<\/p>\n","protected":false},"excerpt":{"rendered":"<p>Nous lan\u00e7ons une campagne de recrutement pour renforcer notre \u00e9quipe et accompagner toujours plus efficacement les jeunes vers l\u2019emploi et l\u2019insertion sociale. \ud83d\udc49 4 postes de conseiller\u00b7\u00e8re\u00b7s en insertion sociale et professionnelle (CISP) sont \u00e0 pourvoir en CDD \u00e0 temps plein, avec une prise de poste pr\u00e9vue d\u00e9but juin 2026. \ud83d\udccd Lieu d\u2019exercice Les postes [&hellip;]<\/p>\n","protected":false},"author":1,"featured_media":2485,"comment_status":"closed","ping_status":"open","sticky":false,"template":"","format":"standard","meta":{"_et_pb_use_builder":"on","_et_pb_old_content":"","_et_gb_content_width":"1080","footnotes":""},"categories":[59,58],"tags":[],"class_list":["post-2484","post","type-post","status-publish","format-standard","has-post-thumbnail","hentry","category-actus","category-offres-en-cours"],"yoast_head":"<!-- This site is optimized with the Yoast SEO plugin v27.2 - https:\/\/yoast.com\/product\/yoast-seo-wordpress\/ -->\n<title>Nous recrutons 4 conseiller(e)s en insertion professionnelle en CDD - Mission Locale Est<\/title>\n<meta name=\"robots\" content=\"index, follow, max-snippet:-1, max-image-preview:large, max-video-preview:-1\" \/>\n<link rel=\"canonical\" href=\"https:\/\/missionlocaleest.re\/index.php\/2026\/04\/28\/nous-recrutons-4-conseilleres-en-insertion-professionnelle-en-cdd\/\" \/>\n<meta property=\"og:locale\" content=\"fr_FR\" \/>\n<meta property=\"og:type\" content=\"article\" \/>\n<meta property=\"og:title\" content=\"Nous recrutons 4 conseiller(e)s en insertion professionnelle en CDD - Mission Locale Est\" \/>\n<meta property=\"og:description\" content=\"Nous lan\u00e7ons une campagne de recrutement pour renforcer notre \u00e9quipe et accompagner toujours plus efficacement les jeunes vers l\u2019emploi et l\u2019insertion sociale. \ud83d\udc49 4 postes de conseiller\u00b7\u00e8re\u00b7s en insertion sociale et professionnelle (CISP) sont \u00e0 pourvoir en CDD \u00e0 temps plein, avec une prise de poste pr\u00e9vue d\u00e9but juin 2026. \ud83d\udccd Lieu d\u2019exercice Les postes [&hellip;]\" \/>\n<meta property=\"og:url\" content=\"https:\/\/missionlocaleest.re\/index.php\/2026\/04\/28\/nous-recrutons-4-conseilleres-en-insertion-professionnelle-en-cdd\/\" \/>\n<meta property=\"og:site_name\" content=\"Mission Locale Est\" \/>\n<meta property=\"article:publisher\" content=\"https:\/\/www.facebook.com\/MLEstReunion\/\" \/>\n<meta property=\"article:published_time\" content=\"2026-04-28T04:30:19+00:00\" \/>\n<meta property=\"article:modified_time\" content=\"2026-04-28T04:42:15+00:00\" \/>\n<meta property=\"og:image\" content=\"https:\/\/missionlocaleest.re\/wp-content\/uploads\/2026\/04\/Illustration_Offres_Non_FSE-.webp\" \/>\n\t<meta property=\"og:image:width\" content=\"1000\" \/>\n\t<meta property=\"og:image:height\" content=\"1000\" \/>\n\t<meta property=\"og:image:type\" content=\"image\/webp\" \/>\n<meta name=\"author\" content=\"webmaster\" \/>\n<meta name=\"twitter:card\" content=\"summary_large_image\" \/>\n<meta name=\"twitter:label1\" content=\"\u00c9crit par\" \/>\n\t<meta name=\"twitter:data1\" content=\"webmaster\" \/>\n\t<meta name=\"twitter:label2\" content=\"Dur\u00e9e de lecture estim\u00e9e\" \/>\n\t<meta name=\"twitter:data2\" content=\"1 minute\" \/>\n<script type=\"application\/ld+json\" class=\"yoast-schema-graph\">{\"@context\":\"https:\/\/schema.org\",\"@graph\":[{\"@type\":\"Article\",\"@id\":\"https:\/\/missionlocaleest.re\/index.php\/2026\/04\/28\/nous-recrutons-4-conseilleres-en-insertion-professionnelle-en-cdd\/#article\",\"isPartOf\":{\"@id\":\"https:\/\/missionlocaleest.re\/index.php\/2026\/04\/28\/nous-recrutons-4-conseilleres-en-insertion-professionnelle-en-cdd\/\"},\"author\":{\"name\":\"webmaster\",\"@id\":\"https:\/\/missionlocaleest.re\/#\/schema\/person\/84a119f07c3d76016394dd52b2455e1c\"},\"headline\":\"Nous recrutons 4 conseiller(e)s en insertion professionnelle en CDD\",\"datePublished\":\"2026-04-28T04:30:19+00:00\",\"dateModified\":\"2026-04-28T04:42:15+00:00\",\"mainEntityOfPage\":{\"@id\":\"https:\/\/missionlocaleest.re\/index.php\/2026\/04\/28\/nous-recrutons-4-conseilleres-en-insertion-professionnelle-en-cdd\/\"},\"wordCount\":552,\"publisher\":{\"@id\":\"https:\/\/missionlocaleest.re\/#organization\"},\"image\":{\"@id\":\"https:\/\/missionlocaleest.re\/index.php\/2026\/04\/28\/nous-recrutons-4-conseilleres-en-insertion-professionnelle-en-cdd\/#primaryimage\"},\"thumbnailUrl\":\"https:\/\/missionlocaleest.re\/wp-content\/uploads\/2026\/04\/Illustration_Offres_Non_FSE-.webp\",\"articleSection\":[\"Actus\",\"Offres en cours\"],\"inLanguage\":\"fr-FR\"},{\"@type\":\"WebPage\",\"@id\":\"https:\/\/missionlocaleest.re\/index.php\/2026\/04\/28\/nous-recrutons-4-conseilleres-en-insertion-professionnelle-en-cdd\/\",\"url\":\"https:\/\/missionlocaleest.re\/index.php\/2026\/04\/28\/nous-recrutons-4-conseilleres-en-insertion-professionnelle-en-cdd\/\",\"name\":\"Nous recrutons 4 conseiller(e)s en insertion professionnelle en CDD - Mission Locale Est\",\"isPartOf\":{\"@id\":\"https:\/\/missionlocaleest.re\/#website\"},\"primaryImageOfPage\":{\"@id\":\"https:\/\/missionlocaleest.re\/index.php\/2026\/04\/28\/nous-recrutons-4-conseilleres-en-insertion-professionnelle-en-cdd\/#primaryimage\"},\"image\":{\"@id\":\"https:\/\/missionlocaleest.re\/index.php\/2026\/04\/28\/nous-recrutons-4-conseilleres-en-insertion-professionnelle-en-cdd\/#primaryimage\"},\"thumbnailUrl\":\"https:\/\/missionlocaleest.re\/wp-content\/uploads\/2026\/04\/Illustration_Offres_Non_FSE-.webp\",\"datePublished\":\"2026-04-28T04:30:19+00:00\",\"dateModified\":\"2026-04-28T04:42:15+00:00\",\"breadcrumb\":{\"@id\":\"https:\/\/missionlocaleest.re\/index.php\/2026\/04\/28\/nous-recrutons-4-conseilleres-en-insertion-professionnelle-en-cdd\/#breadcrumb\"},\"inLanguage\":\"fr-FR\",\"potentialAction\":[{\"@type\":\"ReadAction\",\"target\":[\"https:\/\/missionlocaleest.re\/index.php\/2026\/04\/28\/nous-recrutons-4-conseilleres-en-insertion-professionnelle-en-cdd\/\"]}]},{\"@type\":\"ImageObject\",\"inLanguage\":\"fr-FR\",\"@id\":\"https:\/\/missionlocaleest.re\/index.php\/2026\/04\/28\/nous-recrutons-4-conseilleres-en-insertion-professionnelle-en-cdd\/#primaryimage\",\"url\":\"https:\/\/missionlocaleest.re\/wp-content\/uploads\/2026\/04\/Illustration_Offres_Non_FSE-.webp\",\"contentUrl\":\"https:\/\/missionlocaleest.re\/wp-content\/uploads\/2026\/04\/Illustration_Offres_Non_FSE-.webp\",\"width\":1000,\"height\":1000},{\"@type\":\"BreadcrumbList\",\"@id\":\"https:\/\/missionlocaleest.re\/index.php\/2026\/04\/28\/nous-recrutons-4-conseilleres-en-insertion-professionnelle-en-cdd\/#breadcrumb\",\"itemListElement\":[{\"@type\":\"ListItem\",\"position\":1,\"name\":\"Accueil\",\"item\":\"https:\/\/missionlocaleest.re\/\"},{\"@type\":\"ListItem\",\"position\":2,\"name\":\"Nous recrutons 4 conseiller(e)s en insertion professionnelle en CDD\"}]},{\"@type\":\"WebSite\",\"@id\":\"https:\/\/missionlocaleest.re\/#website\",\"url\":\"https:\/\/missionlocaleest.re\/\",\"name\":\"Mission Locale Est\",\"description\":\"Pour l&#039;insertion sociale et professionnelle de l&#039;ensemble des jeunes du territoire Est !\",\"publisher\":{\"@id\":\"https:\/\/missionlocaleest.re\/#organization\"},\"potentialAction\":[{\"@type\":\"SearchAction\",\"target\":{\"@type\":\"EntryPoint\",\"urlTemplate\":\"https:\/\/missionlocaleest.re\/?s={search_term_string}\"},\"query-input\":{\"@type\":\"PropertyValueSpecification\",\"valueRequired\":true,\"valueName\":\"search_term_string\"}}],\"inLanguage\":\"fr-FR\"},{\"@type\":\"Organization\",\"@id\":\"https:\/\/missionlocaleest.re\/#organization\",\"name\":\"Mission Locale Est\",\"url\":\"https:\/\/missionlocaleest.re\/\",\"logo\":{\"@type\":\"ImageObject\",\"inLanguage\":\"fr-FR\",\"@id\":\"https:\/\/missionlocaleest.re\/#\/schema\/logo\/image\/\",\"url\":\"https:\/\/missionlocaleest.re\/wp-content\/uploads\/2024\/05\/Logo_MLE_CMJN_Transparent.png\",\"contentUrl\":\"https:\/\/missionlocaleest.re\/wp-content\/uploads\/2024\/05\/Logo_MLE_CMJN_Transparent.png\",\"width\":347,\"height\":412,\"caption\":\"Mission Locale Est\"},\"image\":{\"@id\":\"https:\/\/missionlocaleest.re\/#\/schema\/logo\/image\/\"},\"sameAs\":[\"https:\/\/www.facebook.com\/MLEstReunion\/\",\"https:\/\/www.instagram.com\/missionlocaleest\"]},{\"@type\":\"Person\",\"@id\":\"https:\/\/missionlocaleest.re\/#\/schema\/person\/84a119f07c3d76016394dd52b2455e1c\",\"name\":\"webmaster\",\"image\":{\"@type\":\"ImageObject\",\"inLanguage\":\"fr-FR\",\"@id\":\"https:\/\/secure.gravatar.com\/avatar\/a6900e68d5d703f2d4ed65a49fc695dd026766733acceca7fc8a936c08cb0e09?s=96&d=mm&r=g\",\"url\":\"https:\/\/secure.gravatar.com\/avatar\/a6900e68d5d703f2d4ed65a49fc695dd026766733acceca7fc8a936c08cb0e09?s=96&d=mm&r=g\",\"contentUrl\":\"https:\/\/secure.gravatar.com\/avatar\/a6900e68d5d703f2d4ed65a49fc695dd026766733acceca7fc8a936c08cb0e09?s=96&d=mm&r=g\",\"caption\":\"webmaster\"},\"sameAs\":[\"http:\/\/missionlocaleest.re\"],\"url\":\"https:\/\/missionlocaleest.re\/index.php\/author\/admin8117\/\"}]}<\/script>\n<!-- \/ Yoast SEO plugin. -->","yoast_head_json":{"title":"Nous recrutons 4 conseiller(e)s en insertion professionnelle en CDD - Mission Locale Est","robots":{"index":"index","follow":"follow","max-snippet":"max-snippet:-1","max-image-preview":"max-image-preview:large","max-video-preview":"max-video-preview:-1"},"canonical":"https:\/\/missionlocaleest.re\/index.php\/2026\/04\/28\/nous-recrutons-4-conseilleres-en-insertion-professionnelle-en-cdd\/","og_locale":"fr_FR","og_type":"article","og_title":"Nous recrutons 4 conseiller(e)s en insertion professionnelle en CDD - Mission Locale Est","og_description":"Nous lan\u00e7ons une campagne de recrutement pour renforcer notre \u00e9quipe et accompagner toujours plus efficacement les jeunes vers l\u2019emploi et l\u2019insertion sociale. \ud83d\udc49 4 postes de conseiller\u00b7\u00e8re\u00b7s en insertion sociale et professionnelle (CISP) sont \u00e0 pourvoir en CDD \u00e0 temps plein, avec une prise de poste pr\u00e9vue d\u00e9but juin 2026. \ud83d\udccd Lieu d\u2019exercice Les postes [&hellip;]","og_url":"https:\/\/missionlocaleest.re\/index.php\/2026\/04\/28\/nous-recrutons-4-conseilleres-en-insertion-professionnelle-en-cdd\/","og_site_name":"Mission Locale Est","article_publisher":"https:\/\/www.facebook.com\/MLEstReunion\/","article_published_time":"2026-04-28T04:30:19+00:00","article_modified_time":"2026-04-28T04:42:15+00:00","og_image":[{"width":1000,"height":1000,"url":"https:\/\/missionlocaleest.re\/wp-content\/uploads\/2026\/04\/Illustration_Offres_Non_FSE-.webp","type":"image\/webp"}],"author":"webmaster","twitter_card":"summary_large_image","twitter_misc":{"\u00c9crit par":"webmaster","Dur\u00e9e de lecture estim\u00e9e":"1 minute"},"schema":{"@context":"https:\/\/schema.org","@graph":[{"@type":"Article","@id":"https:\/\/missionlocaleest.re\/index.php\/2026\/04\/28\/nous-recrutons-4-conseilleres-en-insertion-professionnelle-en-cdd\/#article","isPartOf":{"@id":"https:\/\/missionlocaleest.re\/index.php\/2026\/04\/28\/nous-recrutons-4-conseilleres-en-insertion-professionnelle-en-cdd\/"},"author":{"name":"webmaster","@id":"https:\/\/missionlocaleest.re\/#\/schema\/person\/84a119f07c3d76016394dd52b2455e1c"},"headline":"Nous recrutons 4 conseiller(e)s en insertion professionnelle en CDD","datePublished":"2026-04-28T04:30:19+00:00","dateModified":"2026-04-28T04:42:15+00:00","mainEntityOfPage":{"@id":"https:\/\/missionlocaleest.re\/index.php\/2026\/04\/28\/nous-recrutons-4-conseilleres-en-insertion-professionnelle-en-cdd\/"},"wordCount":552,"publisher":{"@id":"https:\/\/missionlocaleest.re\/#organization"},"image":{"@id":"https:\/\/missionlocaleest.re\/index.php\/2026\/04\/28\/nous-recrutons-4-conseilleres-en-insertion-professionnelle-en-cdd\/#primaryimage"},"thumbnailUrl":"https:\/\/missionlocaleest.re\/wp-content\/uploads\/2026\/04\/Illustration_Offres_Non_FSE-.webp","articleSection":["Actus","Offres en cours"],"inLanguage":"fr-FR"},{"@type":"WebPage","@id":"https:\/\/missionlocaleest.re\/index.php\/2026\/04\/28\/nous-recrutons-4-conseilleres-en-insertion-professionnelle-en-cdd\/","url":"https:\/\/missionlocaleest.re\/index.php\/2026\/04\/28\/nous-recrutons-4-conseilleres-en-insertion-professionnelle-en-cdd\/","name":"Nous recrutons 4 conseiller(e)s en insertion professionnelle en CDD - Mission Locale Est","isPartOf":{"@id":"https:\/\/missionlocaleest.re\/#website"},"primaryImageOfPage":{"@id":"https:\/\/missionlocaleest.re\/index.php\/2026\/04\/28\/nous-recrutons-4-conseilleres-en-insertion-professionnelle-en-cdd\/#primaryimage"},"image":{"@id":"https:\/\/missionlocaleest.re\/index.php\/2026\/04\/28\/nous-recrutons-4-conseilleres-en-insertion-professionnelle-en-cdd\/#primaryimage"},"thumbnailUrl":"https:\/\/missionlocaleest.re\/wp-content\/uploads\/2026\/04\/Illustration_Offres_Non_FSE-.webp","datePublished":"2026-04-28T04:30:19+00:00","dateModified":"2026-04-28T04:42:15+00:00","breadcrumb":{"@id":"https:\/\/missionlocaleest.re\/index.php\/2026\/04\/28\/nous-recrutons-4-conseilleres-en-insertion-professionnelle-en-cdd\/#breadcrumb"},"inLanguage":"fr-FR","potentialAction":[{"@type":"ReadAction","target":["https:\/\/missionlocaleest.re\/index.php\/2026\/04\/28\/nous-recrutons-4-conseilleres-en-insertion-professionnelle-en-cdd\/"]}]},{"@type":"ImageObject","inLanguage":"fr-FR","@id":"https:\/\/missionlocaleest.re\/index.php\/2026\/04\/28\/nous-recrutons-4-conseilleres-en-insertion-professionnelle-en-cdd\/#primaryimage","url":"https:\/\/missionlocaleest.re\/wp-content\/uploads\/2026\/04\/Illustration_Offres_Non_FSE-.webp","contentUrl":"https:\/\/missionlocaleest.re\/wp-content\/uploads\/2026\/04\/Illustration_Offres_Non_FSE-.webp","width":1000,"height":1000},{"@type":"BreadcrumbList","@id":"https:\/\/missionlocaleest.re\/index.php\/2026\/04\/28\/nous-recrutons-4-conseilleres-en-insertion-professionnelle-en-cdd\/#breadcrumb","itemListElement":[{"@type":"ListItem","position":1,"name":"Accueil","item":"https:\/\/missionlocaleest.re\/"},{"@type":"ListItem","position":2,"name":"Nous recrutons 4 conseiller(e)s en insertion professionnelle en CDD"}]},{"@type":"WebSite","@id":"https:\/\/missionlocaleest.re\/#website","url":"https:\/\/missionlocaleest.re\/","name":"Mission Locale Est","description":"Pour l&#039;insertion sociale et professionnelle de l&#039;ensemble des jeunes du territoire Est !","publisher":{"@id":"https:\/\/missionlocaleest.re\/#organization"},"potentialAction":[{"@type":"SearchAction","target":{"@type":"EntryPoint","urlTemplate":"https:\/\/missionlocaleest.re\/?s={search_term_string}"},"query-input":{"@type":"PropertyValueSpecification","valueRequired":true,"valueName":"search_term_string"}}],"inLanguage":"fr-FR"},{"@type":"Organization","@id":"https:\/\/missionlocaleest.re\/#organization","name":"Mission Locale Est","url":"https:\/\/missionlocaleest.re\/","logo":{"@type":"ImageObject","inLanguage":"fr-FR","@id":"https:\/\/missionlocaleest.re\/#\/schema\/logo\/image\/","url":"https:\/\/missionlocaleest.re\/wp-content\/uploads\/2024\/05\/Logo_MLE_CMJN_Transparent.png","contentUrl":"https:\/\/missionlocaleest.re\/wp-content\/uploads\/2024\/05\/Logo_MLE_CMJN_Transparent.png","width":347,"height":412,"caption":"Mission Locale Est"},"image":{"@id":"https:\/\/missionlocaleest.re\/#\/schema\/logo\/image\/"},"sameAs":["https:\/\/www.facebook.com\/MLEstReunion\/","https:\/\/www.instagram.com\/missionlocaleest"]},{"@type":"Person","@id":"https:\/\/missionlocaleest.re\/#\/schema\/person\/84a119f07c3d76016394dd52b2455e1c","name":"webmaster","image":{"@type":"ImageObject","inLanguage":"fr-FR","@id":"https:\/\/secure.gravatar.com\/avatar\/a6900e68d5d703f2d4ed65a49fc695dd026766733acceca7fc8a936c08cb0e09?s=96&d=mm&r=g","url":"https:\/\/secure.gravatar.com\/avatar\/a6900e68d5d703f2d4ed65a49fc695dd026766733acceca7fc8a936c08cb0e09?s=96&d=mm&r=g","contentUrl":"https:\/\/secure.gravatar.com\/avatar\/a6900e68d5d703f2d4ed65a49fc695dd026766733acceca7fc8a936c08cb0e09?s=96&d=mm&r=g","caption":"webmaster"},"sameAs":["http:\/\/missionlocaleest.re"],"url":"https:\/\/missionlocaleest.re\/index.php\/author\/admin8117\/"}]}},"_links":{"self":[{"href":"https:\/\/missionlocaleest.re\/index.php\/wp-json\/wp\/v2\/posts\/2484","targetHints":{"allow":["GET"]}}],"collection":[{"href":"https:\/\/missionlocaleest.re\/index.php\/wp-json\/wp\/v2\/posts"}],"about":[{"href":"https:\/\/missionlocaleest.re\/index.php\/wp-json\/wp\/v2\/types\/post"}],"author":[{"embeddable":true,"href":"https:\/\/missionlocaleest.re\/index.php\/wp-json\/wp\/v2\/users\/1"}],"replies":[{"embeddable":true,"href":"https:\/\/missionlocaleest.re\/index.php\/wp-json\/wp\/v2\/comments?post=2484"}],"version-history":[{"count":3,"href":"https:\/\/missionlocaleest.re\/index.php\/wp-json\/wp\/v2\/posts\/2484\/revisions"}],"predecessor-version":[{"id":2492,"href":"https:\/\/missionlocaleest.re\/index.php\/wp-json\/wp\/v2\/posts\/2484\/revisions\/2492"}],"wp:featuredmedia":[{"embeddable":true,"href":"https:\/\/missionlocaleest.re\/index.php\/wp-json\/wp\/v2\/media\/2485"}],"wp:attachment":[{"href":"https:\/\/missionlocaleest.re\/index.php\/wp-json\/wp\/v2\/media?parent=2484"}],"wp:term":[{"taxonomy":"category","embeddable":true,"href":"https:\/\/missionlocaleest.re\/index.php\/wp-json\/wp\/v2\/categories?post=2484"},{"taxonomy":"post_tag","embeddable":true,"href":"https:\/\/missionlocaleest.re\/index.php\/wp-json\/wp\/v2\/tags?post=2484"}],"curies":[{"name":"wp","href":"https:\/\/api.w.org\/{rel}","templated":true}]}}