{"id":1983,"date":"2025-09-03T07:51:52","date_gmt":"2025-09-03T05:51:52","guid":{"rendered":"https:\/\/missionlocaleest.re\/?p=1983"},"modified":"2025-09-03T07:51:52","modified_gmt":"2025-09-03T05:51:52","slug":"offres-en-vente-chez-top-formation","status":"publish","type":"post","link":"https:\/\/missionlocaleest.re\/index.php\/2025\/09\/03\/offres-en-vente-chez-top-formation\/","title":{"rendered":"Offres en vente chez TOP Formation"},"content":{"rendered":"<p>[et_pb_section fb_built=\u00a0\u00bb1&Prime; theme_builder_area=\u00a0\u00bbpost_content\u00a0\u00bb _builder_version=\u00a0\u00bb4.27.4&Prime; _module_preset=\u00a0\u00bbdefault\u00a0\u00bb da_is_popup=\u00a0\u00bboff\u00a0\u00bb da_exit_intent=\u00a0\u00bboff\u00a0\u00bb da_has_close=\u00a0\u00bbon\u00a0\u00bb da_alt_close=\u00a0\u00bboff\u00a0\u00bb da_dark_close=\u00a0\u00bboff\u00a0\u00bb da_not_modal=\u00a0\u00bbon\u00a0\u00bb da_is_singular=\u00a0\u00bboff\u00a0\u00bb da_with_loader=\u00a0\u00bboff\u00a0\u00bb da_has_shadow=\u00a0\u00bbon\u00a0\u00bb da_disable_devices=\u00a0\u00bboff|off|off\u00a0\u00bb][et_pb_row column_structure=\u00a0\u00bb2_5,3_5&Prime; make_equal=\u00a0\u00bbon\u00a0\u00bb _builder_version=\u00a0\u00bb4.27.4&Prime; _module_preset=\u00a0\u00bbdefault\u00a0\u00bb global_colors_info=\u00a0\u00bb{}\u00a0\u00bb theme_builder_area=\u00a0\u00bbpost_content\u00a0\u00bb][et_pb_column type=\u00a0\u00bb2_5&Prime; _builder_version=\u00a0\u00bb4.27.4&Prime; _module_preset=\u00a0\u00bbdefault\u00a0\u00bb custom_css_main_element=\u00a0\u00bbmargin: auto;\u00a0\u00bb global_colors_info=\u00a0\u00bb{}\u00a0\u00bb theme_builder_area=\u00a0\u00bbpost_content\u00a0\u00bb][et_pb_image src=\u00a0\u00bbhttps:\/\/missionlocaleest.re\/wp-content\/uploads\/2023\/08\/Embleme-UE_base_Contour-Blanc_Cofinance-noir.png\u00a0\u00bb title_text=\u00a0\u00bbEmbl\u00e8me UE_base_Contour Blanc_Cofinanc\u00e9 noir\u00a0\u00bb _builder_version=\u00a0\u00bb4.27.4&Prime; _module_preset=\u00a0\u00bbdefault\u00a0\u00bb global_colors_info=\u00a0\u00bb{}\u00a0\u00bb theme_builder_area=\u00a0\u00bbpost_content\u00a0\u00bb][\/et_pb_image][\/et_pb_column][et_pb_column type=\u00a0\u00bb3_5&Prime; _builder_version=\u00a0\u00bb4.27.4&Prime; _module_preset=\u00a0\u00bbdefault\u00a0\u00bb global_colors_info=\u00a0\u00bb{}\u00a0\u00bb theme_builder_area=\u00a0\u00bbpost_content\u00a0\u00bb][et_pb_text _builder_version=\u00a0\u00bb4.27.4&Prime; _module_preset=\u00a0\u00bbdefault\u00a0\u00bb global_colors_info=\u00a0\u00bb{}\u00a0\u00bb theme_builder_area=\u00a0\u00bbpost_content\u00a0\u00bb]<\/p>\n<p><em>Cet (ces) offre(s) est (sont) collect\u00e9e(s) dans le cadre du dispositif \u00ab\u00a0Accompagnement vers l&#8217;emploi\u00a0\u00bb qui b\u00e9n\u00e9ficie du soutien du FSE+.<\/em><\/p>\n<p>[\/et_pb_text][et_pb_button button_url=\u00a0\u00bbhttps:\/\/missionlocaleest.re\/index.php\/2023\/07\/26\/laccompagnement-des-jeunes-vers-lemploi\/\u00a0\u00bb url_new_window=\u00a0\u00bbon\u00a0\u00bb button_text=\u00a0\u00bbEn savoir plus\u00a0\u00bb _builder_version=\u00a0\u00bb4.27.4&Prime; _module_preset=\u00a0\u00bbdefault\u00a0\u00bb custom_button=\u00a0\u00bbon\u00a0\u00bb button_border_radius=\u00a0\u00bb100px\u00a0\u00bb global_colors_info=\u00a0\u00bb{}\u00a0\u00bb theme_builder_area=\u00a0\u00bbpost_content\u00a0\u00bb][\/et_pb_button][\/et_pb_column][\/et_pb_row][\/et_pb_section][et_pb_section fb_built=\u00a0\u00bb1&Prime; theme_builder_area=\u00a0\u00bbpost_content\u00a0\u00bb _builder_version=\u00a0\u00bb4.27.4&Prime; _module_preset=\u00a0\u00bbdefault\u00a0\u00bb da_is_popup=\u00a0\u00bboff\u00a0\u00bb da_exit_intent=\u00a0\u00bboff\u00a0\u00bb da_has_close=\u00a0\u00bbon\u00a0\u00bb da_alt_close=\u00a0\u00bboff\u00a0\u00bb da_dark_close=\u00a0\u00bboff\u00a0\u00bb da_not_modal=\u00a0\u00bbon\u00a0\u00bb da_is_singular=\u00a0\u00bboff\u00a0\u00bb da_with_loader=\u00a0\u00bboff\u00a0\u00bb da_has_shadow=\u00a0\u00bbon\u00a0\u00bb da_disable_devices=\u00a0\u00bboff|off|off\u00a0\u00bb][et_pb_row _builder_version=\u00a0\u00bb4.27.4&Prime; _module_preset=\u00a0\u00bbdefault\u00a0\u00bb theme_builder_area=\u00a0\u00bbpost_content\u00a0\u00bb][et_pb_column _builder_version=\u00a0\u00bb4.27.4&Prime; _module_preset=\u00a0\u00bbdefault\u00a0\u00bb type=\u00a0\u00bb4_4&Prime; theme_builder_area=\u00a0\u00bbpost_content\u00a0\u00bb][et_pb_text _builder_version=\u00a0\u00bb4.27.4&Prime; _module_preset=\u00a0\u00bbdefault\u00a0\u00bb theme_builder_area=\u00a0\u00bbpost_content\u00a0\u00bb hover_enabled=\u00a0\u00bb0&Prime; sticky_enabled=\u00a0\u00bb0&Prime;]<\/p>\n<p data-start=\"180\" data-end=\"560\">La Mission Locale Est, en partenariat avec le centre de formation <strong data-start=\"246\" data-end=\"263\">TOP Formation<\/strong>, propose plusieurs <strong data-start=\"283\" data-end=\"326\">opportunit\u00e9s en contrat d\u2019apprentissage<\/strong> dans le domaine du <strong data-start=\"346\" data-end=\"373\">commerce et de la vente<\/strong>. Les postes sont \u00e0 pourvoir <strong data-start=\"402\" data-end=\"435\">\u00e0 Saint-Andr\u00e9 et Saint-Beno\u00eet<\/strong>, et concernent des enseignes vari\u00e9es : magasin de pr\u00eat-\u00e0-porter, bazar, bricolage, cosm\u00e9tique ou encore grande distribution.<\/p>\n<p data-start=\"562\" data-end=\"746\">Ces offres sont id\u00e9ales pour les jeunes souhaitant acqu\u00e9rir une premi\u00e8re exp\u00e9rience professionnelle tout en se formant \u00e0 un <strong data-start=\"686\" data-end=\"705\">m\u00e9tier d\u2019avenir<\/strong> dans un secteur dynamique et accessible.<\/p>\n<p data-start=\"562\" data-end=\"746\">\n<p data-start=\"562\" data-end=\"746\">Ci-dessous le d\u00e9tail des nouvelles offres :<\/p>\n<p data-start=\"782\" data-end=\"1033\"><strong data-start=\"782\" data-end=\"854\">\u2705 APLS40-25 \u2013 Conseiller\u00b7\u00e8re de vente en magasin bazar \u2013 Saint-Andr\u00e9<\/strong><br data-start=\"854\" data-end=\"857\" \/>Travail en rayon linge de maison, conseil \u00e0 la client\u00e8le, mise en rayon, encaissement.<br data-start=\"943\" data-end=\"946\" \/>Profil recherch\u00e9 : sens du d\u00e9tail, go\u00fbt pour la d\u00e9coration, rigueur et sens du contact.<\/p>\n<p data-start=\"1035\" data-end=\"1219\"><strong data-start=\"1035\" data-end=\"1111\">\u2705 APLS133-25 \u2013 Vendeur\u00b7euse polyvalent\u00b7e en magasin indien \u2013 Saint-Andr\u00e9<\/strong><br data-start=\"1111\" data-end=\"1114\" \/>Conseil, nettoyage, encaissement, mise en rayon.<br data-start=\"1162\" data-end=\"1165\" \/>Profil : pr\u00e9sentation soign\u00e9e, polyvalence, dynamisme.<\/p>\n<p data-start=\"1221\" data-end=\"1396\"><strong data-start=\"1221\" data-end=\"1283\">\u2705 APLS134-25 \u2013 Vendeur\u00b7euse en pr\u00eat-\u00e0-porter \u2013 Saint-Andr\u00e9<\/strong><br data-start=\"1283\" data-end=\"1286\" \/>Accueil des client\u00b7es, vente, r\u00e9assort des rayons, encaissement.<br data-start=\"1350\" data-end=\"1353\" \/>Profil : sourire, rigueur, esprit d\u2019\u00e9quipe.<\/p>\n<p data-start=\"1398\" data-end=\"1637\"><strong data-start=\"1398\" data-end=\"1480\">\u2705 APLS135-25 \u2013 Caissier\u00b7\u00e8re polyvalent\u00b7e en magasin de bricolage \u2013 Saint-Andr\u00e9<\/strong><br data-start=\"1480\" data-end=\"1483\" \/>Accueil, vente, encaissement, mise en rayon, d\u00e9clenchement de ventes (primes sur objectif).<br data-start=\"1574\" data-end=\"1577\" \/>Profil : savoir compter, go\u00fbt du challenge, esprit d\u2019\u00e9quipe.<\/p>\n<p data-start=\"1639\" data-end=\"1831\"><strong data-start=\"1639\" data-end=\"1713\">\u2705 APLS136-25 \u2013 Vendeur\u00b7euse polyvalent\u00b7e en supermarch\u00e9 \u2013 Saint-Beno\u00eet<\/strong><br data-start=\"1713\" data-end=\"1716\" \/>Conseil, encaissement, mise en rayon, tenue des rayons.<br data-start=\"1771\" data-end=\"1774\" \/>Profil : rigueur, savoir compter, disponibilit\u00e9 week-end.<\/p>\n<p data-start=\"1833\" data-end=\"2071\"><strong data-start=\"1833\" data-end=\"1912\">\u2705 APLS137-25 \u2013 Vendeur\u00b7euse conseil en magasin de cosm\u00e9tiques \u2013 Saint-Andr\u00e9<\/strong><br data-start=\"1912\" data-end=\"1915\" \/>Vente de produits de beaut\u00e9, conseil client\u00e8le, mise en rayon, encaissement.<br data-start=\"1991\" data-end=\"1994\" \/>Profil : int\u00e9r\u00eat pour les cosm\u00e9tiques, pr\u00e9sentation soign\u00e9e, bon relationnel.<\/p>\n<p data-start=\"1833\" data-end=\"2071\">\n<h3 data-start=\"2078\" data-end=\"2114\">\ud83c\udf93 Informations sur la formation<\/h3>\n<p data-start=\"2116\" data-end=\"2347\">Ces postes sont propos\u00e9s en <strong data-start=\"2144\" data-end=\"2171\">contrat d\u2019apprentissage<\/strong>, ce qui permet aux jeunes de <strong data-start=\"2201\" data-end=\"2244\">pr\u00e9parer un dipl\u00f4me tout en travaillant<\/strong> en entreprise. La formation sera assur\u00e9e par <strong data-start=\"2290\" data-end=\"2307\">TOP Formation<\/strong>, selon un rythme adapt\u00e9 \u00e0 chaque poste.<\/p>\n<p data-start=\"2116\" data-end=\"2347\">\n<h3 data-start=\"2354\" data-end=\"2374\">\ud83d\udccc Pour postuler<\/h3>\n<p data-start=\"2376\" data-end=\"2409\">Les jeunes int\u00e9ress\u00e9\u00b7es doivent :<\/p>\n<p data-start=\"2411\" data-end=\"2548\">\u2714 \u00catre inscrit\u00b7es \u00e0 la Mission Locale Est<br data-start=\"2452\" data-end=\"2455\" \/>\u2714 Disposer d\u2019un <strong data-start=\"2471\" data-end=\"2484\">CV \u00e0 jour<\/strong><br data-start=\"2484\" data-end=\"2487\" \/>\u2714 Contacter leur conseiller\u00b7\u00e8re pour un positionnement rapide<\/p>\n<p>[\/et_pb_text][\/et_pb_column][\/et_pb_row][\/et_pb_section]<\/p>\n","protected":false},"excerpt":{"rendered":"<p>Cet (ces) offre(s) est (sont) collect\u00e9e(s) dans le cadre du dispositif \u00ab\u00a0Accompagnement vers l&#8217;emploi\u00a0\u00bb qui b\u00e9n\u00e9ficie du soutien du FSE+.La Mission Locale Est, en partenariat avec le centre de formation TOP Formation, propose plusieurs opportunit\u00e9s en contrat d\u2019apprentissage dans le domaine du commerce et de la vente. Les postes sont \u00e0 pourvoir \u00e0 Saint-Andr\u00e9 et [&hellip;]<\/p>\n","protected":false},"author":1,"featured_media":1982,"comment_status":"closed","ping_status":"open","sticky":false,"template":"","format":"standard","meta":{"_et_pb_use_builder":"on","_et_pb_old_content":"","_et_gb_content_width":"1080","footnotes":""},"categories":[59,58],"tags":[],"class_list":["post-1983","post","type-post","status-publish","format-standard","has-post-thumbnail","hentry","category-actus","category-offres-en-cours"],"yoast_head":"<!-- This site is optimized with the Yoast SEO plugin v27.2 - https:\/\/yoast.com\/product\/yoast-seo-wordpress\/ -->\n<title>Offres en vente chez TOP Formation - Mission Locale Est<\/title>\n<meta name=\"robots\" content=\"index, follow, max-snippet:-1, max-image-preview:large, max-video-preview:-1\" \/>\n<link rel=\"canonical\" href=\"https:\/\/missionlocaleest.re\/index.php\/2025\/09\/03\/offres-en-vente-chez-top-formation\/\" \/>\n<meta property=\"og:locale\" content=\"fr_FR\" \/>\n<meta property=\"og:type\" content=\"article\" \/>\n<meta property=\"og:title\" content=\"Offres en vente chez TOP Formation - Mission Locale Est\" \/>\n<meta property=\"og:description\" content=\"Cet (ces) offre(s) est (sont) collect\u00e9e(s) dans le cadre du dispositif &quot;Accompagnement vers l&#039;emploi&quot; qui b\u00e9n\u00e9ficie du soutien du FSE+.La Mission Locale Est, en partenariat avec le centre de formation TOP Formation, propose plusieurs opportunit\u00e9s en contrat d\u2019apprentissage dans le domaine du commerce et de la vente. Les postes sont \u00e0 pourvoir \u00e0 Saint-Andr\u00e9 et [&hellip;]\" \/>\n<meta property=\"og:url\" content=\"https:\/\/missionlocaleest.re\/index.php\/2025\/09\/03\/offres-en-vente-chez-top-formation\/\" \/>\n<meta property=\"og:site_name\" content=\"Mission Locale Est\" \/>\n<meta property=\"article:publisher\" content=\"https:\/\/www.facebook.com\/MLEstReunion\/\" \/>\n<meta property=\"article:published_time\" content=\"2025-09-03T05:51:52+00:00\" \/>\n<meta property=\"og:image\" content=\"https:\/\/missionlocaleest.re\/wp-content\/uploads\/2025\/09\/Illustration_Offres_Partenaires_FSE.webp\" \/>\n\t<meta property=\"og:image:width\" content=\"1000\" \/>\n\t<meta property=\"og:image:height\" content=\"1000\" \/>\n\t<meta property=\"og:image:type\" content=\"image\/webp\" \/>\n<meta name=\"author\" content=\"webmaster\" \/>\n<meta name=\"twitter:card\" content=\"summary_large_image\" \/>\n<meta name=\"twitter:label1\" content=\"\u00c9crit par\" \/>\n\t<meta name=\"twitter:data1\" content=\"webmaster\" \/>\n\t<meta name=\"twitter:label2\" content=\"Dur\u00e9e de lecture estim\u00e9e\" \/>\n\t<meta name=\"twitter:data2\" content=\"1 minute\" \/>\n<script type=\"application\/ld+json\" class=\"yoast-schema-graph\">{\"@context\":\"https:\/\/schema.org\",\"@graph\":[{\"@type\":\"Article\",\"@id\":\"https:\/\/missionlocaleest.re\/index.php\/2025\/09\/03\/offres-en-vente-chez-top-formation\/#article\",\"isPartOf\":{\"@id\":\"https:\/\/missionlocaleest.re\/index.php\/2025\/09\/03\/offres-en-vente-chez-top-formation\/\"},\"author\":{\"name\":\"webmaster\",\"@id\":\"https:\/\/missionlocaleest.re\/#\/schema\/person\/84a119f07c3d76016394dd52b2455e1c\"},\"headline\":\"Offres en vente chez TOP Formation\",\"datePublished\":\"2025-09-03T05:51:52+00:00\",\"mainEntityOfPage\":{\"@id\":\"https:\/\/missionlocaleest.re\/index.php\/2025\/09\/03\/offres-en-vente-chez-top-formation\/\"},\"wordCount\":728,\"publisher\":{\"@id\":\"https:\/\/missionlocaleest.re\/#organization\"},\"image\":{\"@id\":\"https:\/\/missionlocaleest.re\/index.php\/2025\/09\/03\/offres-en-vente-chez-top-formation\/#primaryimage\"},\"thumbnailUrl\":\"https:\/\/missionlocaleest.re\/wp-content\/uploads\/2025\/09\/Illustration_Offres_Partenaires_FSE.webp\",\"articleSection\":[\"Actus\",\"Offres en cours\"],\"inLanguage\":\"fr-FR\"},{\"@type\":\"WebPage\",\"@id\":\"https:\/\/missionlocaleest.re\/index.php\/2025\/09\/03\/offres-en-vente-chez-top-formation\/\",\"url\":\"https:\/\/missionlocaleest.re\/index.php\/2025\/09\/03\/offres-en-vente-chez-top-formation\/\",\"name\":\"Offres en vente chez TOP Formation - Mission Locale Est\",\"isPartOf\":{\"@id\":\"https:\/\/missionlocaleest.re\/#website\"},\"primaryImageOfPage\":{\"@id\":\"https:\/\/missionlocaleest.re\/index.php\/2025\/09\/03\/offres-en-vente-chez-top-formation\/#primaryimage\"},\"image\":{\"@id\":\"https:\/\/missionlocaleest.re\/index.php\/2025\/09\/03\/offres-en-vente-chez-top-formation\/#primaryimage\"},\"thumbnailUrl\":\"https:\/\/missionlocaleest.re\/wp-content\/uploads\/2025\/09\/Illustration_Offres_Partenaires_FSE.webp\",\"datePublished\":\"2025-09-03T05:51:52+00:00\",\"breadcrumb\":{\"@id\":\"https:\/\/missionlocaleest.re\/index.php\/2025\/09\/03\/offres-en-vente-chez-top-formation\/#breadcrumb\"},\"inLanguage\":\"fr-FR\",\"potentialAction\":[{\"@type\":\"ReadAction\",\"target\":[\"https:\/\/missionlocaleest.re\/index.php\/2025\/09\/03\/offres-en-vente-chez-top-formation\/\"]}]},{\"@type\":\"ImageObject\",\"inLanguage\":\"fr-FR\",\"@id\":\"https:\/\/missionlocaleest.re\/index.php\/2025\/09\/03\/offres-en-vente-chez-top-formation\/#primaryimage\",\"url\":\"https:\/\/missionlocaleest.re\/wp-content\/uploads\/2025\/09\/Illustration_Offres_Partenaires_FSE.webp\",\"contentUrl\":\"https:\/\/missionlocaleest.re\/wp-content\/uploads\/2025\/09\/Illustration_Offres_Partenaires_FSE.webp\",\"width\":1000,\"height\":1000},{\"@type\":\"BreadcrumbList\",\"@id\":\"https:\/\/missionlocaleest.re\/index.php\/2025\/09\/03\/offres-en-vente-chez-top-formation\/#breadcrumb\",\"itemListElement\":[{\"@type\":\"ListItem\",\"position\":1,\"name\":\"Accueil\",\"item\":\"https:\/\/missionlocaleest.re\/\"},{\"@type\":\"ListItem\",\"position\":2,\"name\":\"Offres en vente chez TOP Formation\"}]},{\"@type\":\"WebSite\",\"@id\":\"https:\/\/missionlocaleest.re\/#website\",\"url\":\"https:\/\/missionlocaleest.re\/\",\"name\":\"Mission Locale Est\",\"description\":\"Pour l&#039;insertion sociale et professionnelle de l&#039;ensemble des jeunes du territoire Est !\",\"publisher\":{\"@id\":\"https:\/\/missionlocaleest.re\/#organization\"},\"potentialAction\":[{\"@type\":\"SearchAction\",\"target\":{\"@type\":\"EntryPoint\",\"urlTemplate\":\"https:\/\/missionlocaleest.re\/?s={search_term_string}\"},\"query-input\":{\"@type\":\"PropertyValueSpecification\",\"valueRequired\":true,\"valueName\":\"search_term_string\"}}],\"inLanguage\":\"fr-FR\"},{\"@type\":\"Organization\",\"@id\":\"https:\/\/missionlocaleest.re\/#organization\",\"name\":\"Mission Locale Est\",\"url\":\"https:\/\/missionlocaleest.re\/\",\"logo\":{\"@type\":\"ImageObject\",\"inLanguage\":\"fr-FR\",\"@id\":\"https:\/\/missionlocaleest.re\/#\/schema\/logo\/image\/\",\"url\":\"https:\/\/missionlocaleest.re\/wp-content\/uploads\/2024\/05\/Logo_MLE_CMJN_Transparent.png\",\"contentUrl\":\"https:\/\/missionlocaleest.re\/wp-content\/uploads\/2024\/05\/Logo_MLE_CMJN_Transparent.png\",\"width\":347,\"height\":412,\"caption\":\"Mission Locale Est\"},\"image\":{\"@id\":\"https:\/\/missionlocaleest.re\/#\/schema\/logo\/image\/\"},\"sameAs\":[\"https:\/\/www.facebook.com\/MLEstReunion\/\",\"https:\/\/www.instagram.com\/missionlocaleest\"]},{\"@type\":\"Person\",\"@id\":\"https:\/\/missionlocaleest.re\/#\/schema\/person\/84a119f07c3d76016394dd52b2455e1c\",\"name\":\"webmaster\",\"image\":{\"@type\":\"ImageObject\",\"inLanguage\":\"fr-FR\",\"@id\":\"https:\/\/secure.gravatar.com\/avatar\/a6900e68d5d703f2d4ed65a49fc695dd026766733acceca7fc8a936c08cb0e09?s=96&d=mm&r=g\",\"url\":\"https:\/\/secure.gravatar.com\/avatar\/a6900e68d5d703f2d4ed65a49fc695dd026766733acceca7fc8a936c08cb0e09?s=96&d=mm&r=g\",\"contentUrl\":\"https:\/\/secure.gravatar.com\/avatar\/a6900e68d5d703f2d4ed65a49fc695dd026766733acceca7fc8a936c08cb0e09?s=96&d=mm&r=g\",\"caption\":\"webmaster\"},\"sameAs\":[\"http:\/\/missionlocaleest.re\"],\"url\":\"https:\/\/missionlocaleest.re\/index.php\/author\/admin8117\/\"}]}<\/script>\n<!-- \/ Yoast SEO plugin. -->","yoast_head_json":{"title":"Offres en vente chez TOP Formation - Mission Locale Est","robots":{"index":"index","follow":"follow","max-snippet":"max-snippet:-1","max-image-preview":"max-image-preview:large","max-video-preview":"max-video-preview:-1"},"canonical":"https:\/\/missionlocaleest.re\/index.php\/2025\/09\/03\/offres-en-vente-chez-top-formation\/","og_locale":"fr_FR","og_type":"article","og_title":"Offres en vente chez TOP Formation - Mission Locale Est","og_description":"Cet (ces) offre(s) est (sont) collect\u00e9e(s) dans le cadre du dispositif \"Accompagnement vers l'emploi\" qui b\u00e9n\u00e9ficie du soutien du FSE+.La Mission Locale Est, en partenariat avec le centre de formation TOP Formation, propose plusieurs opportunit\u00e9s en contrat d\u2019apprentissage dans le domaine du commerce et de la vente. Les postes sont \u00e0 pourvoir \u00e0 Saint-Andr\u00e9 et [&hellip;]","og_url":"https:\/\/missionlocaleest.re\/index.php\/2025\/09\/03\/offres-en-vente-chez-top-formation\/","og_site_name":"Mission Locale Est","article_publisher":"https:\/\/www.facebook.com\/MLEstReunion\/","article_published_time":"2025-09-03T05:51:52+00:00","og_image":[{"width":1000,"height":1000,"url":"https:\/\/missionlocaleest.re\/wp-content\/uploads\/2025\/09\/Illustration_Offres_Partenaires_FSE.webp","type":"image\/webp"}],"author":"webmaster","twitter_card":"summary_large_image","twitter_misc":{"\u00c9crit par":"webmaster","Dur\u00e9e de lecture estim\u00e9e":"1 minute"},"schema":{"@context":"https:\/\/schema.org","@graph":[{"@type":"Article","@id":"https:\/\/missionlocaleest.re\/index.php\/2025\/09\/03\/offres-en-vente-chez-top-formation\/#article","isPartOf":{"@id":"https:\/\/missionlocaleest.re\/index.php\/2025\/09\/03\/offres-en-vente-chez-top-formation\/"},"author":{"name":"webmaster","@id":"https:\/\/missionlocaleest.re\/#\/schema\/person\/84a119f07c3d76016394dd52b2455e1c"},"headline":"Offres en vente chez TOP Formation","datePublished":"2025-09-03T05:51:52+00:00","mainEntityOfPage":{"@id":"https:\/\/missionlocaleest.re\/index.php\/2025\/09\/03\/offres-en-vente-chez-top-formation\/"},"wordCount":728,"publisher":{"@id":"https:\/\/missionlocaleest.re\/#organization"},"image":{"@id":"https:\/\/missionlocaleest.re\/index.php\/2025\/09\/03\/offres-en-vente-chez-top-formation\/#primaryimage"},"thumbnailUrl":"https:\/\/missionlocaleest.re\/wp-content\/uploads\/2025\/09\/Illustration_Offres_Partenaires_FSE.webp","articleSection":["Actus","Offres en cours"],"inLanguage":"fr-FR"},{"@type":"WebPage","@id":"https:\/\/missionlocaleest.re\/index.php\/2025\/09\/03\/offres-en-vente-chez-top-formation\/","url":"https:\/\/missionlocaleest.re\/index.php\/2025\/09\/03\/offres-en-vente-chez-top-formation\/","name":"Offres en vente chez TOP Formation - Mission Locale Est","isPartOf":{"@id":"https:\/\/missionlocaleest.re\/#website"},"primaryImageOfPage":{"@id":"https:\/\/missionlocaleest.re\/index.php\/2025\/09\/03\/offres-en-vente-chez-top-formation\/#primaryimage"},"image":{"@id":"https:\/\/missionlocaleest.re\/index.php\/2025\/09\/03\/offres-en-vente-chez-top-formation\/#primaryimage"},"thumbnailUrl":"https:\/\/missionlocaleest.re\/wp-content\/uploads\/2025\/09\/Illustration_Offres_Partenaires_FSE.webp","datePublished":"2025-09-03T05:51:52+00:00","breadcrumb":{"@id":"https:\/\/missionlocaleest.re\/index.php\/2025\/09\/03\/offres-en-vente-chez-top-formation\/#breadcrumb"},"inLanguage":"fr-FR","potentialAction":[{"@type":"ReadAction","target":["https:\/\/missionlocaleest.re\/index.php\/2025\/09\/03\/offres-en-vente-chez-top-formation\/"]}]},{"@type":"ImageObject","inLanguage":"fr-FR","@id":"https:\/\/missionlocaleest.re\/index.php\/2025\/09\/03\/offres-en-vente-chez-top-formation\/#primaryimage","url":"https:\/\/missionlocaleest.re\/wp-content\/uploads\/2025\/09\/Illustration_Offres_Partenaires_FSE.webp","contentUrl":"https:\/\/missionlocaleest.re\/wp-content\/uploads\/2025\/09\/Illustration_Offres_Partenaires_FSE.webp","width":1000,"height":1000},{"@type":"BreadcrumbList","@id":"https:\/\/missionlocaleest.re\/index.php\/2025\/09\/03\/offres-en-vente-chez-top-formation\/#breadcrumb","itemListElement":[{"@type":"ListItem","position":1,"name":"Accueil","item":"https:\/\/missionlocaleest.re\/"},{"@type":"ListItem","position":2,"name":"Offres en vente chez TOP Formation"}]},{"@type":"WebSite","@id":"https:\/\/missionlocaleest.re\/#website","url":"https:\/\/missionlocaleest.re\/","name":"Mission Locale Est","description":"Pour l&#039;insertion sociale et professionnelle de l&#039;ensemble des jeunes du territoire Est !","publisher":{"@id":"https:\/\/missionlocaleest.re\/#organization"},"potentialAction":[{"@type":"SearchAction","target":{"@type":"EntryPoint","urlTemplate":"https:\/\/missionlocaleest.re\/?s={search_term_string}"},"query-input":{"@type":"PropertyValueSpecification","valueRequired":true,"valueName":"search_term_string"}}],"inLanguage":"fr-FR"},{"@type":"Organization","@id":"https:\/\/missionlocaleest.re\/#organization","name":"Mission Locale Est","url":"https:\/\/missionlocaleest.re\/","logo":{"@type":"ImageObject","inLanguage":"fr-FR","@id":"https:\/\/missionlocaleest.re\/#\/schema\/logo\/image\/","url":"https:\/\/missionlocaleest.re\/wp-content\/uploads\/2024\/05\/Logo_MLE_CMJN_Transparent.png","contentUrl":"https:\/\/missionlocaleest.re\/wp-content\/uploads\/2024\/05\/Logo_MLE_CMJN_Transparent.png","width":347,"height":412,"caption":"Mission Locale Est"},"image":{"@id":"https:\/\/missionlocaleest.re\/#\/schema\/logo\/image\/"},"sameAs":["https:\/\/www.facebook.com\/MLEstReunion\/","https:\/\/www.instagram.com\/missionlocaleest"]},{"@type":"Person","@id":"https:\/\/missionlocaleest.re\/#\/schema\/person\/84a119f07c3d76016394dd52b2455e1c","name":"webmaster","image":{"@type":"ImageObject","inLanguage":"fr-FR","@id":"https:\/\/secure.gravatar.com\/avatar\/a6900e68d5d703f2d4ed65a49fc695dd026766733acceca7fc8a936c08cb0e09?s=96&d=mm&r=g","url":"https:\/\/secure.gravatar.com\/avatar\/a6900e68d5d703f2d4ed65a49fc695dd026766733acceca7fc8a936c08cb0e09?s=96&d=mm&r=g","contentUrl":"https:\/\/secure.gravatar.com\/avatar\/a6900e68d5d703f2d4ed65a49fc695dd026766733acceca7fc8a936c08cb0e09?s=96&d=mm&r=g","caption":"webmaster"},"sameAs":["http:\/\/missionlocaleest.re"],"url":"https:\/\/missionlocaleest.re\/index.php\/author\/admin8117\/"}]}},"_links":{"self":[{"href":"https:\/\/missionlocaleest.re\/index.php\/wp-json\/wp\/v2\/posts\/1983","targetHints":{"allow":["GET"]}}],"collection":[{"href":"https:\/\/missionlocaleest.re\/index.php\/wp-json\/wp\/v2\/posts"}],"about":[{"href":"https:\/\/missionlocaleest.re\/index.php\/wp-json\/wp\/v2\/types\/post"}],"author":[{"embeddable":true,"href":"https:\/\/missionlocaleest.re\/index.php\/wp-json\/wp\/v2\/users\/1"}],"replies":[{"embeddable":true,"href":"https:\/\/missionlocaleest.re\/index.php\/wp-json\/wp\/v2\/comments?post=1983"}],"version-history":[{"count":2,"href":"https:\/\/missionlocaleest.re\/index.php\/wp-json\/wp\/v2\/posts\/1983\/revisions"}],"predecessor-version":[{"id":1985,"href":"https:\/\/missionlocaleest.re\/index.php\/wp-json\/wp\/v2\/posts\/1983\/revisions\/1985"}],"wp:featuredmedia":[{"embeddable":true,"href":"https:\/\/missionlocaleest.re\/index.php\/wp-json\/wp\/v2\/media\/1982"}],"wp:attachment":[{"href":"https:\/\/missionlocaleest.re\/index.php\/wp-json\/wp\/v2\/media?parent=1983"}],"wp:term":[{"taxonomy":"category","embeddable":true,"href":"https:\/\/missionlocaleest.re\/index.php\/wp-json\/wp\/v2\/categories?post=1983"},{"taxonomy":"post_tag","embeddable":true,"href":"https:\/\/missionlocaleest.re\/index.php\/wp-json\/wp\/v2\/tags?post=1983"}],"curies":[{"name":"wp","href":"https:\/\/api.w.org\/{rel}","templated":true}]}}