{"id":1962,"date":"2025-07-10T06:48:05","date_gmt":"2025-07-10T04:48:05","guid":{"rendered":"https:\/\/missionlocaleest.re\/?p=1962"},"modified":"2025-07-10T06:48:06","modified_gmt":"2025-07-10T04:48:06","slug":"la-mission-locale-est-recrute-des-postes-de-conseiller-e-s-disponibles","status":"publish","type":"post","link":"https:\/\/missionlocaleest.re\/index.php\/2025\/07\/10\/la-mission-locale-est-recrute-des-postes-de-conseiller-e-s-disponibles\/","title":{"rendered":"La Mission Locale Est recrute ! Des postes de conseiller.e.s disponibles"},"content":{"rendered":"<p>[et_pb_section fb_built=\u00a0\u00bb1&Prime; theme_builder_area=\u00a0\u00bbpost_content\u00a0\u00bb _builder_version=\u00a0\u00bb4.27.4&Prime; _module_preset=\u00a0\u00bbdefault\u00a0\u00bb da_is_popup=\u00a0\u00bboff\u00a0\u00bb da_exit_intent=\u00a0\u00bboff\u00a0\u00bb da_has_close=\u00a0\u00bbon\u00a0\u00bb da_alt_close=\u00a0\u00bboff\u00a0\u00bb da_dark_close=\u00a0\u00bboff\u00a0\u00bb da_not_modal=\u00a0\u00bbon\u00a0\u00bb da_is_singular=\u00a0\u00bboff\u00a0\u00bb da_with_loader=\u00a0\u00bboff\u00a0\u00bb da_has_shadow=\u00a0\u00bbon\u00a0\u00bb da_disable_devices=\u00a0\u00bboff|off|off\u00a0\u00bb][et_pb_row _builder_version=\u00a0\u00bb4.27.4&Prime; _module_preset=\u00a0\u00bbdefault\u00a0\u00bb theme_builder_area=\u00a0\u00bbpost_content\u00a0\u00bb][et_pb_column _builder_version=\u00a0\u00bb4.27.4&Prime; _module_preset=\u00a0\u00bbdefault\u00a0\u00bb type=\u00a0\u00bb4_4&Prime; theme_builder_area=\u00a0\u00bbpost_content\u00a0\u00bb][et_pb_text _builder_version=\u00a0\u00bb4.27.4&Prime; _module_preset=\u00a0\u00bbdefault\u00a0\u00bb theme_builder_area=\u00a0\u00bbpost_content\u00a0\u00bb hover_enabled=\u00a0\u00bb0&Prime; sticky_enabled=\u00a0\u00bb0&Prime;]<\/p>\n<p data-start=\"0\" data-end=\"98\">\ud83d\udce2 <strong data-start=\"3\" data-end=\"96\">La Mission Locale Est recrute des Conseiller\u00b7\u00e8res en Insertion Sociale et Professionnelle<\/strong><\/p>\n<p data-start=\"100\" data-end=\"285\">Vous souhaitez rejoindre une structure engag\u00e9e aupr\u00e8s des jeunes et contribuer \u00e0 leur accompagnement vers l\u2019emploi et l\u2019autonomie ? Deux types de postes sont actuellement \u00e0 pourvoir :<\/p>\n<h3 data-start=\"292\" data-end=\"372\">\ud83d\udc69\u200d\ud83d\udcbc Poste CDD Conseiller\u00b7\u00e8re en Insertion Sociale et Professionnelle (H\/F)<\/h3>\n<p data-start=\"373\" data-end=\"589\">\ud83d\udccd <strong data-start=\"376\" data-end=\"386\">Lieu :<\/strong> Secteur Est (d\u00e9placements \u00e0 pr\u00e9voir)<br data-start=\"423\" data-end=\"426\" \/>\ud83d\udcc5 <strong data-start=\"429\" data-end=\"442\">Contrat :<\/strong> CDD de 12 mois \u2013 Temps plein<br data-start=\"471\" data-end=\"474\" \/>\ud83d\udcb0 <strong data-start=\"477\" data-end=\"495\">R\u00e9mun\u00e9ration :<\/strong> 2179,35 \u20ac brut\/mois selon la CCN<br data-start=\"528\" data-end=\"531\" \/>\ud83d\uddd3 <strong data-start=\"534\" data-end=\"556\">D\u00e9but de contrat :<\/strong> mi-ao\u00fbt \/ d\u00e9but septembre 2025<\/p>\n<p data-start=\"591\" data-end=\"622\">\ud83d\udcdd <strong data-start=\"594\" data-end=\"620\">Missions principales :<\/strong><\/p>\n<ul data-start=\"623\" data-end=\"977\">\n<li data-start=\"623\" data-end=\"715\">\n<p data-start=\"625\" data-end=\"715\">Accompagner individuellement et collectivement les jeunes dans leur parcours d\u2019insertion<\/p>\n<\/li>\n<li data-start=\"716\" data-end=\"755\">\n<p data-start=\"718\" data-end=\"755\">Lever les freins sociaux \u00e0 l\u2019emploi<\/p>\n<\/li>\n<li data-start=\"756\" data-end=\"840\">\n<p data-start=\"758\" data-end=\"840\">Mettre en relation les jeunes avec des employeurs et des organismes de formation<\/p>\n<\/li>\n<li data-start=\"841\" data-end=\"903\">\n<p data-start=\"843\" data-end=\"903\">Suivre administrativement les parcours jusqu\u2019\u00e0 l\u2019autonomie<\/p>\n<\/li>\n<li data-start=\"904\" data-end=\"977\">\n<p data-start=\"906\" data-end=\"977\">Participer aux r\u00e9unions et assurer la saisie des bilans et actualit\u00e9s<\/p>\n<\/li>\n<\/ul>\n<p data-start=\"979\" data-end=\"1006\">\ud83c\udf93 <strong data-start=\"982\" data-end=\"1004\">Profil recherch\u00e9 :<\/strong><\/p>\n<ul data-start=\"1007\" data-end=\"1175\">\n<li data-start=\"1007\" data-end=\"1094\">\n<p data-start=\"1009\" data-end=\"1094\">Bac+2\/Bac+3 en sciences sociales ou humaines, ou dipl\u00f4me sup\u00e9rieur dans l\u2019animation<\/p>\n<\/li>\n<li data-start=\"1095\" data-end=\"1175\">\n<p data-start=\"1097\" data-end=\"1175\">Titulaire du titre de Conseiller\u00b7\u00e8re en insertion sociale et professionnelle<\/p>\n<\/li>\n<\/ul>\n<p>&nbsp;<\/p>\n<h3 data-start=\"1182\" data-end=\"1275\">\ud83d\udcd8 Postes en apprentissage Conseiller\u00b7\u00e8re en Insertion Sociale et Professionnelle (H\/F)<\/h3>\n<p data-start=\"1276\" data-end=\"1530\">\ud83d\udccd <strong data-start=\"1279\" data-end=\"1289\">Lieu :<\/strong> Saint-Beno\u00eet (d\u00e9placements \u00e0 pr\u00e9voir)<br data-start=\"1327\" data-end=\"1330\" \/>\ud83d\udcc5 <strong data-start=\"1333\" data-end=\"1346\">Contrat :<\/strong> Apprentissage (12 mois ou plus selon l\u2019organisme de formation)<br data-start=\"1409\" data-end=\"1412\" \/>\ud83d\udcb0 <strong data-start=\"1415\" data-end=\"1433\">R\u00e9mun\u00e9ration :<\/strong> Selon \u00e2ge et l\u00e9gislation en vigueur<br data-start=\"1469\" data-end=\"1472\" \/>\ud83d\uddd3 <strong data-start=\"1475\" data-end=\"1497\">D\u00e9but de contrat :<\/strong> mi-ao\u00fbt \/ d\u00e9but septembre 2025<\/p>\n<p data-start=\"1532\" data-end=\"1563\">\ud83d\udcdd <strong data-start=\"1535\" data-end=\"1561\">Missions principales :<\/strong><\/p>\n<ul data-start=\"1564\" data-end=\"1832\">\n<li data-start=\"1564\" data-end=\"1648\">\n<p data-start=\"1566\" data-end=\"1648\">Accueillir et accompagner le public dans la d\u00e9finition de son projet d\u2019insertion<\/p>\n<\/li>\n<li data-start=\"1649\" data-end=\"1716\">\n<p data-start=\"1651\" data-end=\"1716\">\u00c9tablir un diagnostic individuel et \u00e9laborer un parcours adapt\u00e9<\/p>\n<\/li>\n<li data-start=\"1717\" data-end=\"1759\">\n<p data-start=\"1719\" data-end=\"1759\">Coop\u00e9rer avec les partenaires externes<\/p>\n<\/li>\n<li data-start=\"1760\" data-end=\"1832\">\n<p data-start=\"1762\" data-end=\"1832\">Participer aux actions collectives et assurer un suivi administratif<\/p>\n<\/li>\n<\/ul>\n<p data-start=\"1834\" data-end=\"1861\">\ud83c\udf93 <strong data-start=\"1837\" data-end=\"1859\">Profil recherch\u00e9 :<\/strong><\/p>\n<ul data-start=\"1862\" data-end=\"1973\">\n<li data-start=\"1862\" data-end=\"1899\">\n<p data-start=\"1864\" data-end=\"1899\">Titulaire du baccalaur\u00e9at minimum<\/p>\n<\/li>\n<li data-start=\"1900\" data-end=\"1973\">\n<p data-start=\"1902\" data-end=\"1973\">Une premi\u00e8re exp\u00e9rience dans le domaine de l\u2019insertion serait un plus<\/p>\n<\/li>\n<\/ul>\n<p>&nbsp;<\/p>\n<h3 data-start=\"1980\" data-end=\"2011\">\ud83d\udccc Modalit\u00e9s de candidature<\/h3>\n<p data-start=\"2012\" data-end=\"2049\">Pour l\u2019un de ces postes, adressez :<\/p>\n<ul data-start=\"2050\" data-end=\"2110\">\n<li data-start=\"2050\" data-end=\"2058\">\n<p data-start=\"2052\" data-end=\"2058\">\u2705 CV<\/p>\n<\/li>\n<li data-start=\"2059\" data-end=\"2085\">\n<p data-start=\"2061\" data-end=\"2085\">\u2705 Lettre de motivation<\/p>\n<\/li>\n<li data-start=\"2086\" data-end=\"2110\">\n<p data-start=\"2088\" data-end=\"2110\">\u2705 Copie des dipl\u00f4mes<\/p>\n<\/li>\n<\/ul>\n<p data-start=\"2112\" data-end=\"2255\">\ud83d\udce7 \u00c0 l\u2019attention du Pr\u00e9sident de la Mission Locale Est : <strong data-start=\"2169\" data-end=\"2201\"><a data-start=\"2171\" data-end=\"2199\" class=\"cursor-pointer\" rel=\"noopener\">recrutement.mle.re@gmail.com<\/a><\/strong><br data-start=\"2201\" data-end=\"2204\" \/>\ud83d\udcc5 <strong data-start=\"2207\" data-end=\"2255\">Date limite de candidature : 23 juillet 2025<\/strong><\/p>\n<p data-start=\"2257\" data-end=\"2290\">\ud83d\udcdd <strong data-start=\"2260\" data-end=\"2290\">Processus de recrutement :<\/strong><\/p>\n<ul data-start=\"2291\" data-end=\"2488\">\n<li data-start=\"2291\" data-end=\"2370\">\n<p data-start=\"2293\" data-end=\"2370\">S\u00e9lection des CV : test \u00e9crit le 25 juillet 2025 pour les candidats retenus<\/p>\n<\/li>\n<li data-start=\"2371\" data-end=\"2431\">\n<p data-start=\"2373\" data-end=\"2431\">\u00c9preuves orales et test de personnalit\u00e9 : le 7 ao\u00fbt 2025<\/p>\n<\/li>\n<li data-start=\"2432\" data-end=\"2488\">\n<p data-start=\"2434\" data-end=\"2488\">Prise de poste pr\u00e9vue mi-ao\u00fbt \/ d\u00e9but septembre 2025<\/p>\n<\/li>\n<\/ul>\n<p>&nbsp;<\/p>\n<p>\ud83d\udcc4 Les fiches de postes d\u00e9taill\u00e9es sont disponibles ci-dessous :<\/p>\n<p>[\/et_pb_text][\/et_pb_column][\/et_pb_row][et_pb_row _builder_version=\u00a0\u00bb4.27.4&Prime; _module_preset=\u00a0\u00bbdefault\u00a0\u00bb theme_builder_area=\u00a0\u00bbpost_content\u00a0\u00bb column_structure=\u00a0\u00bb1_2,1_2&Prime;][et_pb_column _builder_version=\u00a0\u00bb4.27.4&Prime; _module_preset=\u00a0\u00bbdefault\u00a0\u00bb type=\u00a0\u00bb1_2&Prime; theme_builder_area=\u00a0\u00bbpost_content\u00a0\u00bb][et_pb_button button_text=\u00a0\u00bbCISP en CDD\u00a0\u00bb _builder_version=\u00a0\u00bb4.27.4&Prime; _module_preset=\u00a0\u00bbdefault\u00a0\u00bb theme_builder_area=\u00a0\u00bbpost_content\u00a0\u00bb hover_enabled=\u00a0\u00bb0&Prime; sticky_enabled=\u00a0\u00bb0&Prime; button_alignment=\u00a0\u00bbcenter\u00a0\u00bb button_url=\u00a0\u00bbhttps:\/\/missionlocaleest.re\/wp-content\/uploads\/2025\/07\/MLE-Annonce-CISP-en-CDD.pdf\u00a0\u00bb][\/et_pb_button][\/et_pb_column][et_pb_column _builder_version=\u00a0\u00bb4.27.4&Prime; _module_preset=\u00a0\u00bbdefault\u00a0\u00bb type=\u00a0\u00bb1_2&Prime; theme_builder_area=\u00a0\u00bbpost_content\u00a0\u00bb][et_pb_button button_text=\u00a0\u00bbCISP en C.A\u00a0\u00bb _builder_version=\u00a0\u00bb4.27.4&Prime; _module_preset=\u00a0\u00bbdefault\u00a0\u00bb theme_builder_area=\u00a0\u00bbpost_content\u00a0\u00bb button_url=\u00a0\u00bbhttps:\/\/missionlocaleest.re\/wp-content\/uploads\/2025\/07\/MLE-Annonce-CISP-en-contrat-apprentissage.pdf\u00a0\u00bb hover_enabled=\u00a0\u00bb0&Prime; sticky_enabled=\u00a0\u00bb0&Prime;][\/et_pb_button][\/et_pb_column][\/et_pb_row][\/et_pb_section]<\/p>\n","protected":false},"excerpt":{"rendered":"<p>\ud83d\udce2 La Mission Locale Est recrute des Conseiller\u00b7\u00e8res en Insertion Sociale et Professionnelle Vous souhaitez rejoindre une structure engag\u00e9e aupr\u00e8s des jeunes et contribuer \u00e0 leur accompagnement vers l\u2019emploi et l\u2019autonomie ? Deux types de postes sont actuellement \u00e0 pourvoir : \ud83d\udc69\u200d\ud83d\udcbc Poste CDD Conseiller\u00b7\u00e8re en Insertion Sociale et Professionnelle (H\/F) \ud83d\udccd Lieu : Secteur [&hellip;]<\/p>\n","protected":false},"author":1,"featured_media":1686,"comment_status":"closed","ping_status":"open","sticky":false,"template":"","format":"standard","meta":{"_et_pb_use_builder":"on","_et_pb_old_content":"","_et_gb_content_width":"1080","footnotes":""},"categories":[59,58],"tags":[],"class_list":["post-1962","post","type-post","status-publish","format-standard","has-post-thumbnail","hentry","category-actus","category-offres-en-cours"],"yoast_head":"<!-- This site is optimized with the Yoast SEO plugin v27.2 - https:\/\/yoast.com\/product\/yoast-seo-wordpress\/ -->\n<title>La Mission Locale Est recrute ! Des postes de conseiller.e.s disponibles - Mission Locale Est<\/title>\n<meta name=\"robots\" content=\"index, follow, max-snippet:-1, max-image-preview:large, max-video-preview:-1\" \/>\n<link rel=\"canonical\" href=\"https:\/\/missionlocaleest.re\/index.php\/2025\/07\/10\/la-mission-locale-est-recrute-des-postes-de-conseiller-e-s-disponibles\/\" \/>\n<meta property=\"og:locale\" content=\"fr_FR\" \/>\n<meta property=\"og:type\" content=\"article\" \/>\n<meta property=\"og:title\" content=\"La Mission Locale Est recrute ! Des postes de conseiller.e.s disponibles - Mission Locale Est\" \/>\n<meta property=\"og:description\" content=\"\ud83d\udce2 La Mission Locale Est recrute des Conseiller\u00b7\u00e8res en Insertion Sociale et Professionnelle Vous souhaitez rejoindre une structure engag\u00e9e aupr\u00e8s des jeunes et contribuer \u00e0 leur accompagnement vers l\u2019emploi et l\u2019autonomie ? Deux types de postes sont actuellement \u00e0 pourvoir : \ud83d\udc69\u200d\ud83d\udcbc Poste CDD Conseiller\u00b7\u00e8re en Insertion Sociale et Professionnelle (H\/F) \ud83d\udccd Lieu : Secteur [&hellip;]\" \/>\n<meta property=\"og:url\" content=\"https:\/\/missionlocaleest.re\/index.php\/2025\/07\/10\/la-mission-locale-est-recrute-des-postes-de-conseiller-e-s-disponibles\/\" \/>\n<meta property=\"og:site_name\" content=\"Mission Locale Est\" \/>\n<meta property=\"article:publisher\" content=\"https:\/\/www.facebook.com\/MLEstReunion\/\" \/>\n<meta property=\"article:published_time\" content=\"2025-07-10T04:48:05+00:00\" \/>\n<meta property=\"article:modified_time\" content=\"2025-07-10T04:48:06+00:00\" \/>\n<meta property=\"og:image\" content=\"https:\/\/missionlocaleest.re\/wp-content\/uploads\/2025\/04\/2025_Illustration_Nv_Offre.webp\" \/>\n\t<meta property=\"og:image:width\" content=\"1000\" \/>\n\t<meta property=\"og:image:height\" content=\"1000\" \/>\n\t<meta property=\"og:image:type\" content=\"image\/webp\" \/>\n<meta name=\"author\" content=\"webmaster\" \/>\n<meta name=\"twitter:card\" content=\"summary_large_image\" \/>\n<meta name=\"twitter:label1\" content=\"\u00c9crit par\" \/>\n\t<meta name=\"twitter:data1\" content=\"webmaster\" \/>\n\t<meta name=\"twitter:label2\" content=\"Dur\u00e9e de lecture estim\u00e9e\" \/>\n\t<meta name=\"twitter:data2\" content=\"1 minute\" \/>\n<script type=\"application\/ld+json\" class=\"yoast-schema-graph\">{\"@context\":\"https:\/\/schema.org\",\"@graph\":[{\"@type\":\"Article\",\"@id\":\"https:\/\/missionlocaleest.re\/index.php\/2025\/07\/10\/la-mission-locale-est-recrute-des-postes-de-conseiller-e-s-disponibles\/#article\",\"isPartOf\":{\"@id\":\"https:\/\/missionlocaleest.re\/index.php\/2025\/07\/10\/la-mission-locale-est-recrute-des-postes-de-conseiller-e-s-disponibles\/\"},\"author\":{\"name\":\"webmaster\",\"@id\":\"https:\/\/missionlocaleest.re\/#\/schema\/person\/84a119f07c3d76016394dd52b2455e1c\"},\"headline\":\"La Mission Locale Est recrute ! Des postes de conseiller.e.s disponibles\",\"datePublished\":\"2025-07-10T04:48:05+00:00\",\"dateModified\":\"2025-07-10T04:48:06+00:00\",\"mainEntityOfPage\":{\"@id\":\"https:\/\/missionlocaleest.re\/index.php\/2025\/07\/10\/la-mission-locale-est-recrute-des-postes-de-conseiller-e-s-disponibles\/\"},\"wordCount\":606,\"publisher\":{\"@id\":\"https:\/\/missionlocaleest.re\/#organization\"},\"image\":{\"@id\":\"https:\/\/missionlocaleest.re\/index.php\/2025\/07\/10\/la-mission-locale-est-recrute-des-postes-de-conseiller-e-s-disponibles\/#primaryimage\"},\"thumbnailUrl\":\"https:\/\/missionlocaleest.re\/wp-content\/uploads\/2025\/04\/2025_Illustration_Nv_Offre.webp\",\"articleSection\":[\"Actus\",\"Offres en cours\"],\"inLanguage\":\"fr-FR\"},{\"@type\":\"WebPage\",\"@id\":\"https:\/\/missionlocaleest.re\/index.php\/2025\/07\/10\/la-mission-locale-est-recrute-des-postes-de-conseiller-e-s-disponibles\/\",\"url\":\"https:\/\/missionlocaleest.re\/index.php\/2025\/07\/10\/la-mission-locale-est-recrute-des-postes-de-conseiller-e-s-disponibles\/\",\"name\":\"La Mission Locale Est recrute ! Des postes de conseiller.e.s disponibles - Mission Locale Est\",\"isPartOf\":{\"@id\":\"https:\/\/missionlocaleest.re\/#website\"},\"primaryImageOfPage\":{\"@id\":\"https:\/\/missionlocaleest.re\/index.php\/2025\/07\/10\/la-mission-locale-est-recrute-des-postes-de-conseiller-e-s-disponibles\/#primaryimage\"},\"image\":{\"@id\":\"https:\/\/missionlocaleest.re\/index.php\/2025\/07\/10\/la-mission-locale-est-recrute-des-postes-de-conseiller-e-s-disponibles\/#primaryimage\"},\"thumbnailUrl\":\"https:\/\/missionlocaleest.re\/wp-content\/uploads\/2025\/04\/2025_Illustration_Nv_Offre.webp\",\"datePublished\":\"2025-07-10T04:48:05+00:00\",\"dateModified\":\"2025-07-10T04:48:06+00:00\",\"breadcrumb\":{\"@id\":\"https:\/\/missionlocaleest.re\/index.php\/2025\/07\/10\/la-mission-locale-est-recrute-des-postes-de-conseiller-e-s-disponibles\/#breadcrumb\"},\"inLanguage\":\"fr-FR\",\"potentialAction\":[{\"@type\":\"ReadAction\",\"target\":[\"https:\/\/missionlocaleest.re\/index.php\/2025\/07\/10\/la-mission-locale-est-recrute-des-postes-de-conseiller-e-s-disponibles\/\"]}]},{\"@type\":\"ImageObject\",\"inLanguage\":\"fr-FR\",\"@id\":\"https:\/\/missionlocaleest.re\/index.php\/2025\/07\/10\/la-mission-locale-est-recrute-des-postes-de-conseiller-e-s-disponibles\/#primaryimage\",\"url\":\"https:\/\/missionlocaleest.re\/wp-content\/uploads\/2025\/04\/2025_Illustration_Nv_Offre.webp\",\"contentUrl\":\"https:\/\/missionlocaleest.re\/wp-content\/uploads\/2025\/04\/2025_Illustration_Nv_Offre.webp\",\"width\":1000,\"height\":1000},{\"@type\":\"BreadcrumbList\",\"@id\":\"https:\/\/missionlocaleest.re\/index.php\/2025\/07\/10\/la-mission-locale-est-recrute-des-postes-de-conseiller-e-s-disponibles\/#breadcrumb\",\"itemListElement\":[{\"@type\":\"ListItem\",\"position\":1,\"name\":\"Accueil\",\"item\":\"https:\/\/missionlocaleest.re\/\"},{\"@type\":\"ListItem\",\"position\":2,\"name\":\"La Mission Locale Est recrute ! Des postes de conseiller.e.s disponibles\"}]},{\"@type\":\"WebSite\",\"@id\":\"https:\/\/missionlocaleest.re\/#website\",\"url\":\"https:\/\/missionlocaleest.re\/\",\"name\":\"Mission Locale Est\",\"description\":\"Pour l&#039;insertion sociale et professionnelle de l&#039;ensemble des jeunes du territoire Est !\",\"publisher\":{\"@id\":\"https:\/\/missionlocaleest.re\/#organization\"},\"potentialAction\":[{\"@type\":\"SearchAction\",\"target\":{\"@type\":\"EntryPoint\",\"urlTemplate\":\"https:\/\/missionlocaleest.re\/?s={search_term_string}\"},\"query-input\":{\"@type\":\"PropertyValueSpecification\",\"valueRequired\":true,\"valueName\":\"search_term_string\"}}],\"inLanguage\":\"fr-FR\"},{\"@type\":\"Organization\",\"@id\":\"https:\/\/missionlocaleest.re\/#organization\",\"name\":\"Mission Locale Est\",\"url\":\"https:\/\/missionlocaleest.re\/\",\"logo\":{\"@type\":\"ImageObject\",\"inLanguage\":\"fr-FR\",\"@id\":\"https:\/\/missionlocaleest.re\/#\/schema\/logo\/image\/\",\"url\":\"https:\/\/missionlocaleest.re\/wp-content\/uploads\/2024\/05\/Logo_MLE_CMJN_Transparent.png\",\"contentUrl\":\"https:\/\/missionlocaleest.re\/wp-content\/uploads\/2024\/05\/Logo_MLE_CMJN_Transparent.png\",\"width\":347,\"height\":412,\"caption\":\"Mission Locale Est\"},\"image\":{\"@id\":\"https:\/\/missionlocaleest.re\/#\/schema\/logo\/image\/\"},\"sameAs\":[\"https:\/\/www.facebook.com\/MLEstReunion\/\",\"https:\/\/www.instagram.com\/missionlocaleest\"]},{\"@type\":\"Person\",\"@id\":\"https:\/\/missionlocaleest.re\/#\/schema\/person\/84a119f07c3d76016394dd52b2455e1c\",\"name\":\"webmaster\",\"image\":{\"@type\":\"ImageObject\",\"inLanguage\":\"fr-FR\",\"@id\":\"https:\/\/secure.gravatar.com\/avatar\/a6900e68d5d703f2d4ed65a49fc695dd026766733acceca7fc8a936c08cb0e09?s=96&d=mm&r=g\",\"url\":\"https:\/\/secure.gravatar.com\/avatar\/a6900e68d5d703f2d4ed65a49fc695dd026766733acceca7fc8a936c08cb0e09?s=96&d=mm&r=g\",\"contentUrl\":\"https:\/\/secure.gravatar.com\/avatar\/a6900e68d5d703f2d4ed65a49fc695dd026766733acceca7fc8a936c08cb0e09?s=96&d=mm&r=g\",\"caption\":\"webmaster\"},\"sameAs\":[\"http:\/\/missionlocaleest.re\"],\"url\":\"https:\/\/missionlocaleest.re\/index.php\/author\/admin8117\/\"}]}<\/script>\n<!-- \/ Yoast SEO plugin. -->","yoast_head_json":{"title":"La Mission Locale Est recrute ! Des postes de conseiller.e.s disponibles - Mission Locale Est","robots":{"index":"index","follow":"follow","max-snippet":"max-snippet:-1","max-image-preview":"max-image-preview:large","max-video-preview":"max-video-preview:-1"},"canonical":"https:\/\/missionlocaleest.re\/index.php\/2025\/07\/10\/la-mission-locale-est-recrute-des-postes-de-conseiller-e-s-disponibles\/","og_locale":"fr_FR","og_type":"article","og_title":"La Mission Locale Est recrute ! Des postes de conseiller.e.s disponibles - Mission Locale Est","og_description":"\ud83d\udce2 La Mission Locale Est recrute des Conseiller\u00b7\u00e8res en Insertion Sociale et Professionnelle Vous souhaitez rejoindre une structure engag\u00e9e aupr\u00e8s des jeunes et contribuer \u00e0 leur accompagnement vers l\u2019emploi et l\u2019autonomie ? Deux types de postes sont actuellement \u00e0 pourvoir : \ud83d\udc69\u200d\ud83d\udcbc Poste CDD Conseiller\u00b7\u00e8re en Insertion Sociale et Professionnelle (H\/F) \ud83d\udccd Lieu : Secteur [&hellip;]","og_url":"https:\/\/missionlocaleest.re\/index.php\/2025\/07\/10\/la-mission-locale-est-recrute-des-postes-de-conseiller-e-s-disponibles\/","og_site_name":"Mission Locale Est","article_publisher":"https:\/\/www.facebook.com\/MLEstReunion\/","article_published_time":"2025-07-10T04:48:05+00:00","article_modified_time":"2025-07-10T04:48:06+00:00","og_image":[{"width":1000,"height":1000,"url":"https:\/\/missionlocaleest.re\/wp-content\/uploads\/2025\/04\/2025_Illustration_Nv_Offre.webp","type":"image\/webp"}],"author":"webmaster","twitter_card":"summary_large_image","twitter_misc":{"\u00c9crit par":"webmaster","Dur\u00e9e de lecture estim\u00e9e":"1 minute"},"schema":{"@context":"https:\/\/schema.org","@graph":[{"@type":"Article","@id":"https:\/\/missionlocaleest.re\/index.php\/2025\/07\/10\/la-mission-locale-est-recrute-des-postes-de-conseiller-e-s-disponibles\/#article","isPartOf":{"@id":"https:\/\/missionlocaleest.re\/index.php\/2025\/07\/10\/la-mission-locale-est-recrute-des-postes-de-conseiller-e-s-disponibles\/"},"author":{"name":"webmaster","@id":"https:\/\/missionlocaleest.re\/#\/schema\/person\/84a119f07c3d76016394dd52b2455e1c"},"headline":"La Mission Locale Est recrute ! Des postes de conseiller.e.s disponibles","datePublished":"2025-07-10T04:48:05+00:00","dateModified":"2025-07-10T04:48:06+00:00","mainEntityOfPage":{"@id":"https:\/\/missionlocaleest.re\/index.php\/2025\/07\/10\/la-mission-locale-est-recrute-des-postes-de-conseiller-e-s-disponibles\/"},"wordCount":606,"publisher":{"@id":"https:\/\/missionlocaleest.re\/#organization"},"image":{"@id":"https:\/\/missionlocaleest.re\/index.php\/2025\/07\/10\/la-mission-locale-est-recrute-des-postes-de-conseiller-e-s-disponibles\/#primaryimage"},"thumbnailUrl":"https:\/\/missionlocaleest.re\/wp-content\/uploads\/2025\/04\/2025_Illustration_Nv_Offre.webp","articleSection":["Actus","Offres en cours"],"inLanguage":"fr-FR"},{"@type":"WebPage","@id":"https:\/\/missionlocaleest.re\/index.php\/2025\/07\/10\/la-mission-locale-est-recrute-des-postes-de-conseiller-e-s-disponibles\/","url":"https:\/\/missionlocaleest.re\/index.php\/2025\/07\/10\/la-mission-locale-est-recrute-des-postes-de-conseiller-e-s-disponibles\/","name":"La Mission Locale Est recrute ! Des postes de conseiller.e.s disponibles - Mission Locale Est","isPartOf":{"@id":"https:\/\/missionlocaleest.re\/#website"},"primaryImageOfPage":{"@id":"https:\/\/missionlocaleest.re\/index.php\/2025\/07\/10\/la-mission-locale-est-recrute-des-postes-de-conseiller-e-s-disponibles\/#primaryimage"},"image":{"@id":"https:\/\/missionlocaleest.re\/index.php\/2025\/07\/10\/la-mission-locale-est-recrute-des-postes-de-conseiller-e-s-disponibles\/#primaryimage"},"thumbnailUrl":"https:\/\/missionlocaleest.re\/wp-content\/uploads\/2025\/04\/2025_Illustration_Nv_Offre.webp","datePublished":"2025-07-10T04:48:05+00:00","dateModified":"2025-07-10T04:48:06+00:00","breadcrumb":{"@id":"https:\/\/missionlocaleest.re\/index.php\/2025\/07\/10\/la-mission-locale-est-recrute-des-postes-de-conseiller-e-s-disponibles\/#breadcrumb"},"inLanguage":"fr-FR","potentialAction":[{"@type":"ReadAction","target":["https:\/\/missionlocaleest.re\/index.php\/2025\/07\/10\/la-mission-locale-est-recrute-des-postes-de-conseiller-e-s-disponibles\/"]}]},{"@type":"ImageObject","inLanguage":"fr-FR","@id":"https:\/\/missionlocaleest.re\/index.php\/2025\/07\/10\/la-mission-locale-est-recrute-des-postes-de-conseiller-e-s-disponibles\/#primaryimage","url":"https:\/\/missionlocaleest.re\/wp-content\/uploads\/2025\/04\/2025_Illustration_Nv_Offre.webp","contentUrl":"https:\/\/missionlocaleest.re\/wp-content\/uploads\/2025\/04\/2025_Illustration_Nv_Offre.webp","width":1000,"height":1000},{"@type":"BreadcrumbList","@id":"https:\/\/missionlocaleest.re\/index.php\/2025\/07\/10\/la-mission-locale-est-recrute-des-postes-de-conseiller-e-s-disponibles\/#breadcrumb","itemListElement":[{"@type":"ListItem","position":1,"name":"Accueil","item":"https:\/\/missionlocaleest.re\/"},{"@type":"ListItem","position":2,"name":"La Mission Locale Est recrute ! Des postes de conseiller.e.s disponibles"}]},{"@type":"WebSite","@id":"https:\/\/missionlocaleest.re\/#website","url":"https:\/\/missionlocaleest.re\/","name":"Mission Locale Est","description":"Pour l&#039;insertion sociale et professionnelle de l&#039;ensemble des jeunes du territoire Est !","publisher":{"@id":"https:\/\/missionlocaleest.re\/#organization"},"potentialAction":[{"@type":"SearchAction","target":{"@type":"EntryPoint","urlTemplate":"https:\/\/missionlocaleest.re\/?s={search_term_string}"},"query-input":{"@type":"PropertyValueSpecification","valueRequired":true,"valueName":"search_term_string"}}],"inLanguage":"fr-FR"},{"@type":"Organization","@id":"https:\/\/missionlocaleest.re\/#organization","name":"Mission Locale Est","url":"https:\/\/missionlocaleest.re\/","logo":{"@type":"ImageObject","inLanguage":"fr-FR","@id":"https:\/\/missionlocaleest.re\/#\/schema\/logo\/image\/","url":"https:\/\/missionlocaleest.re\/wp-content\/uploads\/2024\/05\/Logo_MLE_CMJN_Transparent.png","contentUrl":"https:\/\/missionlocaleest.re\/wp-content\/uploads\/2024\/05\/Logo_MLE_CMJN_Transparent.png","width":347,"height":412,"caption":"Mission Locale Est"},"image":{"@id":"https:\/\/missionlocaleest.re\/#\/schema\/logo\/image\/"},"sameAs":["https:\/\/www.facebook.com\/MLEstReunion\/","https:\/\/www.instagram.com\/missionlocaleest"]},{"@type":"Person","@id":"https:\/\/missionlocaleest.re\/#\/schema\/person\/84a119f07c3d76016394dd52b2455e1c","name":"webmaster","image":{"@type":"ImageObject","inLanguage":"fr-FR","@id":"https:\/\/secure.gravatar.com\/avatar\/a6900e68d5d703f2d4ed65a49fc695dd026766733acceca7fc8a936c08cb0e09?s=96&d=mm&r=g","url":"https:\/\/secure.gravatar.com\/avatar\/a6900e68d5d703f2d4ed65a49fc695dd026766733acceca7fc8a936c08cb0e09?s=96&d=mm&r=g","contentUrl":"https:\/\/secure.gravatar.com\/avatar\/a6900e68d5d703f2d4ed65a49fc695dd026766733acceca7fc8a936c08cb0e09?s=96&d=mm&r=g","caption":"webmaster"},"sameAs":["http:\/\/missionlocaleest.re"],"url":"https:\/\/missionlocaleest.re\/index.php\/author\/admin8117\/"}]}},"_links":{"self":[{"href":"https:\/\/missionlocaleest.re\/index.php\/wp-json\/wp\/v2\/posts\/1962","targetHints":{"allow":["GET"]}}],"collection":[{"href":"https:\/\/missionlocaleest.re\/index.php\/wp-json\/wp\/v2\/posts"}],"about":[{"href":"https:\/\/missionlocaleest.re\/index.php\/wp-json\/wp\/v2\/types\/post"}],"author":[{"embeddable":true,"href":"https:\/\/missionlocaleest.re\/index.php\/wp-json\/wp\/v2\/users\/1"}],"replies":[{"embeddable":true,"href":"https:\/\/missionlocaleest.re\/index.php\/wp-json\/wp\/v2\/comments?post=1962"}],"version-history":[{"count":2,"href":"https:\/\/missionlocaleest.re\/index.php\/wp-json\/wp\/v2\/posts\/1962\/revisions"}],"predecessor-version":[{"id":1967,"href":"https:\/\/missionlocaleest.re\/index.php\/wp-json\/wp\/v2\/posts\/1962\/revisions\/1967"}],"wp:featuredmedia":[{"embeddable":true,"href":"https:\/\/missionlocaleest.re\/index.php\/wp-json\/wp\/v2\/media\/1686"}],"wp:attachment":[{"href":"https:\/\/missionlocaleest.re\/index.php\/wp-json\/wp\/v2\/media?parent=1962"}],"wp:term":[{"taxonomy":"category","embeddable":true,"href":"https:\/\/missionlocaleest.re\/index.php\/wp-json\/wp\/v2\/categories?post=1962"},{"taxonomy":"post_tag","embeddable":true,"href":"https:\/\/missionlocaleest.re\/index.php\/wp-json\/wp\/v2\/tags?post=1962"}],"curies":[{"name":"wp","href":"https:\/\/api.w.org\/{rel}","templated":true}]}}