{"id":1954,"date":"2025-07-03T08:16:27","date_gmt":"2025-07-03T06:16:27","guid":{"rendered":"https:\/\/missionlocaleest.re\/?p=1954"},"modified":"2025-07-03T08:16:28","modified_gmt":"2025-07-03T06:16:28","slug":"aftral-vous-donne-rendez-vous-a-saint-benoit-pour-une-reunion-dinformation-et-un-job-dating","status":"publish","type":"post","link":"https:\/\/missionlocaleest.re\/index.php\/2025\/07\/03\/aftral-vous-donne-rendez-vous-a-saint-benoit-pour-une-reunion-dinformation-et-un-job-dating\/","title":{"rendered":"AFTRAL vous donne rendez-vous \u00e0 Saint-Beno\u00eet pour une r\u00e9union d\u2019information et un job dating"},"content":{"rendered":"<p>[et_pb_section fb_built=\u00a0\u00bb1&Prime; theme_builder_area=\u00a0\u00bbpost_content\u00a0\u00bb _builder_version=\u00a0\u00bb4.27.4&Prime; _module_preset=\u00a0\u00bbdefault\u00a0\u00bb da_is_popup=\u00a0\u00bboff\u00a0\u00bb da_exit_intent=\u00a0\u00bboff\u00a0\u00bb da_has_close=\u00a0\u00bbon\u00a0\u00bb da_alt_close=\u00a0\u00bboff\u00a0\u00bb da_dark_close=\u00a0\u00bboff\u00a0\u00bb da_not_modal=\u00a0\u00bbon\u00a0\u00bb da_is_singular=\u00a0\u00bboff\u00a0\u00bb da_with_loader=\u00a0\u00bboff\u00a0\u00bb da_has_shadow=\u00a0\u00bbon\u00a0\u00bb da_disable_devices=\u00a0\u00bboff|off|off\u00a0\u00bb][et_pb_row column_structure=\u00a0\u00bb2_5,3_5&Prime; make_equal=\u00a0\u00bbon\u00a0\u00bb _builder_version=\u00a0\u00bb4.27.4&Prime; _module_preset=\u00a0\u00bbdefault\u00a0\u00bb global_colors_info=\u00a0\u00bb{}\u00a0\u00bb theme_builder_area=\u00a0\u00bbpost_content\u00a0\u00bb][et_pb_column type=\u00a0\u00bb2_5&Prime; _builder_version=\u00a0\u00bb4.27.4&Prime; _module_preset=\u00a0\u00bbdefault\u00a0\u00bb custom_css_main_element=\u00a0\u00bbmargin: auto;\u00a0\u00bb global_colors_info=\u00a0\u00bb{}\u00a0\u00bb theme_builder_area=\u00a0\u00bbpost_content\u00a0\u00bb][et_pb_image src=\u00a0\u00bbhttps:\/\/missionlocaleest.re\/wp-content\/uploads\/2023\/08\/Embleme-UE_base_Contour-Blanc_Cofinance-noir.png\u00a0\u00bb title_text=\u00a0\u00bbEmbl\u00e8me UE_base_Contour Blanc_Cofinanc\u00e9 noir\u00a0\u00bb _builder_version=\u00a0\u00bb4.27.4&Prime; _module_preset=\u00a0\u00bbdefault\u00a0\u00bb global_colors_info=\u00a0\u00bb{}\u00a0\u00bb theme_builder_area=\u00a0\u00bbpost_content\u00a0\u00bb][\/et_pb_image][\/et_pb_column][et_pb_column type=\u00a0\u00bb3_5&Prime; _builder_version=\u00a0\u00bb4.27.4&Prime; _module_preset=\u00a0\u00bbdefault\u00a0\u00bb global_colors_info=\u00a0\u00bb{}\u00a0\u00bb theme_builder_area=\u00a0\u00bbpost_content\u00a0\u00bb][et_pb_text _builder_version=\u00a0\u00bb4.27.4&Prime; _module_preset=\u00a0\u00bbdefault\u00a0\u00bb global_colors_info=\u00a0\u00bb{}\u00a0\u00bb theme_builder_area=\u00a0\u00bbpost_content\u00a0\u00bb]<\/p>\n<p><em>Cet (ces) offre(s) est (sont) collect\u00e9e(s) dans le cadre du dispositif \u00ab\u00a0Accompagnement vers l&#8217;emploi\u00a0\u00bb qui b\u00e9n\u00e9ficie du soutien du FSE+.<\/em><\/p>\n<p>[\/et_pb_text][et_pb_button button_url=\u00a0\u00bbhttps:\/\/missionlocaleest.re\/index.php\/2023\/07\/26\/laccompagnement-des-jeunes-vers-lemploi\/\u00a0\u00bb url_new_window=\u00a0\u00bbon\u00a0\u00bb button_text=\u00a0\u00bbEn savoir plus\u00a0\u00bb _builder_version=\u00a0\u00bb4.27.4&Prime; _module_preset=\u00a0\u00bbdefault\u00a0\u00bb custom_button=\u00a0\u00bbon\u00a0\u00bb button_border_radius=\u00a0\u00bb100px\u00a0\u00bb global_colors_info=\u00a0\u00bb{}\u00a0\u00bb theme_builder_area=\u00a0\u00bbpost_content\u00a0\u00bb][\/et_pb_button][\/et_pb_column][\/et_pb_row][\/et_pb_section][et_pb_section fb_built=\u00a0\u00bb1&Prime; theme_builder_area=\u00a0\u00bbpost_content\u00a0\u00bb _builder_version=\u00a0\u00bb4.27.4&Prime; _module_preset=\u00a0\u00bbdefault\u00a0\u00bb da_is_popup=\u00a0\u00bboff\u00a0\u00bb da_exit_intent=\u00a0\u00bboff\u00a0\u00bb da_has_close=\u00a0\u00bbon\u00a0\u00bb da_alt_close=\u00a0\u00bboff\u00a0\u00bb da_dark_close=\u00a0\u00bboff\u00a0\u00bb da_not_modal=\u00a0\u00bbon\u00a0\u00bb da_is_singular=\u00a0\u00bboff\u00a0\u00bb da_with_loader=\u00a0\u00bboff\u00a0\u00bb da_has_shadow=\u00a0\u00bbon\u00a0\u00bb da_disable_devices=\u00a0\u00bboff|off|off\u00a0\u00bb][et_pb_row _builder_version=\u00a0\u00bb4.27.4&Prime; _module_preset=\u00a0\u00bbdefault\u00a0\u00bb theme_builder_area=\u00a0\u00bbpost_content\u00a0\u00bb][et_pb_column _builder_version=\u00a0\u00bb4.27.4&Prime; _module_preset=\u00a0\u00bbdefault\u00a0\u00bb type=\u00a0\u00bb4_4&Prime; theme_builder_area=\u00a0\u00bbpost_content\u00a0\u00bb][et_pb_text _builder_version=\u00a0\u00bb4.27.4&Prime; _module_preset=\u00a0\u00bbdefault\u00a0\u00bb theme_builder_area=\u00a0\u00bbpost_content\u00a0\u00bb hover_enabled=\u00a0\u00bb0&Prime; sticky_enabled=\u00a0\u00bb0&Prime;]<\/p>\n<p data-start=\"188\" data-end=\"443\">Le centre de formation <strong data-start=\"211\" data-end=\"221\">AFTRAL<\/strong>, partenaire de la Mission Locale Est, sera pr\u00e9sent le <strong data-start=\"276\" data-end=\"308\">mardi 08 juillet 2025 \u00e0 9h00<\/strong> sur l\u2019antenne de <strong data-start=\"326\" data-end=\"342\">Saint-Beno\u00eet<\/strong> (25 Cit\u00e9 Artisanale Beaufonds) pour une <strong data-start=\"383\" data-end=\"442\">r\u00e9union d\u2019information collective suivie d\u2019un job dating<\/strong>.<\/p>\n<p data-start=\"445\" data-end=\"682\">Cet \u00e9v\u00e9nement est l\u2019occasion id\u00e9ale de d\u00e9couvrir les <strong data-start=\"498\" data-end=\"590\">formations en alternance dans les secteurs du transport, de la logistique et du tourisme<\/strong>, et de passer des <strong data-start=\"609\" data-end=\"635\">entretiens individuels<\/strong> pour vous positionner sur les offres en cours.<\/p>\n<h3 data-start=\"689\" data-end=\"733\"><\/h3>\n<h3 data-start=\"689\" data-end=\"733\">\ud83c\udf93<span style=\"font-size: 16px;\">Les formations propos\u00e9es par AFTRAL :<\/span><\/h3>\n<p data-start=\"734\" data-end=\"1285\">\u2705 <strong data-start=\"736\" data-end=\"777\">TP Conducteur Routier de Marchandises<\/strong> \u2013 Niveau CAP \u2013 D\u00e9marrage : mars 2026 \u00e0 Saint-Beno\u00eet<br data-start=\"829\" data-end=\"832\" \/>\u2705 <strong data-start=\"834\" data-end=\"872\">TP Conducteur Routier de Voyageurs<\/strong> \u2013 Niveau CAP \u2013 D\u00e9marrage : mars 2026 \u00e0 Saint-Beno\u00eet<br data-start=\"924\" data-end=\"927\" \/>\u2705 <strong data-start=\"929\" data-end=\"952\">TP Agent Magasinier<\/strong> \u2013 Niveau CAP \u2013 D\u00e9marrage : juillet 2025 \u00e0 Saint-Beno\u00eet<br data-start=\"1007\" data-end=\"1010\" \/>\u2705 <strong data-start=\"1012\" data-end=\"1074\">TP Exploitant R\u00e9gulateur en Transport Routier de Voyageurs<\/strong> \u2013 Niveau Bac<br data-start=\"1087\" data-end=\"1090\" \/>\u2705 <strong data-start=\"1092\" data-end=\"1134\">TP Technicien Logistique d\u2019Entreposage<\/strong> \u2013 Niveau Bac<br data-start=\"1147\" data-end=\"1150\" \/>\ud83c\udf0d <strong data-start=\"1153\" data-end=\"1166\">NOUVEAUT\u00c9<\/strong> : <strong data-start=\"1169\" data-end=\"1227\" data-is-only-node=\"\">TP Vendeur Conseil en Voyage d\u2019Affaires et du Tourisme<\/strong> \u2013 Niveau Bac+2 \u2013 D\u00e9marrage : novembre 2025 \u00e0 Saint-Paul<\/p>\n<p data-start=\"1287\" data-end=\"1512\">Ce dernier titre permet de valider trois comp\u00e9tences cl\u00e9s :<br data-start=\"1346\" data-end=\"1349\" \/>\ud83d\udd39 R\u00e9server les prestations n\u00e9cessaires \u00e0 un d\u00e9placement<br data-start=\"1405\" data-end=\"1408\" \/>\ud83d\udd39 Vendre et composer des voyages individuels<br data-start=\"1453\" data-end=\"1456\" \/>\ud83d\udd39 Construire et commercialiser des voyages de groupes<\/p>\n<h3 data-start=\"1519\" data-end=\"1548\"><\/h3>\n<h3 data-start=\"1519\" data-end=\"1548\">\ud83d\udccc Informations pratiques<\/h3>\n<p data-start=\"1549\" data-end=\"1769\">\ud83d\udccd <strong data-start=\"1552\" data-end=\"1562\">Lieu :<\/strong> Mission Locale Est \u2013 Antenne de Saint-Beno\u00eet<br data-start=\"1607\" data-end=\"1610\" \/>\ud83d\udcc5 <strong data-start=\"1613\" data-end=\"1623\">Date :<\/strong> Mardi 08 juillet 2025<br data-start=\"1645\" data-end=\"1648\" \/>\ud83d\udd58 <strong data-start=\"1651\" data-end=\"1662\">Heure :<\/strong> 9h00<br data-start=\"1667\" data-end=\"1670\" \/>\ud83d\udc54 <strong data-start=\"1673\" data-end=\"1705\">Tenue professionnelle exig\u00e9e<\/strong> pour les entretiens individuels qui suivront la pr\u00e9sentation.<\/p>\n<p data-start=\"1771\" data-end=\"1905\">Ces sessions sont organis\u00e9es dans le cadre des actions du dispositif <strong data-start=\"1841\" data-end=\"1875\">\u201cAccompagnement vers l\u2019Emploi\u201d <\/strong>qui b\u00e9n\u00e9ficie du\u00a0soutien du <strong data-start=\"1896\" data-end=\"1904\">FSE+<\/strong>.<\/p>\n<p>[\/et_pb_text][\/et_pb_column][\/et_pb_row][\/et_pb_section]<\/p>\n","protected":false},"excerpt":{"rendered":"<p>Cet (ces) offre(s) est (sont) collect\u00e9e(s) dans le cadre du dispositif \u00ab\u00a0Accompagnement vers l&#8217;emploi\u00a0\u00bb qui b\u00e9n\u00e9ficie du soutien du FSE+.Le centre de formation AFTRAL, partenaire de la Mission Locale Est, sera pr\u00e9sent le mardi 08 juillet 2025 \u00e0 9h00 sur l\u2019antenne de Saint-Beno\u00eet (25 Cit\u00e9 Artisanale Beaufonds) pour une r\u00e9union d\u2019information collective suivie d\u2019un job [&hellip;]<\/p>\n","protected":false},"author":1,"featured_media":1701,"comment_status":"closed","ping_status":"open","sticky":false,"template":"","format":"standard","meta":{"_et_pb_use_builder":"on","_et_pb_old_content":"","_et_gb_content_width":"1080","footnotes":""},"categories":[59,58],"tags":[],"class_list":["post-1954","post","type-post","status-publish","format-standard","has-post-thumbnail","hentry","category-actus","category-offres-en-cours"],"yoast_head":"<!-- This site is optimized with the Yoast SEO plugin v27.2 - https:\/\/yoast.com\/product\/yoast-seo-wordpress\/ -->\n<title>AFTRAL vous donne rendez-vous \u00e0 Saint-Beno\u00eet pour une r\u00e9union d\u2019information et un job dating - Mission Locale Est<\/title>\n<meta name=\"robots\" content=\"index, follow, max-snippet:-1, max-image-preview:large, max-video-preview:-1\" \/>\n<link rel=\"canonical\" href=\"https:\/\/missionlocaleest.re\/index.php\/2025\/07\/03\/aftral-vous-donne-rendez-vous-a-saint-benoit-pour-une-reunion-dinformation-et-un-job-dating\/\" \/>\n<meta property=\"og:locale\" content=\"fr_FR\" \/>\n<meta property=\"og:type\" content=\"article\" \/>\n<meta property=\"og:title\" content=\"AFTRAL vous donne rendez-vous \u00e0 Saint-Beno\u00eet pour une r\u00e9union d\u2019information et un job dating - Mission Locale Est\" \/>\n<meta property=\"og:description\" content=\"Cet (ces) offre(s) est (sont) collect\u00e9e(s) dans le cadre du dispositif &quot;Accompagnement vers l&#039;emploi&quot; qui b\u00e9n\u00e9ficie du soutien du FSE+.Le centre de formation AFTRAL, partenaire de la Mission Locale Est, sera pr\u00e9sent le mardi 08 juillet 2025 \u00e0 9h00 sur l\u2019antenne de Saint-Beno\u00eet (25 Cit\u00e9 Artisanale Beaufonds) pour une r\u00e9union d\u2019information collective suivie d\u2019un job [&hellip;]\" \/>\n<meta property=\"og:url\" content=\"https:\/\/missionlocaleest.re\/index.php\/2025\/07\/03\/aftral-vous-donne-rendez-vous-a-saint-benoit-pour-une-reunion-dinformation-et-un-job-dating\/\" \/>\n<meta property=\"og:site_name\" content=\"Mission Locale Est\" \/>\n<meta property=\"article:publisher\" content=\"https:\/\/www.facebook.com\/MLEstReunion\/\" \/>\n<meta property=\"article:published_time\" content=\"2025-07-03T06:16:27+00:00\" \/>\n<meta property=\"article:modified_time\" content=\"2025-07-03T06:16:28+00:00\" \/>\n<meta property=\"og:image\" content=\"https:\/\/missionlocaleest.re\/wp-content\/uploads\/2025\/04\/20258fse_Illustration_Evnmnt.png\" \/>\n\t<meta property=\"og:image:width\" content=\"1000\" \/>\n\t<meta property=\"og:image:height\" content=\"1000\" \/>\n\t<meta property=\"og:image:type\" content=\"image\/png\" \/>\n<meta name=\"author\" content=\"webmaster\" \/>\n<meta name=\"twitter:card\" content=\"summary_large_image\" \/>\n<meta name=\"twitter:label1\" content=\"\u00c9crit par\" \/>\n\t<meta name=\"twitter:data1\" content=\"webmaster\" \/>\n\t<meta name=\"twitter:label2\" content=\"Dur\u00e9e de lecture estim\u00e9e\" \/>\n\t<meta name=\"twitter:data2\" content=\"1 minute\" \/>\n<script type=\"application\/ld+json\" class=\"yoast-schema-graph\">{\"@context\":\"https:\/\/schema.org\",\"@graph\":[{\"@type\":\"Article\",\"@id\":\"https:\/\/missionlocaleest.re\/index.php\/2025\/07\/03\/aftral-vous-donne-rendez-vous-a-saint-benoit-pour-une-reunion-dinformation-et-un-job-dating\/#article\",\"isPartOf\":{\"@id\":\"https:\/\/missionlocaleest.re\/index.php\/2025\/07\/03\/aftral-vous-donne-rendez-vous-a-saint-benoit-pour-une-reunion-dinformation-et-un-job-dating\/\"},\"author\":{\"name\":\"webmaster\",\"@id\":\"https:\/\/missionlocaleest.re\/#\/schema\/person\/84a119f07c3d76016394dd52b2455e1c\"},\"headline\":\"AFTRAL vous donne rendez-vous \u00e0 Saint-Beno\u00eet pour une r\u00e9union d\u2019information et un job dating\",\"datePublished\":\"2025-07-03T06:16:27+00:00\",\"dateModified\":\"2025-07-03T06:16:28+00:00\",\"mainEntityOfPage\":{\"@id\":\"https:\/\/missionlocaleest.re\/index.php\/2025\/07\/03\/aftral-vous-donne-rendez-vous-a-saint-benoit-pour-une-reunion-dinformation-et-un-job-dating\/\"},\"wordCount\":626,\"publisher\":{\"@id\":\"https:\/\/missionlocaleest.re\/#organization\"},\"image\":{\"@id\":\"https:\/\/missionlocaleest.re\/index.php\/2025\/07\/03\/aftral-vous-donne-rendez-vous-a-saint-benoit-pour-une-reunion-dinformation-et-un-job-dating\/#primaryimage\"},\"thumbnailUrl\":\"https:\/\/missionlocaleest.re\/wp-content\/uploads\/2025\/04\/20258fse_Illustration_Evnmnt.png\",\"articleSection\":[\"Actus\",\"Offres en cours\"],\"inLanguage\":\"fr-FR\"},{\"@type\":\"WebPage\",\"@id\":\"https:\/\/missionlocaleest.re\/index.php\/2025\/07\/03\/aftral-vous-donne-rendez-vous-a-saint-benoit-pour-une-reunion-dinformation-et-un-job-dating\/\",\"url\":\"https:\/\/missionlocaleest.re\/index.php\/2025\/07\/03\/aftral-vous-donne-rendez-vous-a-saint-benoit-pour-une-reunion-dinformation-et-un-job-dating\/\",\"name\":\"AFTRAL vous donne rendez-vous \u00e0 Saint-Beno\u00eet pour une r\u00e9union d\u2019information et un job dating - Mission Locale Est\",\"isPartOf\":{\"@id\":\"https:\/\/missionlocaleest.re\/#website\"},\"primaryImageOfPage\":{\"@id\":\"https:\/\/missionlocaleest.re\/index.php\/2025\/07\/03\/aftral-vous-donne-rendez-vous-a-saint-benoit-pour-une-reunion-dinformation-et-un-job-dating\/#primaryimage\"},\"image\":{\"@id\":\"https:\/\/missionlocaleest.re\/index.php\/2025\/07\/03\/aftral-vous-donne-rendez-vous-a-saint-benoit-pour-une-reunion-dinformation-et-un-job-dating\/#primaryimage\"},\"thumbnailUrl\":\"https:\/\/missionlocaleest.re\/wp-content\/uploads\/2025\/04\/20258fse_Illustration_Evnmnt.png\",\"datePublished\":\"2025-07-03T06:16:27+00:00\",\"dateModified\":\"2025-07-03T06:16:28+00:00\",\"breadcrumb\":{\"@id\":\"https:\/\/missionlocaleest.re\/index.php\/2025\/07\/03\/aftral-vous-donne-rendez-vous-a-saint-benoit-pour-une-reunion-dinformation-et-un-job-dating\/#breadcrumb\"},\"inLanguage\":\"fr-FR\",\"potentialAction\":[{\"@type\":\"ReadAction\",\"target\":[\"https:\/\/missionlocaleest.re\/index.php\/2025\/07\/03\/aftral-vous-donne-rendez-vous-a-saint-benoit-pour-une-reunion-dinformation-et-un-job-dating\/\"]}]},{\"@type\":\"ImageObject\",\"inLanguage\":\"fr-FR\",\"@id\":\"https:\/\/missionlocaleest.re\/index.php\/2025\/07\/03\/aftral-vous-donne-rendez-vous-a-saint-benoit-pour-une-reunion-dinformation-et-un-job-dating\/#primaryimage\",\"url\":\"https:\/\/missionlocaleest.re\/wp-content\/uploads\/2025\/04\/20258fse_Illustration_Evnmnt.png\",\"contentUrl\":\"https:\/\/missionlocaleest.re\/wp-content\/uploads\/2025\/04\/20258fse_Illustration_Evnmnt.png\",\"width\":1000,\"height\":1000},{\"@type\":\"BreadcrumbList\",\"@id\":\"https:\/\/missionlocaleest.re\/index.php\/2025\/07\/03\/aftral-vous-donne-rendez-vous-a-saint-benoit-pour-une-reunion-dinformation-et-un-job-dating\/#breadcrumb\",\"itemListElement\":[{\"@type\":\"ListItem\",\"position\":1,\"name\":\"Accueil\",\"item\":\"https:\/\/missionlocaleest.re\/\"},{\"@type\":\"ListItem\",\"position\":2,\"name\":\"AFTRAL vous donne rendez-vous \u00e0 Saint-Beno\u00eet pour une r\u00e9union d\u2019information et un job dating\"}]},{\"@type\":\"WebSite\",\"@id\":\"https:\/\/missionlocaleest.re\/#website\",\"url\":\"https:\/\/missionlocaleest.re\/\",\"name\":\"Mission Locale Est\",\"description\":\"Pour l&#039;insertion sociale et professionnelle de l&#039;ensemble des jeunes du territoire Est !\",\"publisher\":{\"@id\":\"https:\/\/missionlocaleest.re\/#organization\"},\"potentialAction\":[{\"@type\":\"SearchAction\",\"target\":{\"@type\":\"EntryPoint\",\"urlTemplate\":\"https:\/\/missionlocaleest.re\/?s={search_term_string}\"},\"query-input\":{\"@type\":\"PropertyValueSpecification\",\"valueRequired\":true,\"valueName\":\"search_term_string\"}}],\"inLanguage\":\"fr-FR\"},{\"@type\":\"Organization\",\"@id\":\"https:\/\/missionlocaleest.re\/#organization\",\"name\":\"Mission Locale Est\",\"url\":\"https:\/\/missionlocaleest.re\/\",\"logo\":{\"@type\":\"ImageObject\",\"inLanguage\":\"fr-FR\",\"@id\":\"https:\/\/missionlocaleest.re\/#\/schema\/logo\/image\/\",\"url\":\"https:\/\/missionlocaleest.re\/wp-content\/uploads\/2024\/05\/Logo_MLE_CMJN_Transparent.png\",\"contentUrl\":\"https:\/\/missionlocaleest.re\/wp-content\/uploads\/2024\/05\/Logo_MLE_CMJN_Transparent.png\",\"width\":347,\"height\":412,\"caption\":\"Mission Locale Est\"},\"image\":{\"@id\":\"https:\/\/missionlocaleest.re\/#\/schema\/logo\/image\/\"},\"sameAs\":[\"https:\/\/www.facebook.com\/MLEstReunion\/\",\"https:\/\/www.instagram.com\/missionlocaleest\"]},{\"@type\":\"Person\",\"@id\":\"https:\/\/missionlocaleest.re\/#\/schema\/person\/84a119f07c3d76016394dd52b2455e1c\",\"name\":\"webmaster\",\"image\":{\"@type\":\"ImageObject\",\"inLanguage\":\"fr-FR\",\"@id\":\"https:\/\/secure.gravatar.com\/avatar\/a6900e68d5d703f2d4ed65a49fc695dd026766733acceca7fc8a936c08cb0e09?s=96&d=mm&r=g\",\"url\":\"https:\/\/secure.gravatar.com\/avatar\/a6900e68d5d703f2d4ed65a49fc695dd026766733acceca7fc8a936c08cb0e09?s=96&d=mm&r=g\",\"contentUrl\":\"https:\/\/secure.gravatar.com\/avatar\/a6900e68d5d703f2d4ed65a49fc695dd026766733acceca7fc8a936c08cb0e09?s=96&d=mm&r=g\",\"caption\":\"webmaster\"},\"sameAs\":[\"http:\/\/missionlocaleest.re\"],\"url\":\"https:\/\/missionlocaleest.re\/index.php\/author\/admin8117\/\"}]}<\/script>\n<!-- \/ Yoast SEO plugin. -->","yoast_head_json":{"title":"AFTRAL vous donne rendez-vous \u00e0 Saint-Beno\u00eet pour une r\u00e9union d\u2019information et un job dating - Mission Locale Est","robots":{"index":"index","follow":"follow","max-snippet":"max-snippet:-1","max-image-preview":"max-image-preview:large","max-video-preview":"max-video-preview:-1"},"canonical":"https:\/\/missionlocaleest.re\/index.php\/2025\/07\/03\/aftral-vous-donne-rendez-vous-a-saint-benoit-pour-une-reunion-dinformation-et-un-job-dating\/","og_locale":"fr_FR","og_type":"article","og_title":"AFTRAL vous donne rendez-vous \u00e0 Saint-Beno\u00eet pour une r\u00e9union d\u2019information et un job dating - Mission Locale Est","og_description":"Cet (ces) offre(s) est (sont) collect\u00e9e(s) dans le cadre du dispositif \"Accompagnement vers l'emploi\" qui b\u00e9n\u00e9ficie du soutien du FSE+.Le centre de formation AFTRAL, partenaire de la Mission Locale Est, sera pr\u00e9sent le mardi 08 juillet 2025 \u00e0 9h00 sur l\u2019antenne de Saint-Beno\u00eet (25 Cit\u00e9 Artisanale Beaufonds) pour une r\u00e9union d\u2019information collective suivie d\u2019un job [&hellip;]","og_url":"https:\/\/missionlocaleest.re\/index.php\/2025\/07\/03\/aftral-vous-donne-rendez-vous-a-saint-benoit-pour-une-reunion-dinformation-et-un-job-dating\/","og_site_name":"Mission Locale Est","article_publisher":"https:\/\/www.facebook.com\/MLEstReunion\/","article_published_time":"2025-07-03T06:16:27+00:00","article_modified_time":"2025-07-03T06:16:28+00:00","og_image":[{"width":1000,"height":1000,"url":"https:\/\/missionlocaleest.re\/wp-content\/uploads\/2025\/04\/20258fse_Illustration_Evnmnt.png","type":"image\/png"}],"author":"webmaster","twitter_card":"summary_large_image","twitter_misc":{"\u00c9crit par":"webmaster","Dur\u00e9e de lecture estim\u00e9e":"1 minute"},"schema":{"@context":"https:\/\/schema.org","@graph":[{"@type":"Article","@id":"https:\/\/missionlocaleest.re\/index.php\/2025\/07\/03\/aftral-vous-donne-rendez-vous-a-saint-benoit-pour-une-reunion-dinformation-et-un-job-dating\/#article","isPartOf":{"@id":"https:\/\/missionlocaleest.re\/index.php\/2025\/07\/03\/aftral-vous-donne-rendez-vous-a-saint-benoit-pour-une-reunion-dinformation-et-un-job-dating\/"},"author":{"name":"webmaster","@id":"https:\/\/missionlocaleest.re\/#\/schema\/person\/84a119f07c3d76016394dd52b2455e1c"},"headline":"AFTRAL vous donne rendez-vous \u00e0 Saint-Beno\u00eet pour une r\u00e9union d\u2019information et un job dating","datePublished":"2025-07-03T06:16:27+00:00","dateModified":"2025-07-03T06:16:28+00:00","mainEntityOfPage":{"@id":"https:\/\/missionlocaleest.re\/index.php\/2025\/07\/03\/aftral-vous-donne-rendez-vous-a-saint-benoit-pour-une-reunion-dinformation-et-un-job-dating\/"},"wordCount":626,"publisher":{"@id":"https:\/\/missionlocaleest.re\/#organization"},"image":{"@id":"https:\/\/missionlocaleest.re\/index.php\/2025\/07\/03\/aftral-vous-donne-rendez-vous-a-saint-benoit-pour-une-reunion-dinformation-et-un-job-dating\/#primaryimage"},"thumbnailUrl":"https:\/\/missionlocaleest.re\/wp-content\/uploads\/2025\/04\/20258fse_Illustration_Evnmnt.png","articleSection":["Actus","Offres en cours"],"inLanguage":"fr-FR"},{"@type":"WebPage","@id":"https:\/\/missionlocaleest.re\/index.php\/2025\/07\/03\/aftral-vous-donne-rendez-vous-a-saint-benoit-pour-une-reunion-dinformation-et-un-job-dating\/","url":"https:\/\/missionlocaleest.re\/index.php\/2025\/07\/03\/aftral-vous-donne-rendez-vous-a-saint-benoit-pour-une-reunion-dinformation-et-un-job-dating\/","name":"AFTRAL vous donne rendez-vous \u00e0 Saint-Beno\u00eet pour une r\u00e9union d\u2019information et un job dating - Mission Locale Est","isPartOf":{"@id":"https:\/\/missionlocaleest.re\/#website"},"primaryImageOfPage":{"@id":"https:\/\/missionlocaleest.re\/index.php\/2025\/07\/03\/aftral-vous-donne-rendez-vous-a-saint-benoit-pour-une-reunion-dinformation-et-un-job-dating\/#primaryimage"},"image":{"@id":"https:\/\/missionlocaleest.re\/index.php\/2025\/07\/03\/aftral-vous-donne-rendez-vous-a-saint-benoit-pour-une-reunion-dinformation-et-un-job-dating\/#primaryimage"},"thumbnailUrl":"https:\/\/missionlocaleest.re\/wp-content\/uploads\/2025\/04\/20258fse_Illustration_Evnmnt.png","datePublished":"2025-07-03T06:16:27+00:00","dateModified":"2025-07-03T06:16:28+00:00","breadcrumb":{"@id":"https:\/\/missionlocaleest.re\/index.php\/2025\/07\/03\/aftral-vous-donne-rendez-vous-a-saint-benoit-pour-une-reunion-dinformation-et-un-job-dating\/#breadcrumb"},"inLanguage":"fr-FR","potentialAction":[{"@type":"ReadAction","target":["https:\/\/missionlocaleest.re\/index.php\/2025\/07\/03\/aftral-vous-donne-rendez-vous-a-saint-benoit-pour-une-reunion-dinformation-et-un-job-dating\/"]}]},{"@type":"ImageObject","inLanguage":"fr-FR","@id":"https:\/\/missionlocaleest.re\/index.php\/2025\/07\/03\/aftral-vous-donne-rendez-vous-a-saint-benoit-pour-une-reunion-dinformation-et-un-job-dating\/#primaryimage","url":"https:\/\/missionlocaleest.re\/wp-content\/uploads\/2025\/04\/20258fse_Illustration_Evnmnt.png","contentUrl":"https:\/\/missionlocaleest.re\/wp-content\/uploads\/2025\/04\/20258fse_Illustration_Evnmnt.png","width":1000,"height":1000},{"@type":"BreadcrumbList","@id":"https:\/\/missionlocaleest.re\/index.php\/2025\/07\/03\/aftral-vous-donne-rendez-vous-a-saint-benoit-pour-une-reunion-dinformation-et-un-job-dating\/#breadcrumb","itemListElement":[{"@type":"ListItem","position":1,"name":"Accueil","item":"https:\/\/missionlocaleest.re\/"},{"@type":"ListItem","position":2,"name":"AFTRAL vous donne rendez-vous \u00e0 Saint-Beno\u00eet pour une r\u00e9union d\u2019information et un job dating"}]},{"@type":"WebSite","@id":"https:\/\/missionlocaleest.re\/#website","url":"https:\/\/missionlocaleest.re\/","name":"Mission Locale Est","description":"Pour l&#039;insertion sociale et professionnelle de l&#039;ensemble des jeunes du territoire Est !","publisher":{"@id":"https:\/\/missionlocaleest.re\/#organization"},"potentialAction":[{"@type":"SearchAction","target":{"@type":"EntryPoint","urlTemplate":"https:\/\/missionlocaleest.re\/?s={search_term_string}"},"query-input":{"@type":"PropertyValueSpecification","valueRequired":true,"valueName":"search_term_string"}}],"inLanguage":"fr-FR"},{"@type":"Organization","@id":"https:\/\/missionlocaleest.re\/#organization","name":"Mission Locale Est","url":"https:\/\/missionlocaleest.re\/","logo":{"@type":"ImageObject","inLanguage":"fr-FR","@id":"https:\/\/missionlocaleest.re\/#\/schema\/logo\/image\/","url":"https:\/\/missionlocaleest.re\/wp-content\/uploads\/2024\/05\/Logo_MLE_CMJN_Transparent.png","contentUrl":"https:\/\/missionlocaleest.re\/wp-content\/uploads\/2024\/05\/Logo_MLE_CMJN_Transparent.png","width":347,"height":412,"caption":"Mission Locale Est"},"image":{"@id":"https:\/\/missionlocaleest.re\/#\/schema\/logo\/image\/"},"sameAs":["https:\/\/www.facebook.com\/MLEstReunion\/","https:\/\/www.instagram.com\/missionlocaleest"]},{"@type":"Person","@id":"https:\/\/missionlocaleest.re\/#\/schema\/person\/84a119f07c3d76016394dd52b2455e1c","name":"webmaster","image":{"@type":"ImageObject","inLanguage":"fr-FR","@id":"https:\/\/secure.gravatar.com\/avatar\/a6900e68d5d703f2d4ed65a49fc695dd026766733acceca7fc8a936c08cb0e09?s=96&d=mm&r=g","url":"https:\/\/secure.gravatar.com\/avatar\/a6900e68d5d703f2d4ed65a49fc695dd026766733acceca7fc8a936c08cb0e09?s=96&d=mm&r=g","contentUrl":"https:\/\/secure.gravatar.com\/avatar\/a6900e68d5d703f2d4ed65a49fc695dd026766733acceca7fc8a936c08cb0e09?s=96&d=mm&r=g","caption":"webmaster"},"sameAs":["http:\/\/missionlocaleest.re"],"url":"https:\/\/missionlocaleest.re\/index.php\/author\/admin8117\/"}]}},"_links":{"self":[{"href":"https:\/\/missionlocaleest.re\/index.php\/wp-json\/wp\/v2\/posts\/1954","targetHints":{"allow":["GET"]}}],"collection":[{"href":"https:\/\/missionlocaleest.re\/index.php\/wp-json\/wp\/v2\/posts"}],"about":[{"href":"https:\/\/missionlocaleest.re\/index.php\/wp-json\/wp\/v2\/types\/post"}],"author":[{"embeddable":true,"href":"https:\/\/missionlocaleest.re\/index.php\/wp-json\/wp\/v2\/users\/1"}],"replies":[{"embeddable":true,"href":"https:\/\/missionlocaleest.re\/index.php\/wp-json\/wp\/v2\/comments?post=1954"}],"version-history":[{"count":2,"href":"https:\/\/missionlocaleest.re\/index.php\/wp-json\/wp\/v2\/posts\/1954\/revisions"}],"predecessor-version":[{"id":1956,"href":"https:\/\/missionlocaleest.re\/index.php\/wp-json\/wp\/v2\/posts\/1954\/revisions\/1956"}],"wp:featuredmedia":[{"embeddable":true,"href":"https:\/\/missionlocaleest.re\/index.php\/wp-json\/wp\/v2\/media\/1701"}],"wp:attachment":[{"href":"https:\/\/missionlocaleest.re\/index.php\/wp-json\/wp\/v2\/media?parent=1954"}],"wp:term":[{"taxonomy":"category","embeddable":true,"href":"https:\/\/missionlocaleest.re\/index.php\/wp-json\/wp\/v2\/categories?post=1954"},{"taxonomy":"post_tag","embeddable":true,"href":"https:\/\/missionlocaleest.re\/index.php\/wp-json\/wp\/v2\/tags?post=1954"}],"curies":[{"name":"wp","href":"https:\/\/api.w.org\/{rel}","templated":true}]}}