{"id":1947,"date":"2025-06-23T12:59:18","date_gmt":"2025-06-23T10:59:18","guid":{"rendered":"https:\/\/missionlocaleest.re\/?p=1947"},"modified":"2025-06-23T12:59:18","modified_gmt":"2025-06-23T10:59:18","slug":"passez-levaluation-clea-numerique-avec-reunion-portage","status":"publish","type":"post","link":"https:\/\/missionlocaleest.re\/index.php\/2025\/06\/23\/passez-levaluation-clea-numerique-avec-reunion-portage\/","title":{"rendered":"Passez l&rsquo;\u00e9valuation Cl\u00e9A num\u00e9rique avec R\u00e9union Portage"},"content":{"rendered":"<p>[et_pb_section fb_built=\u00a0\u00bb1&Prime; theme_builder_area=\u00a0\u00bbpost_content\u00a0\u00bb _builder_version=\u00a0\u00bb4.27.4&Prime; _module_preset=\u00a0\u00bbdefault\u00a0\u00bb da_is_popup=\u00a0\u00bboff\u00a0\u00bb da_exit_intent=\u00a0\u00bboff\u00a0\u00bb da_has_close=\u00a0\u00bbon\u00a0\u00bb da_alt_close=\u00a0\u00bboff\u00a0\u00bb da_dark_close=\u00a0\u00bboff\u00a0\u00bb da_not_modal=\u00a0\u00bbon\u00a0\u00bb da_is_singular=\u00a0\u00bboff\u00a0\u00bb da_with_loader=\u00a0\u00bboff\u00a0\u00bb da_has_shadow=\u00a0\u00bbon\u00a0\u00bb da_disable_devices=\u00a0\u00bboff|off|off\u00a0\u00bb][et_pb_row _builder_version=\u00a0\u00bb4.27.4&Prime; _module_preset=\u00a0\u00bbdefault\u00a0\u00bb theme_builder_area=\u00a0\u00bbpost_content\u00a0\u00bb][et_pb_column _builder_version=\u00a0\u00bb4.27.4&Prime; _module_preset=\u00a0\u00bbdefault\u00a0\u00bb type=\u00a0\u00bb4_4&Prime; theme_builder_area=\u00a0\u00bbpost_content\u00a0\u00bb][et_pb_text _builder_version=\u00a0\u00bb4.27.4&Prime; _module_preset=\u00a0\u00bbdefault\u00a0\u00bb theme_builder_area=\u00a0\u00bbpost_content\u00a0\u00bb hover_enabled=\u00a0\u00bb0&Prime; sticky_enabled=\u00a0\u00bb0&Prime;]<\/p>\n<p data-start=\"168\" data-end=\"422\">Vous souhaitez valoriser vos comp\u00e9tences num\u00e9riques de base et booster votre CV ? Le centre de formation <strong data-start=\"273\" data-end=\"292\">R\u00e9union Portage<\/strong> vous propose de passer l\u2019<strong data-start=\"318\" data-end=\"347\">\u00e9valuation CL\u00c9A Num\u00e9rique<\/strong> le <strong data-start=\"351\" data-end=\"376\">mercredi 25 juin 2025<\/strong>, \u00e0 la <strong data-start=\"383\" data-end=\"421\">Cit\u00e9 de la Formation de Bras-Panon<\/strong>.<\/p>\n<p data-start=\"424\" data-end=\"572\">Deux cr\u00e9neaux sont propos\u00e9s pour votre confort : <strong data-start=\"473\" data-end=\"490\">\u00e0 9h ou \u00e0 11h<\/strong>.<br data-start=\"491\" data-end=\"494\" \/><strong data-start=\"494\" data-end=\"572\">Inscription obligatoire aupr\u00e8s de votre conseiller\u00b7\u00e8re Mission Locale Est.<\/strong><\/p>\n<h3 data-start=\"574\" data-end=\"612\">\ud83d\udd0d Le CL\u00c9A Num\u00e9rique, c\u2019est quoi ?<\/h3>\n<p data-start=\"613\" data-end=\"825\">Il s\u2019agit d\u2019un <strong data-start=\"628\" data-end=\"669\">certificat reconnu au niveau national<\/strong>, qui atteste vos connaissances et comp\u00e9tences num\u00e9riques fondamentales dans un contexte professionnel. Le <strong data-start=\"776\" data-end=\"794\">CL\u00c9A Num\u00e9rique<\/strong> repose sur 4 grands domaines :<\/p>\n<ul>\n<li data-start=\"830\" data-end=\"930\"><strong data-start=\"830\" data-end=\"894\">Identifier son environnement et utiliser les outils associ\u00e9s<\/strong> (ordinateur, tablette, smartphone\u2026)<\/li>\n<li data-start=\"934\" data-end=\"1031\"><strong data-start=\"934\" data-end=\"976\">Acqu\u00e9rir et exploiter de l\u2019information<\/strong> (recherche, tri, compr\u00e9hension de contenus num\u00e9riques)<\/li>\n<li data-start=\"1035\" data-end=\"1122\"><strong data-start=\"1035\" data-end=\"1069\">Interagir en mode collaboratif<\/strong> (outils de communication, travail d\u2019\u00e9quipe en ligne)<\/li>\n<li data-start=\"1035\" data-end=\"1122\"><strong data-start=\"1126\" data-end=\"1172\">Appliquer les r\u00e8gles de s\u00e9curit\u00e9 num\u00e9rique<\/strong> (protection des donn\u00e9es, cybers\u00e9curit\u00e9)<\/li>\n<\/ul>\n<p data-start=\"1214\" data-end=\"1392\">Le r\u00e9f\u00e9rentiel CL\u00c9A Num\u00e9rique a \u00e9t\u00e9 con\u00e7u pour correspondre aux <strong data-start=\"1278\" data-end=\"1314\">besoins concrets des entreprises<\/strong> et <strong data-start=\"1318\" data-end=\"1347\">des m\u00e9tiers d\u2019aujourd\u2019hui<\/strong>, o\u00f9 les outils num\u00e9riques sont omnipr\u00e9sents.<\/p>\n<h3 data-start=\"1394\" data-end=\"1421\">\ud83d\udcbc Pourquoi le passer ?<\/h3>\n<ul data-start=\"1422\" data-end=\"1812\">\n<li data-start=\"1422\" data-end=\"1539\">\n<p data-start=\"1424\" data-end=\"1539\">C\u2019est un <strong data-start=\"1433\" data-end=\"1454\">plus sur votre CV<\/strong> : de plus en plus d\u2019employeurs cherchent des candidat\u00b7es \u00e0 l\u2019aise avec le num\u00e9rique.<\/p>\n<\/li>\n<li data-start=\"1540\" data-end=\"1664\">\n<p data-start=\"1542\" data-end=\"1664\">C\u2019est <strong data-start=\"1548\" data-end=\"1569\">gratuit pour vous<\/strong>, gr\u00e2ce \u00e0 un <strong data-start=\"1582\" data-end=\"1618\">financement de la R\u00e9gion R\u00e9union<\/strong>, valable <strong data-start=\"1628\" data-end=\"1663\">jusqu\u2019au 30 juin 2025 seulement<\/strong>.<\/p>\n<\/li>\n<li data-start=\"1665\" data-end=\"1740\">\n<p data-start=\"1667\" data-end=\"1740\">Vous b\u00e9n\u00e9ficiez d\u2019un <strong data-start=\"1688\" data-end=\"1718\">ordinateur pr\u00eat\u00e9 sur place<\/strong> le jour de l\u2019\u00e9preuve.<\/p>\n<\/li>\n<li data-start=\"1741\" data-end=\"1812\">\n<p data-start=\"1743\" data-end=\"1812\">Vous passez les tests <strong data-start=\"1765\" data-end=\"1783\">\u00e0 votre rythme<\/strong>, dans un cadre bienveillant.<\/p>\n<\/li>\n<\/ul>\n<p data-start=\"1814\" data-end=\"1872\">\u26a0\ufe0f <strong data-start=\"1817\" data-end=\"1872\">Pensez \u00e0 apporter votre CV le jour de l\u2019\u00e9valuation.<\/strong><\/p>\n<h3 data-start=\"1874\" data-end=\"1913\">\ud83d\udce2 Ne ratez pas cette opportunit\u00e9 !<\/h3>\n<p data-start=\"1914\" data-end=\"2070\">C\u2019est le moment id\u00e9al pour faire reconna\u00eetre vos comp\u00e9tences num\u00e9riques, <strong data-start=\"1987\" data-end=\"2013\">valoriser votre profil<\/strong> et vous <strong data-start=\"2022\" data-end=\"2069\">pr\u00e9parer aux exigences du march\u00e9 du travail<\/strong>.<\/p>\n<p data-start=\"2072\" data-end=\"2178\" data-is-last-node=\"\" data-is-only-node=\"\"><strong data-start=\"2072\" data-end=\"2130\">Contactez vite votre conseiller\u00b7\u00e8re Mission Locale Est<\/strong> pour vous inscrire avant la cl\u00f4ture des places.<\/p>\n<p>[\/et_pb_text][\/et_pb_column][\/et_pb_row][\/et_pb_section]<\/p>\n","protected":false},"excerpt":{"rendered":"<p>Vous souhaitez valoriser vos comp\u00e9tences num\u00e9riques de base et booster votre CV ? Le centre de formation R\u00e9union Portage vous propose de passer l\u2019\u00e9valuation CL\u00c9A Num\u00e9rique le mercredi 25 juin 2025, \u00e0 la Cit\u00e9 de la Formation de Bras-Panon. Deux cr\u00e9neaux sont propos\u00e9s pour votre confort : \u00e0 9h ou \u00e0 11h.Inscription obligatoire aupr\u00e8s de [&hellip;]<\/p>\n","protected":false},"author":1,"featured_media":1718,"comment_status":"closed","ping_status":"open","sticky":false,"template":"","format":"standard","meta":{"_et_pb_use_builder":"on","_et_pb_old_content":"","_et_gb_content_width":"1080","footnotes":""},"categories":[59,69],"tags":[],"class_list":["post-1947","post","type-post","status-publish","format-standard","has-post-thumbnail","hentry","category-actus","category-formations"],"yoast_head":"<!-- This site is optimized with the Yoast SEO plugin v27.2 - https:\/\/yoast.com\/product\/yoast-seo-wordpress\/ -->\n<title>Passez l&#039;\u00e9valuation Cl\u00e9A num\u00e9rique avec R\u00e9union Portage - Mission Locale Est<\/title>\n<meta name=\"robots\" content=\"index, follow, max-snippet:-1, max-image-preview:large, max-video-preview:-1\" \/>\n<link rel=\"canonical\" href=\"https:\/\/missionlocaleest.re\/index.php\/2025\/06\/23\/passez-levaluation-clea-numerique-avec-reunion-portage\/\" \/>\n<meta property=\"og:locale\" content=\"fr_FR\" \/>\n<meta property=\"og:type\" content=\"article\" \/>\n<meta property=\"og:title\" content=\"Passez l&#039;\u00e9valuation Cl\u00e9A num\u00e9rique avec R\u00e9union Portage - Mission Locale Est\" \/>\n<meta property=\"og:description\" content=\"Vous souhaitez valoriser vos comp\u00e9tences num\u00e9riques de base et booster votre CV ? Le centre de formation R\u00e9union Portage vous propose de passer l\u2019\u00e9valuation CL\u00c9A Num\u00e9rique le mercredi 25 juin 2025, \u00e0 la Cit\u00e9 de la Formation de Bras-Panon. Deux cr\u00e9neaux sont propos\u00e9s pour votre confort : \u00e0 9h ou \u00e0 11h.Inscription obligatoire aupr\u00e8s de [&hellip;]\" \/>\n<meta property=\"og:url\" content=\"https:\/\/missionlocaleest.re\/index.php\/2025\/06\/23\/passez-levaluation-clea-numerique-avec-reunion-portage\/\" \/>\n<meta property=\"og:site_name\" content=\"Mission Locale Est\" \/>\n<meta property=\"article:publisher\" content=\"https:\/\/www.facebook.com\/MLEstReunion\/\" \/>\n<meta property=\"article:published_time\" content=\"2025-06-23T10:59:18+00:00\" \/>\n<meta property=\"og:image\" content=\"https:\/\/missionlocaleest.re\/wp-content\/uploads\/2025\/04\/2025_Formations_Urgentes.webp\" \/>\n\t<meta property=\"og:image:width\" content=\"1000\" \/>\n\t<meta property=\"og:image:height\" content=\"1000\" \/>\n\t<meta property=\"og:image:type\" content=\"image\/webp\" \/>\n<meta name=\"author\" content=\"webmaster\" \/>\n<meta name=\"twitter:card\" content=\"summary_large_image\" \/>\n<meta name=\"twitter:label1\" content=\"\u00c9crit par\" \/>\n\t<meta name=\"twitter:data1\" content=\"webmaster\" \/>\n\t<meta name=\"twitter:label2\" content=\"Dur\u00e9e de lecture estim\u00e9e\" \/>\n\t<meta name=\"twitter:data2\" content=\"1 minute\" \/>\n<script type=\"application\/ld+json\" class=\"yoast-schema-graph\">{\"@context\":\"https:\/\/schema.org\",\"@graph\":[{\"@type\":\"Article\",\"@id\":\"https:\/\/missionlocaleest.re\/index.php\/2025\/06\/23\/passez-levaluation-clea-numerique-avec-reunion-portage\/#article\",\"isPartOf\":{\"@id\":\"https:\/\/missionlocaleest.re\/index.php\/2025\/06\/23\/passez-levaluation-clea-numerique-avec-reunion-portage\/\"},\"author\":{\"name\":\"webmaster\",\"@id\":\"https:\/\/missionlocaleest.re\/#\/schema\/person\/84a119f07c3d76016394dd52b2455e1c\"},\"headline\":\"Passez l&rsquo;\u00e9valuation Cl\u00e9A num\u00e9rique avec R\u00e9union Portage\",\"datePublished\":\"2025-06-23T10:59:18+00:00\",\"mainEntityOfPage\":{\"@id\":\"https:\/\/missionlocaleest.re\/index.php\/2025\/06\/23\/passez-levaluation-clea-numerique-avec-reunion-portage\/\"},\"wordCount\":448,\"publisher\":{\"@id\":\"https:\/\/missionlocaleest.re\/#organization\"},\"image\":{\"@id\":\"https:\/\/missionlocaleest.re\/index.php\/2025\/06\/23\/passez-levaluation-clea-numerique-avec-reunion-portage\/#primaryimage\"},\"thumbnailUrl\":\"https:\/\/missionlocaleest.re\/wp-content\/uploads\/2025\/04\/2025_Formations_Urgentes.webp\",\"articleSection\":[\"Actus\",\"Formations\"],\"inLanguage\":\"fr-FR\"},{\"@type\":\"WebPage\",\"@id\":\"https:\/\/missionlocaleest.re\/index.php\/2025\/06\/23\/passez-levaluation-clea-numerique-avec-reunion-portage\/\",\"url\":\"https:\/\/missionlocaleest.re\/index.php\/2025\/06\/23\/passez-levaluation-clea-numerique-avec-reunion-portage\/\",\"name\":\"Passez l'\u00e9valuation Cl\u00e9A num\u00e9rique avec R\u00e9union Portage - Mission Locale Est\",\"isPartOf\":{\"@id\":\"https:\/\/missionlocaleest.re\/#website\"},\"primaryImageOfPage\":{\"@id\":\"https:\/\/missionlocaleest.re\/index.php\/2025\/06\/23\/passez-levaluation-clea-numerique-avec-reunion-portage\/#primaryimage\"},\"image\":{\"@id\":\"https:\/\/missionlocaleest.re\/index.php\/2025\/06\/23\/passez-levaluation-clea-numerique-avec-reunion-portage\/#primaryimage\"},\"thumbnailUrl\":\"https:\/\/missionlocaleest.re\/wp-content\/uploads\/2025\/04\/2025_Formations_Urgentes.webp\",\"datePublished\":\"2025-06-23T10:59:18+00:00\",\"breadcrumb\":{\"@id\":\"https:\/\/missionlocaleest.re\/index.php\/2025\/06\/23\/passez-levaluation-clea-numerique-avec-reunion-portage\/#breadcrumb\"},\"inLanguage\":\"fr-FR\",\"potentialAction\":[{\"@type\":\"ReadAction\",\"target\":[\"https:\/\/missionlocaleest.re\/index.php\/2025\/06\/23\/passez-levaluation-clea-numerique-avec-reunion-portage\/\"]}]},{\"@type\":\"ImageObject\",\"inLanguage\":\"fr-FR\",\"@id\":\"https:\/\/missionlocaleest.re\/index.php\/2025\/06\/23\/passez-levaluation-clea-numerique-avec-reunion-portage\/#primaryimage\",\"url\":\"https:\/\/missionlocaleest.re\/wp-content\/uploads\/2025\/04\/2025_Formations_Urgentes.webp\",\"contentUrl\":\"https:\/\/missionlocaleest.re\/wp-content\/uploads\/2025\/04\/2025_Formations_Urgentes.webp\",\"width\":1000,\"height\":1000},{\"@type\":\"BreadcrumbList\",\"@id\":\"https:\/\/missionlocaleest.re\/index.php\/2025\/06\/23\/passez-levaluation-clea-numerique-avec-reunion-portage\/#breadcrumb\",\"itemListElement\":[{\"@type\":\"ListItem\",\"position\":1,\"name\":\"Accueil\",\"item\":\"https:\/\/missionlocaleest.re\/\"},{\"@type\":\"ListItem\",\"position\":2,\"name\":\"Passez l&rsquo;\u00e9valuation Cl\u00e9A num\u00e9rique avec R\u00e9union Portage\"}]},{\"@type\":\"WebSite\",\"@id\":\"https:\/\/missionlocaleest.re\/#website\",\"url\":\"https:\/\/missionlocaleest.re\/\",\"name\":\"Mission Locale Est\",\"description\":\"Pour l&#039;insertion sociale et professionnelle de l&#039;ensemble des jeunes du territoire Est !\",\"publisher\":{\"@id\":\"https:\/\/missionlocaleest.re\/#organization\"},\"potentialAction\":[{\"@type\":\"SearchAction\",\"target\":{\"@type\":\"EntryPoint\",\"urlTemplate\":\"https:\/\/missionlocaleest.re\/?s={search_term_string}\"},\"query-input\":{\"@type\":\"PropertyValueSpecification\",\"valueRequired\":true,\"valueName\":\"search_term_string\"}}],\"inLanguage\":\"fr-FR\"},{\"@type\":\"Organization\",\"@id\":\"https:\/\/missionlocaleest.re\/#organization\",\"name\":\"Mission Locale Est\",\"url\":\"https:\/\/missionlocaleest.re\/\",\"logo\":{\"@type\":\"ImageObject\",\"inLanguage\":\"fr-FR\",\"@id\":\"https:\/\/missionlocaleest.re\/#\/schema\/logo\/image\/\",\"url\":\"https:\/\/missionlocaleest.re\/wp-content\/uploads\/2024\/05\/Logo_MLE_CMJN_Transparent.png\",\"contentUrl\":\"https:\/\/missionlocaleest.re\/wp-content\/uploads\/2024\/05\/Logo_MLE_CMJN_Transparent.png\",\"width\":347,\"height\":412,\"caption\":\"Mission Locale Est\"},\"image\":{\"@id\":\"https:\/\/missionlocaleest.re\/#\/schema\/logo\/image\/\"},\"sameAs\":[\"https:\/\/www.facebook.com\/MLEstReunion\/\",\"https:\/\/www.instagram.com\/missionlocaleest\"]},{\"@type\":\"Person\",\"@id\":\"https:\/\/missionlocaleest.re\/#\/schema\/person\/84a119f07c3d76016394dd52b2455e1c\",\"name\":\"webmaster\",\"image\":{\"@type\":\"ImageObject\",\"inLanguage\":\"fr-FR\",\"@id\":\"https:\/\/secure.gravatar.com\/avatar\/a6900e68d5d703f2d4ed65a49fc695dd026766733acceca7fc8a936c08cb0e09?s=96&d=mm&r=g\",\"url\":\"https:\/\/secure.gravatar.com\/avatar\/a6900e68d5d703f2d4ed65a49fc695dd026766733acceca7fc8a936c08cb0e09?s=96&d=mm&r=g\",\"contentUrl\":\"https:\/\/secure.gravatar.com\/avatar\/a6900e68d5d703f2d4ed65a49fc695dd026766733acceca7fc8a936c08cb0e09?s=96&d=mm&r=g\",\"caption\":\"webmaster\"},\"sameAs\":[\"http:\/\/missionlocaleest.re\"],\"url\":\"https:\/\/missionlocaleest.re\/index.php\/author\/admin8117\/\"}]}<\/script>\n<!-- \/ Yoast SEO plugin. -->","yoast_head_json":{"title":"Passez l'\u00e9valuation Cl\u00e9A num\u00e9rique avec R\u00e9union Portage - Mission Locale Est","robots":{"index":"index","follow":"follow","max-snippet":"max-snippet:-1","max-image-preview":"max-image-preview:large","max-video-preview":"max-video-preview:-1"},"canonical":"https:\/\/missionlocaleest.re\/index.php\/2025\/06\/23\/passez-levaluation-clea-numerique-avec-reunion-portage\/","og_locale":"fr_FR","og_type":"article","og_title":"Passez l'\u00e9valuation Cl\u00e9A num\u00e9rique avec R\u00e9union Portage - Mission Locale Est","og_description":"Vous souhaitez valoriser vos comp\u00e9tences num\u00e9riques de base et booster votre CV ? Le centre de formation R\u00e9union Portage vous propose de passer l\u2019\u00e9valuation CL\u00c9A Num\u00e9rique le mercredi 25 juin 2025, \u00e0 la Cit\u00e9 de la Formation de Bras-Panon. Deux cr\u00e9neaux sont propos\u00e9s pour votre confort : \u00e0 9h ou \u00e0 11h.Inscription obligatoire aupr\u00e8s de [&hellip;]","og_url":"https:\/\/missionlocaleest.re\/index.php\/2025\/06\/23\/passez-levaluation-clea-numerique-avec-reunion-portage\/","og_site_name":"Mission Locale Est","article_publisher":"https:\/\/www.facebook.com\/MLEstReunion\/","article_published_time":"2025-06-23T10:59:18+00:00","og_image":[{"width":1000,"height":1000,"url":"https:\/\/missionlocaleest.re\/wp-content\/uploads\/2025\/04\/2025_Formations_Urgentes.webp","type":"image\/webp"}],"author":"webmaster","twitter_card":"summary_large_image","twitter_misc":{"\u00c9crit par":"webmaster","Dur\u00e9e de lecture estim\u00e9e":"1 minute"},"schema":{"@context":"https:\/\/schema.org","@graph":[{"@type":"Article","@id":"https:\/\/missionlocaleest.re\/index.php\/2025\/06\/23\/passez-levaluation-clea-numerique-avec-reunion-portage\/#article","isPartOf":{"@id":"https:\/\/missionlocaleest.re\/index.php\/2025\/06\/23\/passez-levaluation-clea-numerique-avec-reunion-portage\/"},"author":{"name":"webmaster","@id":"https:\/\/missionlocaleest.re\/#\/schema\/person\/84a119f07c3d76016394dd52b2455e1c"},"headline":"Passez l&rsquo;\u00e9valuation Cl\u00e9A num\u00e9rique avec R\u00e9union Portage","datePublished":"2025-06-23T10:59:18+00:00","mainEntityOfPage":{"@id":"https:\/\/missionlocaleest.re\/index.php\/2025\/06\/23\/passez-levaluation-clea-numerique-avec-reunion-portage\/"},"wordCount":448,"publisher":{"@id":"https:\/\/missionlocaleest.re\/#organization"},"image":{"@id":"https:\/\/missionlocaleest.re\/index.php\/2025\/06\/23\/passez-levaluation-clea-numerique-avec-reunion-portage\/#primaryimage"},"thumbnailUrl":"https:\/\/missionlocaleest.re\/wp-content\/uploads\/2025\/04\/2025_Formations_Urgentes.webp","articleSection":["Actus","Formations"],"inLanguage":"fr-FR"},{"@type":"WebPage","@id":"https:\/\/missionlocaleest.re\/index.php\/2025\/06\/23\/passez-levaluation-clea-numerique-avec-reunion-portage\/","url":"https:\/\/missionlocaleest.re\/index.php\/2025\/06\/23\/passez-levaluation-clea-numerique-avec-reunion-portage\/","name":"Passez l'\u00e9valuation Cl\u00e9A num\u00e9rique avec R\u00e9union Portage - Mission Locale Est","isPartOf":{"@id":"https:\/\/missionlocaleest.re\/#website"},"primaryImageOfPage":{"@id":"https:\/\/missionlocaleest.re\/index.php\/2025\/06\/23\/passez-levaluation-clea-numerique-avec-reunion-portage\/#primaryimage"},"image":{"@id":"https:\/\/missionlocaleest.re\/index.php\/2025\/06\/23\/passez-levaluation-clea-numerique-avec-reunion-portage\/#primaryimage"},"thumbnailUrl":"https:\/\/missionlocaleest.re\/wp-content\/uploads\/2025\/04\/2025_Formations_Urgentes.webp","datePublished":"2025-06-23T10:59:18+00:00","breadcrumb":{"@id":"https:\/\/missionlocaleest.re\/index.php\/2025\/06\/23\/passez-levaluation-clea-numerique-avec-reunion-portage\/#breadcrumb"},"inLanguage":"fr-FR","potentialAction":[{"@type":"ReadAction","target":["https:\/\/missionlocaleest.re\/index.php\/2025\/06\/23\/passez-levaluation-clea-numerique-avec-reunion-portage\/"]}]},{"@type":"ImageObject","inLanguage":"fr-FR","@id":"https:\/\/missionlocaleest.re\/index.php\/2025\/06\/23\/passez-levaluation-clea-numerique-avec-reunion-portage\/#primaryimage","url":"https:\/\/missionlocaleest.re\/wp-content\/uploads\/2025\/04\/2025_Formations_Urgentes.webp","contentUrl":"https:\/\/missionlocaleest.re\/wp-content\/uploads\/2025\/04\/2025_Formations_Urgentes.webp","width":1000,"height":1000},{"@type":"BreadcrumbList","@id":"https:\/\/missionlocaleest.re\/index.php\/2025\/06\/23\/passez-levaluation-clea-numerique-avec-reunion-portage\/#breadcrumb","itemListElement":[{"@type":"ListItem","position":1,"name":"Accueil","item":"https:\/\/missionlocaleest.re\/"},{"@type":"ListItem","position":2,"name":"Passez l&rsquo;\u00e9valuation Cl\u00e9A num\u00e9rique avec R\u00e9union Portage"}]},{"@type":"WebSite","@id":"https:\/\/missionlocaleest.re\/#website","url":"https:\/\/missionlocaleest.re\/","name":"Mission Locale Est","description":"Pour l&#039;insertion sociale et professionnelle de l&#039;ensemble des jeunes du territoire Est !","publisher":{"@id":"https:\/\/missionlocaleest.re\/#organization"},"potentialAction":[{"@type":"SearchAction","target":{"@type":"EntryPoint","urlTemplate":"https:\/\/missionlocaleest.re\/?s={search_term_string}"},"query-input":{"@type":"PropertyValueSpecification","valueRequired":true,"valueName":"search_term_string"}}],"inLanguage":"fr-FR"},{"@type":"Organization","@id":"https:\/\/missionlocaleest.re\/#organization","name":"Mission Locale Est","url":"https:\/\/missionlocaleest.re\/","logo":{"@type":"ImageObject","inLanguage":"fr-FR","@id":"https:\/\/missionlocaleest.re\/#\/schema\/logo\/image\/","url":"https:\/\/missionlocaleest.re\/wp-content\/uploads\/2024\/05\/Logo_MLE_CMJN_Transparent.png","contentUrl":"https:\/\/missionlocaleest.re\/wp-content\/uploads\/2024\/05\/Logo_MLE_CMJN_Transparent.png","width":347,"height":412,"caption":"Mission Locale Est"},"image":{"@id":"https:\/\/missionlocaleest.re\/#\/schema\/logo\/image\/"},"sameAs":["https:\/\/www.facebook.com\/MLEstReunion\/","https:\/\/www.instagram.com\/missionlocaleest"]},{"@type":"Person","@id":"https:\/\/missionlocaleest.re\/#\/schema\/person\/84a119f07c3d76016394dd52b2455e1c","name":"webmaster","image":{"@type":"ImageObject","inLanguage":"fr-FR","@id":"https:\/\/secure.gravatar.com\/avatar\/a6900e68d5d703f2d4ed65a49fc695dd026766733acceca7fc8a936c08cb0e09?s=96&d=mm&r=g","url":"https:\/\/secure.gravatar.com\/avatar\/a6900e68d5d703f2d4ed65a49fc695dd026766733acceca7fc8a936c08cb0e09?s=96&d=mm&r=g","contentUrl":"https:\/\/secure.gravatar.com\/avatar\/a6900e68d5d703f2d4ed65a49fc695dd026766733acceca7fc8a936c08cb0e09?s=96&d=mm&r=g","caption":"webmaster"},"sameAs":["http:\/\/missionlocaleest.re"],"url":"https:\/\/missionlocaleest.re\/index.php\/author\/admin8117\/"}]}},"_links":{"self":[{"href":"https:\/\/missionlocaleest.re\/index.php\/wp-json\/wp\/v2\/posts\/1947","targetHints":{"allow":["GET"]}}],"collection":[{"href":"https:\/\/missionlocaleest.re\/index.php\/wp-json\/wp\/v2\/posts"}],"about":[{"href":"https:\/\/missionlocaleest.re\/index.php\/wp-json\/wp\/v2\/types\/post"}],"author":[{"embeddable":true,"href":"https:\/\/missionlocaleest.re\/index.php\/wp-json\/wp\/v2\/users\/1"}],"replies":[{"embeddable":true,"href":"https:\/\/missionlocaleest.re\/index.php\/wp-json\/wp\/v2\/comments?post=1947"}],"version-history":[{"count":2,"href":"https:\/\/missionlocaleest.re\/index.php\/wp-json\/wp\/v2\/posts\/1947\/revisions"}],"predecessor-version":[{"id":1949,"href":"https:\/\/missionlocaleest.re\/index.php\/wp-json\/wp\/v2\/posts\/1947\/revisions\/1949"}],"wp:featuredmedia":[{"embeddable":true,"href":"https:\/\/missionlocaleest.re\/index.php\/wp-json\/wp\/v2\/media\/1718"}],"wp:attachment":[{"href":"https:\/\/missionlocaleest.re\/index.php\/wp-json\/wp\/v2\/media?parent=1947"}],"wp:term":[{"taxonomy":"category","embeddable":true,"href":"https:\/\/missionlocaleest.re\/index.php\/wp-json\/wp\/v2\/categories?post=1947"},{"taxonomy":"post_tag","embeddable":true,"href":"https:\/\/missionlocaleest.re\/index.php\/wp-json\/wp\/v2\/tags?post=1947"}],"curies":[{"name":"wp","href":"https:\/\/api.w.org\/{rel}","templated":true}]}}