{"id":1936,"date":"2025-06-12T08:59:52","date_gmt":"2025-06-12T06:59:52","guid":{"rendered":"https:\/\/missionlocaleest.re\/?p=1936"},"modified":"2025-06-12T08:59:52","modified_gmt":"2025-06-12T06:59:52","slug":"passez-votre-evaluation-clea-a-saint-andre-ou-bras-panon-en-juin","status":"publish","type":"post","link":"https:\/\/missionlocaleest.re\/index.php\/2025\/06\/12\/passez-votre-evaluation-clea-a-saint-andre-ou-bras-panon-en-juin\/","title":{"rendered":"Passez votre \u00e9valuation Cl\u00e9A \u00e0 Saint-Andr\u00e9 ou Bras-Panon en juin !"},"content":{"rendered":"<p>[et_pb_section fb_built=\u00a0\u00bb1&Prime; theme_builder_area=\u00a0\u00bbpost_content\u00a0\u00bb _builder_version=\u00a0\u00bb4.27.4&Prime; _module_preset=\u00a0\u00bbdefault\u00a0\u00bb da_is_popup=\u00a0\u00bboff\u00a0\u00bb da_exit_intent=\u00a0\u00bboff\u00a0\u00bb da_has_close=\u00a0\u00bbon\u00a0\u00bb da_alt_close=\u00a0\u00bboff\u00a0\u00bb da_dark_close=\u00a0\u00bboff\u00a0\u00bb da_not_modal=\u00a0\u00bbon\u00a0\u00bb da_is_singular=\u00a0\u00bboff\u00a0\u00bb da_with_loader=\u00a0\u00bboff\u00a0\u00bb da_has_shadow=\u00a0\u00bbon\u00a0\u00bb da_disable_devices=\u00a0\u00bboff|off|off\u00a0\u00bb][et_pb_row _builder_version=\u00a0\u00bb4.27.4&Prime; _module_preset=\u00a0\u00bbdefault\u00a0\u00bb theme_builder_area=\u00a0\u00bbpost_content\u00a0\u00bb][et_pb_column _builder_version=\u00a0\u00bb4.27.4&Prime; _module_preset=\u00a0\u00bbdefault\u00a0\u00bb type=\u00a0\u00bb4_4&Prime; theme_builder_area=\u00a0\u00bbpost_content\u00a0\u00bb][et_pb_text _builder_version=\u00a0\u00bb4.27.4&Prime; _module_preset=\u00a0\u00bbdefault\u00a0\u00bb theme_builder_area=\u00a0\u00bbpost_content\u00a0\u00bb hover_enabled=\u00a0\u00bb0&Prime; sticky_enabled=\u00a0\u00bb0&Prime;]<\/p>\n<p data-start=\"152\" data-end=\"363\">Vous souhaitez valoriser vos comp\u00e9tences de base et booster votre profil professionnel ? Deux sessions d\u2019\u00e9valuation du <strong data-start=\"271\" data-end=\"300\">socle de comp\u00e9tences Cl\u00e9A<\/strong> sont organis\u00e9es en juin par nos partenaires \u00e0 l\u2019Est de l\u2019\u00eele :<\/p>\n<p data-start=\"365\" data-end=\"407\">\ud83d\udccd <strong data-start=\"368\" data-end=\"407\">\u00c0 Saint-Andr\u00e9 avec DEFI Formation :<\/strong><\/p>\n<ul data-start=\"408\" data-end=\"457\">\n<li data-start=\"408\" data-end=\"432\">\n<p data-start=\"410\" data-end=\"432\">Mardi <strong data-start=\"416\" data-end=\"432\">18 juin 2025<\/strong><\/p>\n<\/li>\n<li data-start=\"433\" data-end=\"457\">\n<p data-start=\"435\" data-end=\"457\">Mardi <strong data-start=\"441\" data-end=\"457\">25 juin 2025<\/strong><\/p>\n<\/li>\n<\/ul>\n<p data-start=\"459\" data-end=\"497\">\ud83d\udccd <strong data-start=\"462\" data-end=\"497\">\u00c0 Bras-Panon avec DCF R\u00e9union :<\/strong><\/p>\n<ul data-start=\"498\" data-end=\"547\">\n<li data-start=\"498\" data-end=\"522\">\n<p data-start=\"500\" data-end=\"522\">Jeudi <strong data-start=\"506\" data-end=\"522\">20 juin 2025<\/strong><\/p>\n<\/li>\n<li data-start=\"523\" data-end=\"547\">\n<p data-start=\"525\" data-end=\"547\">Lundi <strong data-start=\"531\" data-end=\"547\">24 juin 2025<\/strong><\/p>\n<\/li>\n<\/ul>\n<p data-start=\"549\" data-end=\"884\">\ud83c\udfaf <strong data-start=\"552\" data-end=\"574\">Cl\u00e9A, c\u2019est quoi ?<\/strong><br \/>Le <strong data-start=\"578\" data-end=\"597\">Certificat Cl\u00e9A<\/strong> est une certification officielle qui atteste que vous ma\u00eetrisez les <strong data-start=\"666\" data-end=\"706\">comp\u00e9tences professionnelles de base<\/strong> attendues en entreprise. Il est <strong data-start=\"739\" data-end=\"769\">reconnu par les employeurs<\/strong> de tous les secteurs d\u2019activit\u00e9 et peut \u00eatre un v\u00e9ritable atout dans votre parcours vers l\u2019emploi ou la formation.<\/p>\n<p data-start=\"886\" data-end=\"915\">\ud83e\uddf0 Les comp\u00e9tences \u00e9valu\u00e9es :<\/p>\n<ul data-start=\"916\" data-end=\"1271\">\n<li data-start=\"916\" data-end=\"962\">\n<p data-start=\"918\" data-end=\"962\">S\u2019exprimer en fran\u00e7ais \u00e0 l\u2019oral et \u00e0 l\u2019\u00e9crit<\/p>\n<\/li>\n<li data-start=\"963\" data-end=\"1031\">\n<p data-start=\"965\" data-end=\"1031\">Calculer, raisonner, utiliser les bases de la logique math\u00e9matique<\/p>\n<\/li>\n<li data-start=\"1032\" data-end=\"1067\">\n<p data-start=\"1034\" data-end=\"1067\">Utiliser les outils informatiques<\/p>\n<\/li>\n<li data-start=\"1068\" data-end=\"1090\">\n<p data-start=\"1070\" data-end=\"1090\">Travailler en \u00e9quipe<\/p>\n<\/li>\n<li data-start=\"1091\" data-end=\"1139\">\n<p data-start=\"1093\" data-end=\"1139\">Respecter les consignes, organiser son travail<\/p>\n<\/li>\n<li data-start=\"1140\" data-end=\"1230\">\n<p data-start=\"1142\" data-end=\"1230\">Travailler dans le respect des r\u00e8gles d\u2019hygi\u00e8ne, de s\u00e9curit\u00e9 et de d\u00e9veloppement durable<\/p>\n<\/li>\n<li data-start=\"1231\" data-end=\"1271\">\n<p data-start=\"1233\" data-end=\"1271\">\u00catre autonome et apprendre \u00e0 apprendre<\/p>\n<\/li>\n<\/ul>\n<p data-start=\"1273\" data-end=\"1465\">\ud83d\udc65 <strong data-start=\"1276\" data-end=\"1290\">Pour qui ?<\/strong><br \/>L\u2019\u00e9valuation Cl\u00e9A est <strong data-start=\"1313\" data-end=\"1343\">ouverte \u00e0 tous les publics<\/strong>, et particuli\u00e8rement recommand\u00e9e si vous n\u2019avez pas de dipl\u00f4me, ou si vous souhaitez d\u00e9montrer vos acquis professionnels.<\/p>\n<p data-start=\"1467\" data-end=\"1563\">\ud83d\udce2 <strong data-start=\"1470\" data-end=\"1487\">Int\u00e9ress\u00e9\u00b7e ?<\/strong><br \/>Contactez d\u00e8s maintenant votre <strong data-start=\"1519\" data-end=\"1556\">conseiller\u00b7\u00e8re Mission Locale Est<\/strong> pour :<\/p>\n<ul data-start=\"1564\" data-end=\"1729\">\n<li data-start=\"1564\" data-end=\"1612\">\n<p data-start=\"1566\" data-end=\"1612\">\u00catre inform\u00e9\u00b7e des conditions de participation<\/p>\n<\/li>\n<li data-start=\"1613\" data-end=\"1662\">\n<p data-start=\"1615\" data-end=\"1662\">Vous inscrire \u00e0 l&rsquo;une des sessions d&rsquo;\u00e9valuation<\/p>\n<\/li>\n<li data-start=\"1663\" data-end=\"1729\">\n<p data-start=\"1665\" data-end=\"1729\">\u00catre accompagn\u00e9\u00b7e dans votre parcours vers la certification Cl\u00e9A<\/p>\n<\/li>\n<\/ul>\n<hr data-start=\"1731\" data-end=\"1734\" \/>\n<p data-start=\"1736\" data-end=\"1938\">\ud83d\udca1 <strong data-start=\"1739\" data-end=\"1750\">\u00c0 noter<\/strong> : Si vous ne validez pas toutes les comp\u00e9tences lors de l\u2019\u00e9valuation, un parcours de formation peut vous \u00eatre propos\u00e9 pour compl\u00e9ter les domaines non acquis, avant une nouvelle tentative.<\/p>\n<p data-start=\"1940\" data-end=\"2043\" data-is-last-node=\"\" data-is-only-node=\"\">\ud83d\udcde Ne manquez pas cette opportunit\u00e9 de <strong data-start=\"1979\" data-end=\"2041\">valoriser vos comp\u00e9tences et renforcer votre employabilit\u00e9<\/strong> !<\/p>\n<p>[\/et_pb_text][\/et_pb_column][\/et_pb_row][\/et_pb_section]<\/p>\n","protected":false},"excerpt":{"rendered":"<p>Vous souhaitez valoriser vos comp\u00e9tences de base et booster votre profil professionnel ? Deux sessions d\u2019\u00e9valuation du socle de comp\u00e9tences Cl\u00e9A sont organis\u00e9es en juin par nos partenaires \u00e0 l\u2019Est de l\u2019\u00eele : \ud83d\udccd \u00c0 Saint-Andr\u00e9 avec DEFI Formation : Mardi 18 juin 2025 Mardi 25 juin 2025 \ud83d\udccd \u00c0 Bras-Panon avec DCF R\u00e9union : [&hellip;]<\/p>\n","protected":false},"author":1,"featured_media":1625,"comment_status":"closed","ping_status":"open","sticky":false,"template":"","format":"standard","meta":{"_et_pb_use_builder":"on","_et_pb_old_content":"","_et_gb_content_width":"1080","footnotes":""},"categories":[59,69],"tags":[],"class_list":["post-1936","post","type-post","status-publish","format-standard","has-post-thumbnail","hentry","category-actus","category-formations"],"yoast_head":"<!-- This site is optimized with the Yoast SEO plugin v27.2 - https:\/\/yoast.com\/product\/yoast-seo-wordpress\/ -->\n<title>Passez votre \u00e9valuation Cl\u00e9A \u00e0 Saint-Andr\u00e9 ou Bras-Panon en juin ! - Mission Locale Est<\/title>\n<meta name=\"robots\" content=\"index, follow, max-snippet:-1, max-image-preview:large, max-video-preview:-1\" \/>\n<link rel=\"canonical\" href=\"https:\/\/missionlocaleest.re\/index.php\/2025\/06\/12\/passez-votre-evaluation-clea-a-saint-andre-ou-bras-panon-en-juin\/\" \/>\n<meta property=\"og:locale\" content=\"fr_FR\" \/>\n<meta property=\"og:type\" content=\"article\" \/>\n<meta property=\"og:title\" content=\"Passez votre \u00e9valuation Cl\u00e9A \u00e0 Saint-Andr\u00e9 ou Bras-Panon en juin ! - Mission Locale Est\" \/>\n<meta property=\"og:description\" content=\"Vous souhaitez valoriser vos comp\u00e9tences de base et booster votre profil professionnel ? Deux sessions d\u2019\u00e9valuation du socle de comp\u00e9tences Cl\u00e9A sont organis\u00e9es en juin par nos partenaires \u00e0 l\u2019Est de l\u2019\u00eele : \ud83d\udccd \u00c0 Saint-Andr\u00e9 avec DEFI Formation : Mardi 18 juin 2025 Mardi 25 juin 2025 \ud83d\udccd \u00c0 Bras-Panon avec DCF R\u00e9union : [&hellip;]\" \/>\n<meta property=\"og:url\" content=\"https:\/\/missionlocaleest.re\/index.php\/2025\/06\/12\/passez-votre-evaluation-clea-a-saint-andre-ou-bras-panon-en-juin\/\" \/>\n<meta property=\"og:site_name\" content=\"Mission Locale Est\" \/>\n<meta property=\"article:publisher\" content=\"https:\/\/www.facebook.com\/MLEstReunion\/\" \/>\n<meta property=\"article:published_time\" content=\"2025-06-12T06:59:52+00:00\" \/>\n<meta property=\"og:image\" content=\"https:\/\/missionlocaleest.re\/wp-content\/uploads\/2025\/04\/2025_Nvl_Formation.webp\" \/>\n\t<meta property=\"og:image:width\" content=\"1000\" \/>\n\t<meta property=\"og:image:height\" content=\"1000\" \/>\n\t<meta property=\"og:image:type\" content=\"image\/webp\" \/>\n<meta name=\"author\" content=\"webmaster\" \/>\n<meta name=\"twitter:card\" content=\"summary_large_image\" \/>\n<meta name=\"twitter:label1\" content=\"\u00c9crit par\" \/>\n\t<meta name=\"twitter:data1\" content=\"webmaster\" \/>\n\t<meta name=\"twitter:label2\" content=\"Dur\u00e9e de lecture estim\u00e9e\" \/>\n\t<meta name=\"twitter:data2\" content=\"1 minute\" \/>\n<script type=\"application\/ld+json\" class=\"yoast-schema-graph\">{\"@context\":\"https:\/\/schema.org\",\"@graph\":[{\"@type\":\"Article\",\"@id\":\"https:\/\/missionlocaleest.re\/index.php\/2025\/06\/12\/passez-votre-evaluation-clea-a-saint-andre-ou-bras-panon-en-juin\/#article\",\"isPartOf\":{\"@id\":\"https:\/\/missionlocaleest.re\/index.php\/2025\/06\/12\/passez-votre-evaluation-clea-a-saint-andre-ou-bras-panon-en-juin\/\"},\"author\":{\"name\":\"webmaster\",\"@id\":\"https:\/\/missionlocaleest.re\/#\/schema\/person\/84a119f07c3d76016394dd52b2455e1c\"},\"headline\":\"Passez votre \u00e9valuation Cl\u00e9A \u00e0 Saint-Andr\u00e9 ou Bras-Panon en juin !\",\"datePublished\":\"2025-06-12T06:59:52+00:00\",\"mainEntityOfPage\":{\"@id\":\"https:\/\/missionlocaleest.re\/index.php\/2025\/06\/12\/passez-votre-evaluation-clea-a-saint-andre-ou-bras-panon-en-juin\/\"},\"wordCount\":414,\"publisher\":{\"@id\":\"https:\/\/missionlocaleest.re\/#organization\"},\"image\":{\"@id\":\"https:\/\/missionlocaleest.re\/index.php\/2025\/06\/12\/passez-votre-evaluation-clea-a-saint-andre-ou-bras-panon-en-juin\/#primaryimage\"},\"thumbnailUrl\":\"https:\/\/missionlocaleest.re\/wp-content\/uploads\/2025\/04\/2025_Nvl_Formation.webp\",\"articleSection\":[\"Actus\",\"Formations\"],\"inLanguage\":\"fr-FR\"},{\"@type\":\"WebPage\",\"@id\":\"https:\/\/missionlocaleest.re\/index.php\/2025\/06\/12\/passez-votre-evaluation-clea-a-saint-andre-ou-bras-panon-en-juin\/\",\"url\":\"https:\/\/missionlocaleest.re\/index.php\/2025\/06\/12\/passez-votre-evaluation-clea-a-saint-andre-ou-bras-panon-en-juin\/\",\"name\":\"Passez votre \u00e9valuation Cl\u00e9A \u00e0 Saint-Andr\u00e9 ou Bras-Panon en juin ! - Mission Locale Est\",\"isPartOf\":{\"@id\":\"https:\/\/missionlocaleest.re\/#website\"},\"primaryImageOfPage\":{\"@id\":\"https:\/\/missionlocaleest.re\/index.php\/2025\/06\/12\/passez-votre-evaluation-clea-a-saint-andre-ou-bras-panon-en-juin\/#primaryimage\"},\"image\":{\"@id\":\"https:\/\/missionlocaleest.re\/index.php\/2025\/06\/12\/passez-votre-evaluation-clea-a-saint-andre-ou-bras-panon-en-juin\/#primaryimage\"},\"thumbnailUrl\":\"https:\/\/missionlocaleest.re\/wp-content\/uploads\/2025\/04\/2025_Nvl_Formation.webp\",\"datePublished\":\"2025-06-12T06:59:52+00:00\",\"breadcrumb\":{\"@id\":\"https:\/\/missionlocaleest.re\/index.php\/2025\/06\/12\/passez-votre-evaluation-clea-a-saint-andre-ou-bras-panon-en-juin\/#breadcrumb\"},\"inLanguage\":\"fr-FR\",\"potentialAction\":[{\"@type\":\"ReadAction\",\"target\":[\"https:\/\/missionlocaleest.re\/index.php\/2025\/06\/12\/passez-votre-evaluation-clea-a-saint-andre-ou-bras-panon-en-juin\/\"]}]},{\"@type\":\"ImageObject\",\"inLanguage\":\"fr-FR\",\"@id\":\"https:\/\/missionlocaleest.re\/index.php\/2025\/06\/12\/passez-votre-evaluation-clea-a-saint-andre-ou-bras-panon-en-juin\/#primaryimage\",\"url\":\"https:\/\/missionlocaleest.re\/wp-content\/uploads\/2025\/04\/2025_Nvl_Formation.webp\",\"contentUrl\":\"https:\/\/missionlocaleest.re\/wp-content\/uploads\/2025\/04\/2025_Nvl_Formation.webp\",\"width\":1000,\"height\":1000},{\"@type\":\"BreadcrumbList\",\"@id\":\"https:\/\/missionlocaleest.re\/index.php\/2025\/06\/12\/passez-votre-evaluation-clea-a-saint-andre-ou-bras-panon-en-juin\/#breadcrumb\",\"itemListElement\":[{\"@type\":\"ListItem\",\"position\":1,\"name\":\"Accueil\",\"item\":\"https:\/\/missionlocaleest.re\/\"},{\"@type\":\"ListItem\",\"position\":2,\"name\":\"Passez votre \u00e9valuation Cl\u00e9A \u00e0 Saint-Andr\u00e9 ou Bras-Panon en juin !\"}]},{\"@type\":\"WebSite\",\"@id\":\"https:\/\/missionlocaleest.re\/#website\",\"url\":\"https:\/\/missionlocaleest.re\/\",\"name\":\"Mission Locale Est\",\"description\":\"Pour l&#039;insertion sociale et professionnelle de l&#039;ensemble des jeunes du territoire Est !\",\"publisher\":{\"@id\":\"https:\/\/missionlocaleest.re\/#organization\"},\"potentialAction\":[{\"@type\":\"SearchAction\",\"target\":{\"@type\":\"EntryPoint\",\"urlTemplate\":\"https:\/\/missionlocaleest.re\/?s={search_term_string}\"},\"query-input\":{\"@type\":\"PropertyValueSpecification\",\"valueRequired\":true,\"valueName\":\"search_term_string\"}}],\"inLanguage\":\"fr-FR\"},{\"@type\":\"Organization\",\"@id\":\"https:\/\/missionlocaleest.re\/#organization\",\"name\":\"Mission Locale Est\",\"url\":\"https:\/\/missionlocaleest.re\/\",\"logo\":{\"@type\":\"ImageObject\",\"inLanguage\":\"fr-FR\",\"@id\":\"https:\/\/missionlocaleest.re\/#\/schema\/logo\/image\/\",\"url\":\"https:\/\/missionlocaleest.re\/wp-content\/uploads\/2024\/05\/Logo_MLE_CMJN_Transparent.png\",\"contentUrl\":\"https:\/\/missionlocaleest.re\/wp-content\/uploads\/2024\/05\/Logo_MLE_CMJN_Transparent.png\",\"width\":347,\"height\":412,\"caption\":\"Mission Locale Est\"},\"image\":{\"@id\":\"https:\/\/missionlocaleest.re\/#\/schema\/logo\/image\/\"},\"sameAs\":[\"https:\/\/www.facebook.com\/MLEstReunion\/\",\"https:\/\/www.instagram.com\/missionlocaleest\"]},{\"@type\":\"Person\",\"@id\":\"https:\/\/missionlocaleest.re\/#\/schema\/person\/84a119f07c3d76016394dd52b2455e1c\",\"name\":\"webmaster\",\"image\":{\"@type\":\"ImageObject\",\"inLanguage\":\"fr-FR\",\"@id\":\"https:\/\/secure.gravatar.com\/avatar\/a6900e68d5d703f2d4ed65a49fc695dd026766733acceca7fc8a936c08cb0e09?s=96&d=mm&r=g\",\"url\":\"https:\/\/secure.gravatar.com\/avatar\/a6900e68d5d703f2d4ed65a49fc695dd026766733acceca7fc8a936c08cb0e09?s=96&d=mm&r=g\",\"contentUrl\":\"https:\/\/secure.gravatar.com\/avatar\/a6900e68d5d703f2d4ed65a49fc695dd026766733acceca7fc8a936c08cb0e09?s=96&d=mm&r=g\",\"caption\":\"webmaster\"},\"sameAs\":[\"http:\/\/missionlocaleest.re\"],\"url\":\"https:\/\/missionlocaleest.re\/index.php\/author\/admin8117\/\"}]}<\/script>\n<!-- \/ Yoast SEO plugin. -->","yoast_head_json":{"title":"Passez votre \u00e9valuation Cl\u00e9A \u00e0 Saint-Andr\u00e9 ou Bras-Panon en juin ! - Mission Locale Est","robots":{"index":"index","follow":"follow","max-snippet":"max-snippet:-1","max-image-preview":"max-image-preview:large","max-video-preview":"max-video-preview:-1"},"canonical":"https:\/\/missionlocaleest.re\/index.php\/2025\/06\/12\/passez-votre-evaluation-clea-a-saint-andre-ou-bras-panon-en-juin\/","og_locale":"fr_FR","og_type":"article","og_title":"Passez votre \u00e9valuation Cl\u00e9A \u00e0 Saint-Andr\u00e9 ou Bras-Panon en juin ! - Mission Locale Est","og_description":"Vous souhaitez valoriser vos comp\u00e9tences de base et booster votre profil professionnel ? Deux sessions d\u2019\u00e9valuation du socle de comp\u00e9tences Cl\u00e9A sont organis\u00e9es en juin par nos partenaires \u00e0 l\u2019Est de l\u2019\u00eele : \ud83d\udccd \u00c0 Saint-Andr\u00e9 avec DEFI Formation : Mardi 18 juin 2025 Mardi 25 juin 2025 \ud83d\udccd \u00c0 Bras-Panon avec DCF R\u00e9union : [&hellip;]","og_url":"https:\/\/missionlocaleest.re\/index.php\/2025\/06\/12\/passez-votre-evaluation-clea-a-saint-andre-ou-bras-panon-en-juin\/","og_site_name":"Mission Locale Est","article_publisher":"https:\/\/www.facebook.com\/MLEstReunion\/","article_published_time":"2025-06-12T06:59:52+00:00","og_image":[{"width":1000,"height":1000,"url":"https:\/\/missionlocaleest.re\/wp-content\/uploads\/2025\/04\/2025_Nvl_Formation.webp","type":"image\/webp"}],"author":"webmaster","twitter_card":"summary_large_image","twitter_misc":{"\u00c9crit par":"webmaster","Dur\u00e9e de lecture estim\u00e9e":"1 minute"},"schema":{"@context":"https:\/\/schema.org","@graph":[{"@type":"Article","@id":"https:\/\/missionlocaleest.re\/index.php\/2025\/06\/12\/passez-votre-evaluation-clea-a-saint-andre-ou-bras-panon-en-juin\/#article","isPartOf":{"@id":"https:\/\/missionlocaleest.re\/index.php\/2025\/06\/12\/passez-votre-evaluation-clea-a-saint-andre-ou-bras-panon-en-juin\/"},"author":{"name":"webmaster","@id":"https:\/\/missionlocaleest.re\/#\/schema\/person\/84a119f07c3d76016394dd52b2455e1c"},"headline":"Passez votre \u00e9valuation Cl\u00e9A \u00e0 Saint-Andr\u00e9 ou Bras-Panon en juin !","datePublished":"2025-06-12T06:59:52+00:00","mainEntityOfPage":{"@id":"https:\/\/missionlocaleest.re\/index.php\/2025\/06\/12\/passez-votre-evaluation-clea-a-saint-andre-ou-bras-panon-en-juin\/"},"wordCount":414,"publisher":{"@id":"https:\/\/missionlocaleest.re\/#organization"},"image":{"@id":"https:\/\/missionlocaleest.re\/index.php\/2025\/06\/12\/passez-votre-evaluation-clea-a-saint-andre-ou-bras-panon-en-juin\/#primaryimage"},"thumbnailUrl":"https:\/\/missionlocaleest.re\/wp-content\/uploads\/2025\/04\/2025_Nvl_Formation.webp","articleSection":["Actus","Formations"],"inLanguage":"fr-FR"},{"@type":"WebPage","@id":"https:\/\/missionlocaleest.re\/index.php\/2025\/06\/12\/passez-votre-evaluation-clea-a-saint-andre-ou-bras-panon-en-juin\/","url":"https:\/\/missionlocaleest.re\/index.php\/2025\/06\/12\/passez-votre-evaluation-clea-a-saint-andre-ou-bras-panon-en-juin\/","name":"Passez votre \u00e9valuation Cl\u00e9A \u00e0 Saint-Andr\u00e9 ou Bras-Panon en juin ! - Mission Locale Est","isPartOf":{"@id":"https:\/\/missionlocaleest.re\/#website"},"primaryImageOfPage":{"@id":"https:\/\/missionlocaleest.re\/index.php\/2025\/06\/12\/passez-votre-evaluation-clea-a-saint-andre-ou-bras-panon-en-juin\/#primaryimage"},"image":{"@id":"https:\/\/missionlocaleest.re\/index.php\/2025\/06\/12\/passez-votre-evaluation-clea-a-saint-andre-ou-bras-panon-en-juin\/#primaryimage"},"thumbnailUrl":"https:\/\/missionlocaleest.re\/wp-content\/uploads\/2025\/04\/2025_Nvl_Formation.webp","datePublished":"2025-06-12T06:59:52+00:00","breadcrumb":{"@id":"https:\/\/missionlocaleest.re\/index.php\/2025\/06\/12\/passez-votre-evaluation-clea-a-saint-andre-ou-bras-panon-en-juin\/#breadcrumb"},"inLanguage":"fr-FR","potentialAction":[{"@type":"ReadAction","target":["https:\/\/missionlocaleest.re\/index.php\/2025\/06\/12\/passez-votre-evaluation-clea-a-saint-andre-ou-bras-panon-en-juin\/"]}]},{"@type":"ImageObject","inLanguage":"fr-FR","@id":"https:\/\/missionlocaleest.re\/index.php\/2025\/06\/12\/passez-votre-evaluation-clea-a-saint-andre-ou-bras-panon-en-juin\/#primaryimage","url":"https:\/\/missionlocaleest.re\/wp-content\/uploads\/2025\/04\/2025_Nvl_Formation.webp","contentUrl":"https:\/\/missionlocaleest.re\/wp-content\/uploads\/2025\/04\/2025_Nvl_Formation.webp","width":1000,"height":1000},{"@type":"BreadcrumbList","@id":"https:\/\/missionlocaleest.re\/index.php\/2025\/06\/12\/passez-votre-evaluation-clea-a-saint-andre-ou-bras-panon-en-juin\/#breadcrumb","itemListElement":[{"@type":"ListItem","position":1,"name":"Accueil","item":"https:\/\/missionlocaleest.re\/"},{"@type":"ListItem","position":2,"name":"Passez votre \u00e9valuation Cl\u00e9A \u00e0 Saint-Andr\u00e9 ou Bras-Panon en juin !"}]},{"@type":"WebSite","@id":"https:\/\/missionlocaleest.re\/#website","url":"https:\/\/missionlocaleest.re\/","name":"Mission Locale Est","description":"Pour l&#039;insertion sociale et professionnelle de l&#039;ensemble des jeunes du territoire Est !","publisher":{"@id":"https:\/\/missionlocaleest.re\/#organization"},"potentialAction":[{"@type":"SearchAction","target":{"@type":"EntryPoint","urlTemplate":"https:\/\/missionlocaleest.re\/?s={search_term_string}"},"query-input":{"@type":"PropertyValueSpecification","valueRequired":true,"valueName":"search_term_string"}}],"inLanguage":"fr-FR"},{"@type":"Organization","@id":"https:\/\/missionlocaleest.re\/#organization","name":"Mission Locale Est","url":"https:\/\/missionlocaleest.re\/","logo":{"@type":"ImageObject","inLanguage":"fr-FR","@id":"https:\/\/missionlocaleest.re\/#\/schema\/logo\/image\/","url":"https:\/\/missionlocaleest.re\/wp-content\/uploads\/2024\/05\/Logo_MLE_CMJN_Transparent.png","contentUrl":"https:\/\/missionlocaleest.re\/wp-content\/uploads\/2024\/05\/Logo_MLE_CMJN_Transparent.png","width":347,"height":412,"caption":"Mission Locale Est"},"image":{"@id":"https:\/\/missionlocaleest.re\/#\/schema\/logo\/image\/"},"sameAs":["https:\/\/www.facebook.com\/MLEstReunion\/","https:\/\/www.instagram.com\/missionlocaleest"]},{"@type":"Person","@id":"https:\/\/missionlocaleest.re\/#\/schema\/person\/84a119f07c3d76016394dd52b2455e1c","name":"webmaster","image":{"@type":"ImageObject","inLanguage":"fr-FR","@id":"https:\/\/secure.gravatar.com\/avatar\/a6900e68d5d703f2d4ed65a49fc695dd026766733acceca7fc8a936c08cb0e09?s=96&d=mm&r=g","url":"https:\/\/secure.gravatar.com\/avatar\/a6900e68d5d703f2d4ed65a49fc695dd026766733acceca7fc8a936c08cb0e09?s=96&d=mm&r=g","contentUrl":"https:\/\/secure.gravatar.com\/avatar\/a6900e68d5d703f2d4ed65a49fc695dd026766733acceca7fc8a936c08cb0e09?s=96&d=mm&r=g","caption":"webmaster"},"sameAs":["http:\/\/missionlocaleest.re"],"url":"https:\/\/missionlocaleest.re\/index.php\/author\/admin8117\/"}]}},"_links":{"self":[{"href":"https:\/\/missionlocaleest.re\/index.php\/wp-json\/wp\/v2\/posts\/1936","targetHints":{"allow":["GET"]}}],"collection":[{"href":"https:\/\/missionlocaleest.re\/index.php\/wp-json\/wp\/v2\/posts"}],"about":[{"href":"https:\/\/missionlocaleest.re\/index.php\/wp-json\/wp\/v2\/types\/post"}],"author":[{"embeddable":true,"href":"https:\/\/missionlocaleest.re\/index.php\/wp-json\/wp\/v2\/users\/1"}],"replies":[{"embeddable":true,"href":"https:\/\/missionlocaleest.re\/index.php\/wp-json\/wp\/v2\/comments?post=1936"}],"version-history":[{"count":2,"href":"https:\/\/missionlocaleest.re\/index.php\/wp-json\/wp\/v2\/posts\/1936\/revisions"}],"predecessor-version":[{"id":1938,"href":"https:\/\/missionlocaleest.re\/index.php\/wp-json\/wp\/v2\/posts\/1936\/revisions\/1938"}],"wp:featuredmedia":[{"embeddable":true,"href":"https:\/\/missionlocaleest.re\/index.php\/wp-json\/wp\/v2\/media\/1625"}],"wp:attachment":[{"href":"https:\/\/missionlocaleest.re\/index.php\/wp-json\/wp\/v2\/media?parent=1936"}],"wp:term":[{"taxonomy":"category","embeddable":true,"href":"https:\/\/missionlocaleest.re\/index.php\/wp-json\/wp\/v2\/categories?post=1936"},{"taxonomy":"post_tag","embeddable":true,"href":"https:\/\/missionlocaleest.re\/index.php\/wp-json\/wp\/v2\/tags?post=1936"}],"curies":[{"name":"wp","href":"https:\/\/api.w.org\/{rel}","templated":true}]}}