{"id":1896,"date":"2025-05-23T08:06:29","date_gmt":"2025-05-23T06:06:29","guid":{"rendered":"https:\/\/missionlocaleest.re\/?p=1896"},"modified":"2025-05-23T08:06:56","modified_gmt":"2025-05-23T06:06:56","slug":"formation-redynamisation-metiers-du-transport-maritime-a-saint-andre","status":"publish","type":"post","link":"https:\/\/missionlocaleest.re\/index.php\/2025\/05\/23\/formation-redynamisation-metiers-du-transport-maritime-a-saint-andre\/","title":{"rendered":"Formation Redynamisation &#8211; M\u00e9tiers du Transport Maritime \u00e0 Saint-Andr\u00e9"},"content":{"rendered":"\n[et_pb_section fb_built=\u00a0\u00bb1&Prime; theme_builder_area=\u00a0\u00bbpost_content\u00a0\u00bb _builder_version=\u00a0\u00bb4.27.4&Prime; _module_preset=\u00a0\u00bbdefault\u00a0\u00bb da_is_popup=\u00a0\u00bboff\u00a0\u00bb da_exit_intent=\u00a0\u00bboff\u00a0\u00bb da_has_close=\u00a0\u00bbon\u00a0\u00bb da_alt_close=\u00a0\u00bboff\u00a0\u00bb da_dark_close=\u00a0\u00bboff\u00a0\u00bb da_not_modal=\u00a0\u00bbon\u00a0\u00bb da_is_singular=\u00a0\u00bboff\u00a0\u00bb da_with_loader=\u00a0\u00bboff\u00a0\u00bb da_has_shadow=\u00a0\u00bbon\u00a0\u00bb da_disable_devices=\u00a0\u00bboff|off|off\u00a0\u00bb][et_pb_row _builder_version=\u00a0\u00bb4.27.4&Prime; _module_preset=\u00a0\u00bbdefault\u00a0\u00bb theme_builder_area=\u00a0\u00bbpost_content\u00a0\u00bb][et_pb_column _builder_version=\u00a0\u00bb4.27.4&Prime; _module_preset=\u00a0\u00bbdefault\u00a0\u00bb type=\u00a0\u00bb4_4&Prime; theme_builder_area=\u00a0\u00bbpost_content\u00a0\u00bb][et_pb_text _builder_version=\u00a0\u00bb4.27.4&Prime; _module_preset=\u00a0\u00bbdefault\u00a0\u00bb theme_builder_area=\u00a0\u00bbpost_content\u00a0\u00bb hover_enabled=\u00a0\u00bb0&Prime; sticky_enabled=\u00a0\u00bb0&Prime;]<p data-start=\"179\" data-end=\"464\">Vous souhaitez d\u00e9couvrir les m\u00e9tiers du transport maritime et a\u00e9rien et vous former dans un secteur en pleine \u00e9volution ? Le centre de formation <strong data-start=\"324\" data-end=\"339\">EI MORVILLE<\/strong> propose une <strong data-start=\"352\" data-end=\"380\">formation redynamisation<\/strong> d\u00e9di\u00e9e aux <strong data-start=\"392\" data-end=\"423\">m\u00e9tiers du secteur maritime<\/strong>, \u00e0 destination des jeunes <strong data-start=\"450\" data-end=\"463\">infra bac<\/strong>.<\/p>\n<p data-start=\"466\" data-end=\"720\">\ud83d\udccd <strong data-start=\"469\" data-end=\"477\">Lieu<\/strong> : REUNILOCEXAME 4 \u2013 127 rue Voltaire, 97440 Saint-Andr\u00e9<br data-start=\"533\" data-end=\"536\" \/>\ud83d\udcc6 <strong data-start=\"539\" data-end=\"564\">Dates de la formation<\/strong> : du <strong data-start=\"570\" data-end=\"597\">16 juin au 27 ao\u00fbt 2025<\/strong><br data-start=\"597\" data-end=\"600\" \/>\ud83d\udcb0 <strong data-start=\"603\" data-end=\"650\">Formation r\u00e9mun\u00e9r\u00e9e et enti\u00e8rement financ\u00e9e<\/strong><br data-start=\"650\" data-end=\"653\" \/>\ud83d\udc65 <strong data-start=\"656\" data-end=\"671\">Public vis\u00e9<\/strong> : jeunes en recherche d\u2019emploi, niveau infra bac<\/p>\n<p data-start=\"466\" data-end=\"720\">\n<h3 data-start=\"727\" data-end=\"758\">\ud83c\udf93 Objectif de la formation<\/h3>\n<p data-start=\"760\" data-end=\"991\">Permettre aux participant\u00b7es de <strong data-start=\"792\" data-end=\"887\">ma\u00eetriser les comp\u00e9tences cl\u00e9s pour travailler dans le secteur du transport de marchandises<\/strong>, avec une approche compl\u00e8te sur les volets <strong data-start=\"931\" data-end=\"953\">a\u00e9rien et maritime<\/strong><span class=\"text-token-text-secondary inline-flex items-center rounded-full bg-[#f4f4f4] select-none dark:bg-token-main-surface-secondary  h-[22px] px-2 text-[0.5em] font-medium ms-1\" title=\"4 - PLAQUETTE DE FORMATION_REDYNAMISATION SECTEUR EST.pdf\">4 &#8211; PLAQUETTE DE FORMAT\u2026<\/span>.<\/p>\n<h3 data-start=\"998\" data-end=\"1030\"><\/h3>\n<h3 data-start=\"998\" data-end=\"1030\">\ud83d\udcda Programme de la formation<\/h3>\n<ul data-start=\"1032\" data-end=\"1374\">\n<li data-start=\"1032\" data-end=\"1090\">\n<p data-start=\"1034\" data-end=\"1090\">\u00c9valuation des besoins et s\u00e9lection des participant\u00b7es<\/p>\n<\/li>\n<li data-start=\"1091\" data-end=\"1131\">\n<p data-start=\"1093\" data-end=\"1131\">Introduction au secteur du transport<\/p>\n<\/li>\n<li data-start=\"1132\" data-end=\"1176\">\n<p data-start=\"1134\" data-end=\"1176\">Gestion du transport a\u00e9rien (3 semaines)<\/p>\n<\/li>\n<li data-start=\"1177\" data-end=\"1223\">\n<p data-start=\"1179\" data-end=\"1223\">Gestion du transport maritime (3 semaines)<\/p>\n<\/li>\n<li data-start=\"1224\" data-end=\"1293\">\n<p data-start=\"1226\" data-end=\"1293\">D\u00e9veloppement des soft skills et techniques de recherche d\u2019emploi<\/p>\n<\/li>\n<li data-start=\"1294\" data-end=\"1329\">\n<p data-start=\"1296\" data-end=\"1329\">Stage en entreprise (1 semaine)<\/p>\n<\/li>\n<li data-start=\"1330\" data-end=\"1351\">\n<p data-start=\"1332\" data-end=\"1351\">\u00c9valuation finale<\/p>\n<\/li>\n<li data-start=\"1352\" data-end=\"1374\">\n<p data-start=\"1354\" data-end=\"1374\">Suivi post-formation<\/p>\n<\/li>\n<\/ul>\n<h3 data-start=\"1381\" data-end=\"1410\"><\/h3>\n<h3 data-start=\"1381\" data-end=\"1410\">\ud83d\udee0\ufe0f M\u00e9thodes p\u00e9dagogiques<\/h3>\n<ul data-start=\"1412\" data-end=\"1668\">\n<li data-start=\"1412\" data-end=\"1441\">\n<p data-start=\"1414\" data-end=\"1441\">Escape games p\u00e9dagogiques<\/p>\n<\/li>\n<li data-start=\"1442\" data-end=\"1464\">\n<p data-start=\"1444\" data-end=\"1464\">Ateliers pratiques<\/p>\n<\/li>\n<li data-start=\"1465\" data-end=\"1488\">\n<p data-start=\"1467\" data-end=\"1488\">Coaching individuel<\/p>\n<\/li>\n<li data-start=\"1489\" data-end=\"1532\">\n<p data-start=\"1491\" data-end=\"1532\">Utilisation des technologies num\u00e9riques<\/p>\n<\/li>\n<li data-start=\"1533\" data-end=\"1590\">\n<p data-start=\"1535\" data-end=\"1590\">Visites terrain et interventions de professionnel\u00b7les<\/p>\n<\/li>\n<li data-start=\"1591\" data-end=\"1668\">\n<p data-start=\"1593\" data-end=\"1668\">Accompagnement \u00e0 la recherche d\u2019emploi<span class=\"text-token-text-secondary inline-flex items-center rounded-full bg-[#f4f4f4] select-none dark:bg-token-main-surface-secondary  h-[22px] px-2 text-[0.5em] font-medium ms-1\" title=\"4 - PLAQUETTE DE FORMATION_REDYNAMISATION SECTEUR EST.pdf\">4 &#8211; PLAQUETTE DE FORMAT\u2026<\/span><\/p>\n<\/li>\n<\/ul>\n<p data-start=\"1675\" data-end=\"1828\">\n<p data-start=\"1675\" data-end=\"1828\">\ud83d\udce2 <strong data-start=\"1678\" data-end=\"1695\">Int\u00e9ress\u00e9\u00b7e ?<\/strong><br data-start=\"1695\" data-end=\"1698\" \/>Contactez d\u00e8s maintenant votre <strong data-start=\"1729\" data-end=\"1766\">conseiller\u00b7\u00e8re Mission Locale Est<\/strong> pour vous inscrire et vous positionner sur cette opportunit\u00e9.<\/p>\n<p data-start=\"1830\" data-end=\"2020\" data-is-last-node=\"\" data-is-only-node=\"\">\ud83d\udcbc Une belle occasion de d\u00e9couvrir un secteur dynamique, acqu\u00e9rir des comp\u00e9tences concr\u00e8tes, et construire votre projet professionnel en lien avec le monde du transport et de la logistique !<\/p>[\/et_pb_text][et_pb_image src=\u00a0\u00bbhttps:\/\/missionlocaleest.re\/wp-content\/uploads\/2025\/05\/Plan-de-travail-1.webp\u00a0\u00bb _builder_version=\u00a0\u00bb4.27.4&Prime; _module_preset=\u00a0\u00bbdefault\u00a0\u00bb theme_builder_area=\u00a0\u00bbpost_content\u00a0\u00bb title_text=\u00a0\u00bbPlan de travail 1&Prime; hover_enabled=\u00a0\u00bb0&Prime; sticky_enabled=\u00a0\u00bb0&Prime; align=\u00a0\u00bbcenter\u00a0\u00bb][\/et_pb_image][\/et_pb_column][\/et_pb_row][\/et_pb_section]\n","protected":false},"excerpt":{"rendered":"<p>Vous souhaitez d\u00e9couvrir les m\u00e9tiers du transport maritime et a\u00e9rien et vous former dans un secteur en pleine \u00e9volution ? Le centre de formation EI MORVILLE propose une formation redynamisation d\u00e9di\u00e9e aux m\u00e9tiers du secteur maritime, \u00e0 destination des jeunes infra bac. \ud83d\udccd Lieu : REUNILOCEXAME 4 \u2013 127 rue Voltaire, 97440 Saint-Andr\u00e9\ud83d\udcc6 Dates de [&hellip;]<\/p>\n","protected":false},"author":1,"featured_media":1898,"comment_status":"closed","ping_status":"open","sticky":false,"template":"","format":"standard","meta":{"_et_pb_use_builder":"on","_et_pb_old_content":"","_et_gb_content_width":"1080","footnotes":""},"categories":[59,69],"tags":[],"class_list":["post-1896","post","type-post","status-publish","format-standard","has-post-thumbnail","hentry","category-actus","category-formations"],"yoast_head":"<!-- This site is optimized with the Yoast SEO plugin v27.2 - https:\/\/yoast.com\/product\/yoast-seo-wordpress\/ -->\n<title>Formation Redynamisation - M\u00e9tiers du Transport Maritime \u00e0 Saint-Andr\u00e9 - Mission Locale Est<\/title>\n<meta name=\"robots\" content=\"index, follow, max-snippet:-1, max-image-preview:large, max-video-preview:-1\" \/>\n<link rel=\"canonical\" href=\"https:\/\/missionlocaleest.re\/index.php\/2025\/05\/23\/formation-redynamisation-metiers-du-transport-maritime-a-saint-andre\/\" \/>\n<meta property=\"og:locale\" content=\"fr_FR\" \/>\n<meta property=\"og:type\" content=\"article\" \/>\n<meta property=\"og:title\" content=\"Formation Redynamisation - M\u00e9tiers du Transport Maritime \u00e0 Saint-Andr\u00e9 - Mission Locale Est\" \/>\n<meta property=\"og:description\" content=\"Vous souhaitez d\u00e9couvrir les m\u00e9tiers du transport maritime et a\u00e9rien et vous former dans un secteur en pleine \u00e9volution ? Le centre de formation EI MORVILLE propose une formation redynamisation d\u00e9di\u00e9e aux m\u00e9tiers du secteur maritime, \u00e0 destination des jeunes infra bac. \ud83d\udccd Lieu : REUNILOCEXAME 4 \u2013 127 rue Voltaire, 97440 Saint-Andr\u00e9\ud83d\udcc6 Dates de [&hellip;]\" \/>\n<meta property=\"og:url\" content=\"https:\/\/missionlocaleest.re\/index.php\/2025\/05\/23\/formation-redynamisation-metiers-du-transport-maritime-a-saint-andre\/\" \/>\n<meta property=\"og:site_name\" content=\"Mission Locale Est\" \/>\n<meta property=\"article:publisher\" content=\"https:\/\/www.facebook.com\/MLEstReunion\/\" \/>\n<meta property=\"article:published_time\" content=\"2025-05-23T06:06:29+00:00\" \/>\n<meta property=\"article:modified_time\" content=\"2025-05-23T06:06:56+00:00\" \/>\n<meta property=\"og:image\" content=\"https:\/\/missionlocaleest.re\/wp-content\/uploads\/2025\/05\/Plan-de-travail-1.webp\" \/>\n\t<meta property=\"og:image:width\" content=\"596\" \/>\n\t<meta property=\"og:image:height\" content=\"842\" \/>\n\t<meta property=\"og:image:type\" content=\"image\/webp\" \/>\n<meta name=\"author\" content=\"webmaster\" \/>\n<meta name=\"twitter:card\" content=\"summary_large_image\" \/>\n<meta name=\"twitter:label1\" content=\"\u00c9crit par\" \/>\n\t<meta name=\"twitter:data1\" content=\"webmaster\" \/>\n\t<meta name=\"twitter:label2\" content=\"Dur\u00e9e de lecture estim\u00e9e\" \/>\n\t<meta name=\"twitter:data2\" content=\"2 minutes\" \/>\n<script type=\"application\/ld+json\" class=\"yoast-schema-graph\">{\"@context\":\"https:\/\/schema.org\",\"@graph\":[{\"@type\":\"Article\",\"@id\":\"https:\/\/missionlocaleest.re\/index.php\/2025\/05\/23\/formation-redynamisation-metiers-du-transport-maritime-a-saint-andre\/#article\",\"isPartOf\":{\"@id\":\"https:\/\/missionlocaleest.re\/index.php\/2025\/05\/23\/formation-redynamisation-metiers-du-transport-maritime-a-saint-andre\/\"},\"author\":{\"name\":\"webmaster\",\"@id\":\"https:\/\/missionlocaleest.re\/#\/schema\/person\/84a119f07c3d76016394dd52b2455e1c\"},\"headline\":\"Formation Redynamisation &#8211; M\u00e9tiers du Transport Maritime \u00e0 Saint-Andr\u00e9\",\"datePublished\":\"2025-05-23T06:06:29+00:00\",\"dateModified\":\"2025-05-23T06:06:56+00:00\",\"mainEntityOfPage\":{\"@id\":\"https:\/\/missionlocaleest.re\/index.php\/2025\/05\/23\/formation-redynamisation-metiers-du-transport-maritime-a-saint-andre\/\"},\"wordCount\":413,\"publisher\":{\"@id\":\"https:\/\/missionlocaleest.re\/#organization\"},\"image\":{\"@id\":\"https:\/\/missionlocaleest.re\/index.php\/2025\/05\/23\/formation-redynamisation-metiers-du-transport-maritime-a-saint-andre\/#primaryimage\"},\"thumbnailUrl\":\"https:\/\/missionlocaleest.re\/wp-content\/uploads\/2025\/05\/Plan-de-travail-1.webp\",\"articleSection\":[\"Actus\",\"Formations\"],\"inLanguage\":\"fr-FR\"},{\"@type\":\"WebPage\",\"@id\":\"https:\/\/missionlocaleest.re\/index.php\/2025\/05\/23\/formation-redynamisation-metiers-du-transport-maritime-a-saint-andre\/\",\"url\":\"https:\/\/missionlocaleest.re\/index.php\/2025\/05\/23\/formation-redynamisation-metiers-du-transport-maritime-a-saint-andre\/\",\"name\":\"Formation Redynamisation - M\u00e9tiers du Transport Maritime \u00e0 Saint-Andr\u00e9 - Mission Locale Est\",\"isPartOf\":{\"@id\":\"https:\/\/missionlocaleest.re\/#website\"},\"primaryImageOfPage\":{\"@id\":\"https:\/\/missionlocaleest.re\/index.php\/2025\/05\/23\/formation-redynamisation-metiers-du-transport-maritime-a-saint-andre\/#primaryimage\"},\"image\":{\"@id\":\"https:\/\/missionlocaleest.re\/index.php\/2025\/05\/23\/formation-redynamisation-metiers-du-transport-maritime-a-saint-andre\/#primaryimage\"},\"thumbnailUrl\":\"https:\/\/missionlocaleest.re\/wp-content\/uploads\/2025\/05\/Plan-de-travail-1.webp\",\"datePublished\":\"2025-05-23T06:06:29+00:00\",\"dateModified\":\"2025-05-23T06:06:56+00:00\",\"breadcrumb\":{\"@id\":\"https:\/\/missionlocaleest.re\/index.php\/2025\/05\/23\/formation-redynamisation-metiers-du-transport-maritime-a-saint-andre\/#breadcrumb\"},\"inLanguage\":\"fr-FR\",\"potentialAction\":[{\"@type\":\"ReadAction\",\"target\":[\"https:\/\/missionlocaleest.re\/index.php\/2025\/05\/23\/formation-redynamisation-metiers-du-transport-maritime-a-saint-andre\/\"]}]},{\"@type\":\"ImageObject\",\"inLanguage\":\"fr-FR\",\"@id\":\"https:\/\/missionlocaleest.re\/index.php\/2025\/05\/23\/formation-redynamisation-metiers-du-transport-maritime-a-saint-andre\/#primaryimage\",\"url\":\"https:\/\/missionlocaleest.re\/wp-content\/uploads\/2025\/05\/Plan-de-travail-1.webp\",\"contentUrl\":\"https:\/\/missionlocaleest.re\/wp-content\/uploads\/2025\/05\/Plan-de-travail-1.webp\",\"width\":596,\"height\":842},{\"@type\":\"BreadcrumbList\",\"@id\":\"https:\/\/missionlocaleest.re\/index.php\/2025\/05\/23\/formation-redynamisation-metiers-du-transport-maritime-a-saint-andre\/#breadcrumb\",\"itemListElement\":[{\"@type\":\"ListItem\",\"position\":1,\"name\":\"Accueil\",\"item\":\"https:\/\/missionlocaleest.re\/\"},{\"@type\":\"ListItem\",\"position\":2,\"name\":\"Formation Redynamisation &#8211; M\u00e9tiers du Transport Maritime \u00e0 Saint-Andr\u00e9\"}]},{\"@type\":\"WebSite\",\"@id\":\"https:\/\/missionlocaleest.re\/#website\",\"url\":\"https:\/\/missionlocaleest.re\/\",\"name\":\"Mission Locale Est\",\"description\":\"Pour l&#039;insertion sociale et professionnelle de l&#039;ensemble des jeunes du territoire Est !\",\"publisher\":{\"@id\":\"https:\/\/missionlocaleest.re\/#organization\"},\"potentialAction\":[{\"@type\":\"SearchAction\",\"target\":{\"@type\":\"EntryPoint\",\"urlTemplate\":\"https:\/\/missionlocaleest.re\/?s={search_term_string}\"},\"query-input\":{\"@type\":\"PropertyValueSpecification\",\"valueRequired\":true,\"valueName\":\"search_term_string\"}}],\"inLanguage\":\"fr-FR\"},{\"@type\":\"Organization\",\"@id\":\"https:\/\/missionlocaleest.re\/#organization\",\"name\":\"Mission Locale Est\",\"url\":\"https:\/\/missionlocaleest.re\/\",\"logo\":{\"@type\":\"ImageObject\",\"inLanguage\":\"fr-FR\",\"@id\":\"https:\/\/missionlocaleest.re\/#\/schema\/logo\/image\/\",\"url\":\"https:\/\/missionlocaleest.re\/wp-content\/uploads\/2024\/05\/Logo_MLE_CMJN_Transparent.png\",\"contentUrl\":\"https:\/\/missionlocaleest.re\/wp-content\/uploads\/2024\/05\/Logo_MLE_CMJN_Transparent.png\",\"width\":347,\"height\":412,\"caption\":\"Mission Locale Est\"},\"image\":{\"@id\":\"https:\/\/missionlocaleest.re\/#\/schema\/logo\/image\/\"},\"sameAs\":[\"https:\/\/www.facebook.com\/MLEstReunion\/\",\"https:\/\/www.instagram.com\/missionlocaleest\"]},{\"@type\":\"Person\",\"@id\":\"https:\/\/missionlocaleest.re\/#\/schema\/person\/84a119f07c3d76016394dd52b2455e1c\",\"name\":\"webmaster\",\"image\":{\"@type\":\"ImageObject\",\"inLanguage\":\"fr-FR\",\"@id\":\"https:\/\/secure.gravatar.com\/avatar\/a6900e68d5d703f2d4ed65a49fc695dd026766733acceca7fc8a936c08cb0e09?s=96&d=mm&r=g\",\"url\":\"https:\/\/secure.gravatar.com\/avatar\/a6900e68d5d703f2d4ed65a49fc695dd026766733acceca7fc8a936c08cb0e09?s=96&d=mm&r=g\",\"contentUrl\":\"https:\/\/secure.gravatar.com\/avatar\/a6900e68d5d703f2d4ed65a49fc695dd026766733acceca7fc8a936c08cb0e09?s=96&d=mm&r=g\",\"caption\":\"webmaster\"},\"sameAs\":[\"http:\/\/missionlocaleest.re\"],\"url\":\"https:\/\/missionlocaleest.re\/index.php\/author\/admin8117\/\"}]}<\/script>\n<!-- \/ Yoast SEO plugin. -->","yoast_head_json":{"title":"Formation Redynamisation - M\u00e9tiers du Transport Maritime \u00e0 Saint-Andr\u00e9 - Mission Locale Est","robots":{"index":"index","follow":"follow","max-snippet":"max-snippet:-1","max-image-preview":"max-image-preview:large","max-video-preview":"max-video-preview:-1"},"canonical":"https:\/\/missionlocaleest.re\/index.php\/2025\/05\/23\/formation-redynamisation-metiers-du-transport-maritime-a-saint-andre\/","og_locale":"fr_FR","og_type":"article","og_title":"Formation Redynamisation - M\u00e9tiers du Transport Maritime \u00e0 Saint-Andr\u00e9 - Mission Locale Est","og_description":"Vous souhaitez d\u00e9couvrir les m\u00e9tiers du transport maritime et a\u00e9rien et vous former dans un secteur en pleine \u00e9volution ? Le centre de formation EI MORVILLE propose une formation redynamisation d\u00e9di\u00e9e aux m\u00e9tiers du secteur maritime, \u00e0 destination des jeunes infra bac. \ud83d\udccd Lieu : REUNILOCEXAME 4 \u2013 127 rue Voltaire, 97440 Saint-Andr\u00e9\ud83d\udcc6 Dates de [&hellip;]","og_url":"https:\/\/missionlocaleest.re\/index.php\/2025\/05\/23\/formation-redynamisation-metiers-du-transport-maritime-a-saint-andre\/","og_site_name":"Mission Locale Est","article_publisher":"https:\/\/www.facebook.com\/MLEstReunion\/","article_published_time":"2025-05-23T06:06:29+00:00","article_modified_time":"2025-05-23T06:06:56+00:00","og_image":[{"width":596,"height":842,"url":"https:\/\/missionlocaleest.re\/wp-content\/uploads\/2025\/05\/Plan-de-travail-1.webp","type":"image\/webp"}],"author":"webmaster","twitter_card":"summary_large_image","twitter_misc":{"\u00c9crit par":"webmaster","Dur\u00e9e de lecture estim\u00e9e":"2 minutes"},"schema":{"@context":"https:\/\/schema.org","@graph":[{"@type":"Article","@id":"https:\/\/missionlocaleest.re\/index.php\/2025\/05\/23\/formation-redynamisation-metiers-du-transport-maritime-a-saint-andre\/#article","isPartOf":{"@id":"https:\/\/missionlocaleest.re\/index.php\/2025\/05\/23\/formation-redynamisation-metiers-du-transport-maritime-a-saint-andre\/"},"author":{"name":"webmaster","@id":"https:\/\/missionlocaleest.re\/#\/schema\/person\/84a119f07c3d76016394dd52b2455e1c"},"headline":"Formation Redynamisation &#8211; M\u00e9tiers du Transport Maritime \u00e0 Saint-Andr\u00e9","datePublished":"2025-05-23T06:06:29+00:00","dateModified":"2025-05-23T06:06:56+00:00","mainEntityOfPage":{"@id":"https:\/\/missionlocaleest.re\/index.php\/2025\/05\/23\/formation-redynamisation-metiers-du-transport-maritime-a-saint-andre\/"},"wordCount":413,"publisher":{"@id":"https:\/\/missionlocaleest.re\/#organization"},"image":{"@id":"https:\/\/missionlocaleest.re\/index.php\/2025\/05\/23\/formation-redynamisation-metiers-du-transport-maritime-a-saint-andre\/#primaryimage"},"thumbnailUrl":"https:\/\/missionlocaleest.re\/wp-content\/uploads\/2025\/05\/Plan-de-travail-1.webp","articleSection":["Actus","Formations"],"inLanguage":"fr-FR"},{"@type":"WebPage","@id":"https:\/\/missionlocaleest.re\/index.php\/2025\/05\/23\/formation-redynamisation-metiers-du-transport-maritime-a-saint-andre\/","url":"https:\/\/missionlocaleest.re\/index.php\/2025\/05\/23\/formation-redynamisation-metiers-du-transport-maritime-a-saint-andre\/","name":"Formation Redynamisation - M\u00e9tiers du Transport Maritime \u00e0 Saint-Andr\u00e9 - Mission Locale Est","isPartOf":{"@id":"https:\/\/missionlocaleest.re\/#website"},"primaryImageOfPage":{"@id":"https:\/\/missionlocaleest.re\/index.php\/2025\/05\/23\/formation-redynamisation-metiers-du-transport-maritime-a-saint-andre\/#primaryimage"},"image":{"@id":"https:\/\/missionlocaleest.re\/index.php\/2025\/05\/23\/formation-redynamisation-metiers-du-transport-maritime-a-saint-andre\/#primaryimage"},"thumbnailUrl":"https:\/\/missionlocaleest.re\/wp-content\/uploads\/2025\/05\/Plan-de-travail-1.webp","datePublished":"2025-05-23T06:06:29+00:00","dateModified":"2025-05-23T06:06:56+00:00","breadcrumb":{"@id":"https:\/\/missionlocaleest.re\/index.php\/2025\/05\/23\/formation-redynamisation-metiers-du-transport-maritime-a-saint-andre\/#breadcrumb"},"inLanguage":"fr-FR","potentialAction":[{"@type":"ReadAction","target":["https:\/\/missionlocaleest.re\/index.php\/2025\/05\/23\/formation-redynamisation-metiers-du-transport-maritime-a-saint-andre\/"]}]},{"@type":"ImageObject","inLanguage":"fr-FR","@id":"https:\/\/missionlocaleest.re\/index.php\/2025\/05\/23\/formation-redynamisation-metiers-du-transport-maritime-a-saint-andre\/#primaryimage","url":"https:\/\/missionlocaleest.re\/wp-content\/uploads\/2025\/05\/Plan-de-travail-1.webp","contentUrl":"https:\/\/missionlocaleest.re\/wp-content\/uploads\/2025\/05\/Plan-de-travail-1.webp","width":596,"height":842},{"@type":"BreadcrumbList","@id":"https:\/\/missionlocaleest.re\/index.php\/2025\/05\/23\/formation-redynamisation-metiers-du-transport-maritime-a-saint-andre\/#breadcrumb","itemListElement":[{"@type":"ListItem","position":1,"name":"Accueil","item":"https:\/\/missionlocaleest.re\/"},{"@type":"ListItem","position":2,"name":"Formation Redynamisation &#8211; M\u00e9tiers du Transport Maritime \u00e0 Saint-Andr\u00e9"}]},{"@type":"WebSite","@id":"https:\/\/missionlocaleest.re\/#website","url":"https:\/\/missionlocaleest.re\/","name":"Mission Locale Est","description":"Pour l&#039;insertion sociale et professionnelle de l&#039;ensemble des jeunes du territoire Est !","publisher":{"@id":"https:\/\/missionlocaleest.re\/#organization"},"potentialAction":[{"@type":"SearchAction","target":{"@type":"EntryPoint","urlTemplate":"https:\/\/missionlocaleest.re\/?s={search_term_string}"},"query-input":{"@type":"PropertyValueSpecification","valueRequired":true,"valueName":"search_term_string"}}],"inLanguage":"fr-FR"},{"@type":"Organization","@id":"https:\/\/missionlocaleest.re\/#organization","name":"Mission Locale Est","url":"https:\/\/missionlocaleest.re\/","logo":{"@type":"ImageObject","inLanguage":"fr-FR","@id":"https:\/\/missionlocaleest.re\/#\/schema\/logo\/image\/","url":"https:\/\/missionlocaleest.re\/wp-content\/uploads\/2024\/05\/Logo_MLE_CMJN_Transparent.png","contentUrl":"https:\/\/missionlocaleest.re\/wp-content\/uploads\/2024\/05\/Logo_MLE_CMJN_Transparent.png","width":347,"height":412,"caption":"Mission Locale Est"},"image":{"@id":"https:\/\/missionlocaleest.re\/#\/schema\/logo\/image\/"},"sameAs":["https:\/\/www.facebook.com\/MLEstReunion\/","https:\/\/www.instagram.com\/missionlocaleest"]},{"@type":"Person","@id":"https:\/\/missionlocaleest.re\/#\/schema\/person\/84a119f07c3d76016394dd52b2455e1c","name":"webmaster","image":{"@type":"ImageObject","inLanguage":"fr-FR","@id":"https:\/\/secure.gravatar.com\/avatar\/a6900e68d5d703f2d4ed65a49fc695dd026766733acceca7fc8a936c08cb0e09?s=96&d=mm&r=g","url":"https:\/\/secure.gravatar.com\/avatar\/a6900e68d5d703f2d4ed65a49fc695dd026766733acceca7fc8a936c08cb0e09?s=96&d=mm&r=g","contentUrl":"https:\/\/secure.gravatar.com\/avatar\/a6900e68d5d703f2d4ed65a49fc695dd026766733acceca7fc8a936c08cb0e09?s=96&d=mm&r=g","caption":"webmaster"},"sameAs":["http:\/\/missionlocaleest.re"],"url":"https:\/\/missionlocaleest.re\/index.php\/author\/admin8117\/"}]}},"_links":{"self":[{"href":"https:\/\/missionlocaleest.re\/index.php\/wp-json\/wp\/v2\/posts\/1896","targetHints":{"allow":["GET"]}}],"collection":[{"href":"https:\/\/missionlocaleest.re\/index.php\/wp-json\/wp\/v2\/posts"}],"about":[{"href":"https:\/\/missionlocaleest.re\/index.php\/wp-json\/wp\/v2\/types\/post"}],"author":[{"embeddable":true,"href":"https:\/\/missionlocaleest.re\/index.php\/wp-json\/wp\/v2\/users\/1"}],"replies":[{"embeddable":true,"href":"https:\/\/missionlocaleest.re\/index.php\/wp-json\/wp\/v2\/comments?post=1896"}],"version-history":[{"count":3,"href":"https:\/\/missionlocaleest.re\/index.php\/wp-json\/wp\/v2\/posts\/1896\/revisions"}],"predecessor-version":[{"id":1901,"href":"https:\/\/missionlocaleest.re\/index.php\/wp-json\/wp\/v2\/posts\/1896\/revisions\/1901"}],"wp:featuredmedia":[{"embeddable":true,"href":"https:\/\/missionlocaleest.re\/index.php\/wp-json\/wp\/v2\/media\/1898"}],"wp:attachment":[{"href":"https:\/\/missionlocaleest.re\/index.php\/wp-json\/wp\/v2\/media?parent=1896"}],"wp:term":[{"taxonomy":"category","embeddable":true,"href":"https:\/\/missionlocaleest.re\/index.php\/wp-json\/wp\/v2\/categories?post=1896"},{"taxonomy":"post_tag","embeddable":true,"href":"https:\/\/missionlocaleest.re\/index.php\/wp-json\/wp\/v2\/tags?post=1896"}],"curies":[{"name":"wp","href":"https:\/\/api.w.org\/{rel}","templated":true}]}}