{"id":1762,"date":"2025-04-14T08:31:55","date_gmt":"2025-04-14T06:31:55","guid":{"rendered":"https:\/\/missionlocaleest.re\/?p=1762"},"modified":"2025-04-14T08:31:55","modified_gmt":"2025-04-14T06:31:55","slug":"formation-redynamisation-par-la-culture-saint-andre","status":"publish","type":"post","link":"https:\/\/missionlocaleest.re\/index.php\/2025\/04\/14\/formation-redynamisation-par-la-culture-saint-andre\/","title":{"rendered":"Formation redynamisation par la culture \u2013 Saint-Andr\u00e9"},"content":{"rendered":"<p>[et_pb_section fb_built=\u00a0\u00bb1&Prime; theme_builder_area=\u00a0\u00bbpost_content\u00a0\u00bb _builder_version=\u00a0\u00bb4.27.4&Prime; _module_preset=\u00a0\u00bbdefault\u00a0\u00bb da_is_popup=\u00a0\u00bboff\u00a0\u00bb da_exit_intent=\u00a0\u00bboff\u00a0\u00bb da_has_close=\u00a0\u00bbon\u00a0\u00bb da_alt_close=\u00a0\u00bboff\u00a0\u00bb da_dark_close=\u00a0\u00bboff\u00a0\u00bb da_not_modal=\u00a0\u00bbon\u00a0\u00bb da_is_singular=\u00a0\u00bboff\u00a0\u00bb da_with_loader=\u00a0\u00bboff\u00a0\u00bb da_has_shadow=\u00a0\u00bbon\u00a0\u00bb da_disable_devices=\u00a0\u00bboff|off|off\u00a0\u00bb][et_pb_row _builder_version=\u00a0\u00bb4.27.4&Prime; _module_preset=\u00a0\u00bbdefault\u00a0\u00bb theme_builder_area=\u00a0\u00bbpost_content\u00a0\u00bb][et_pb_column _builder_version=\u00a0\u00bb4.27.4&Prime; _module_preset=\u00a0\u00bbdefault\u00a0\u00bb type=\u00a0\u00bb4_4&Prime; theme_builder_area=\u00a0\u00bbpost_content\u00a0\u00bb][et_pb_text _builder_version=\u00a0\u00bb4.27.4&Prime; _module_preset=\u00a0\u00bbdefault\u00a0\u00bb theme_builder_area=\u00a0\u00bbpost_content\u00a0\u00bb hover_enabled=\u00a0\u00bb0&Prime; sticky_enabled=\u00a0\u00bb0&Prime;]<\/p>\n<p data-start=\"122\" data-end=\"415\" class=\"\">Vous \u00eates passionn\u00e9\u00b7e par le <strong data-start=\"151\" data-end=\"160\">chant<\/strong>, la <strong data-start=\"165\" data-end=\"176\">musique<\/strong>, la <strong data-start=\"181\" data-end=\"190\">danse<\/strong> ou encore l\u2019univers du <strong data-start=\"214\" data-end=\"234\">spectacle vivant<\/strong> ? Vous \u00eates <strong data-start=\"247\" data-end=\"271\">fier\u00b7e d\u2019\u00eatre cr\u00e9ole<\/strong> et vous souhaitez faire rayonner votre identit\u00e9 culturelle tout en construisant un avenir professionnel ? Cette formation est faite pour vous !<\/p>\n<p data-start=\"417\" data-end=\"609\" class=\"\">Le centre <strong data-start=\"427\" data-end=\"437\">EXIMUS<\/strong> propose \u00e0 <strong data-start=\"448\" data-end=\"463\">Saint-Andr\u00e9<\/strong> une <strong data-start=\"468\" data-end=\"514\">formation de redynamisation par la culture<\/strong>, sp\u00e9cialement pens\u00e9e pour les jeunes en recherche de dynamisme dans leur parcours d\u2019insertion.<\/p>\n<p data-start=\"611\" data-end=\"815\" class=\"\">\ud83d\udccd <strong data-start=\"614\" data-end=\"622\">Lieu<\/strong> : Saint-Andr\u00e9<br data-start=\"636\" data-end=\"639\" \/>\ud83d\udcc5 <strong data-start=\"642\" data-end=\"664\">Dates de formation<\/strong> : du 02 mai au 17 juillet 2025<br data-start=\"695\" data-end=\"698\" \/>\u23f3 <strong data-start=\"700\" data-end=\"709\">Dur\u00e9e<\/strong> : 3 mois<br data-start=\"718\" data-end=\"721\" \/>\ud83d\udcb8 <strong data-start=\"724\" data-end=\"740\">R\u00e9mun\u00e9ration<\/strong> : Oui, par le biais de l\u2019ASP<br data-start=\"769\" data-end=\"772\" \/>\ud83c\udf93 <strong data-start=\"775\" data-end=\"789\">Pr\u00e9-requis<\/strong> : Niveau inf\u00e9rieur au Bac<\/p>\n<h3 data-start=\"817\" data-end=\"849\" class=\"\">\ud83c\udfaf Objectifs de la formation<\/h3>\n<p data-start=\"851\" data-end=\"1037\" class=\"\">\u2714 D\u00e9velopper l\u2019estime de soi<br data-start=\"879\" data-end=\"882\" \/>\u2714 Renforcer son bagage culturel<br data-start=\"913\" data-end=\"916\" \/>\u2714 S\u2019initier aux <strong data-start=\"932\" data-end=\"957\">m\u00e9tiers de la culture<\/strong><br data-start=\"957\" data-end=\"960\" \/>\u2714 Se qualifier dans le secteur culturel<br data-start=\"999\" data-end=\"1002\" \/>\u2714 \u00c9lever son niveau d\u2019employabilit\u00e9<\/p>\n<p data-start=\"1039\" data-end=\"1245\" class=\"\">Cette action s\u2019inscrit dans un <strong data-start=\"1070\" data-end=\"1090\">parcours complet<\/strong> : \u00e0 l\u2019issue de cette formation, vous pourrez poursuivre vers une <strong data-start=\"1156\" data-end=\"1177\">pr\u00e9-qualification<\/strong>, puis une <strong data-start=\"1188\" data-end=\"1213\">formation qualifiante<\/strong> dans les m\u00e9tiers de la culture.<\/p>\n<h3 data-start=\"1247\" data-end=\"1286\" class=\"\">\ud83d\udcc5 R\u00e9union d\u2019information collective<\/h3>\n<p data-start=\"1288\" data-end=\"1391\" class=\"\">\ud83d\uddd3 <strong data-start=\"1291\" data-end=\"1299\">Date<\/strong> : Mercredi 16 avril 2025<br data-start=\"1324\" data-end=\"1327\" \/>\ud83d\udd51 <strong data-start=\"1330\" data-end=\"1339\">Heure<\/strong> : 14h00<br data-start=\"1347\" data-end=\"1350\" \/>\ud83d\udccd <strong data-start=\"1353\" data-end=\"1361\">Lieu<\/strong> : Centre EXIMUS \u2013 Saint-Andr\u00e9<\/p>\n<p data-start=\"1393\" data-end=\"1538\" class=\"\">\ud83d\udce2 Int\u00e9ress\u00e9\u00b7e ? Contactez votre <strong data-start=\"1426\" data-end=\"1463\">conseiller\u00b7\u00e8re Mission Locale Est<\/strong> pour vous inscrire \u00e0 la r\u00e9union et vous positionner sur cette opportunit\u00e9.<\/p>\n<p>[\/et_pb_text][\/et_pb_column][\/et_pb_row][\/et_pb_section]<\/p>\n","protected":false},"excerpt":{"rendered":"<p>Vous \u00eates passionn\u00e9\u00b7e par le chant, la musique, la danse ou encore l\u2019univers du spectacle vivant ? Vous \u00eates fier\u00b7e d\u2019\u00eatre cr\u00e9ole et vous souhaitez faire rayonner votre identit\u00e9 culturelle tout en construisant un avenir professionnel ? Cette formation est faite pour vous ! Le centre EXIMUS propose \u00e0 Saint-Andr\u00e9 une formation de redynamisation par [&hellip;]<\/p>\n","protected":false},"author":1,"featured_media":1625,"comment_status":"closed","ping_status":"open","sticky":false,"template":"","format":"standard","meta":{"_et_pb_use_builder":"on","_et_pb_old_content":"","_et_gb_content_width":"1080","footnotes":""},"categories":[59,69],"tags":[],"class_list":["post-1762","post","type-post","status-publish","format-standard","has-post-thumbnail","hentry","category-actus","category-formations"],"yoast_head":"<!-- This site is optimized with the Yoast SEO plugin v27.2 - https:\/\/yoast.com\/product\/yoast-seo-wordpress\/ -->\n<title>Formation redynamisation par la culture \u2013 Saint-Andr\u00e9 - Mission Locale Est<\/title>\n<meta name=\"robots\" content=\"index, follow, max-snippet:-1, max-image-preview:large, max-video-preview:-1\" \/>\n<link rel=\"canonical\" href=\"https:\/\/missionlocaleest.re\/index.php\/2025\/04\/14\/formation-redynamisation-par-la-culture-saint-andre\/\" \/>\n<meta property=\"og:locale\" content=\"fr_FR\" \/>\n<meta property=\"og:type\" content=\"article\" \/>\n<meta property=\"og:title\" content=\"Formation redynamisation par la culture \u2013 Saint-Andr\u00e9 - Mission Locale Est\" \/>\n<meta property=\"og:description\" content=\"Vous \u00eates passionn\u00e9\u00b7e par le chant, la musique, la danse ou encore l\u2019univers du spectacle vivant ? Vous \u00eates fier\u00b7e d\u2019\u00eatre cr\u00e9ole et vous souhaitez faire rayonner votre identit\u00e9 culturelle tout en construisant un avenir professionnel ? Cette formation est faite pour vous ! Le centre EXIMUS propose \u00e0 Saint-Andr\u00e9 une formation de redynamisation par [&hellip;]\" \/>\n<meta property=\"og:url\" content=\"https:\/\/missionlocaleest.re\/index.php\/2025\/04\/14\/formation-redynamisation-par-la-culture-saint-andre\/\" \/>\n<meta property=\"og:site_name\" content=\"Mission Locale Est\" \/>\n<meta property=\"article:publisher\" content=\"https:\/\/www.facebook.com\/MLEstReunion\/\" \/>\n<meta property=\"article:published_time\" content=\"2025-04-14T06:31:55+00:00\" \/>\n<meta property=\"og:image\" content=\"https:\/\/missionlocaleest.re\/wp-content\/uploads\/2025\/04\/2025_Nvl_Formation.webp\" \/>\n\t<meta property=\"og:image:width\" content=\"1000\" \/>\n\t<meta property=\"og:image:height\" content=\"1000\" \/>\n\t<meta property=\"og:image:type\" content=\"image\/webp\" \/>\n<meta name=\"author\" content=\"webmaster\" \/>\n<meta name=\"twitter:card\" content=\"summary_large_image\" \/>\n<meta name=\"twitter:label1\" content=\"\u00c9crit par\" \/>\n\t<meta name=\"twitter:data1\" content=\"webmaster\" \/>\n\t<meta name=\"twitter:label2\" content=\"Dur\u00e9e de lecture estim\u00e9e\" \/>\n\t<meta name=\"twitter:data2\" content=\"1 minute\" \/>\n<script type=\"application\/ld+json\" class=\"yoast-schema-graph\">{\"@context\":\"https:\/\/schema.org\",\"@graph\":[{\"@type\":\"Article\",\"@id\":\"https:\/\/missionlocaleest.re\/index.php\/2025\/04\/14\/formation-redynamisation-par-la-culture-saint-andre\/#article\",\"isPartOf\":{\"@id\":\"https:\/\/missionlocaleest.re\/index.php\/2025\/04\/14\/formation-redynamisation-par-la-culture-saint-andre\/\"},\"author\":{\"name\":\"webmaster\",\"@id\":\"https:\/\/missionlocaleest.re\/#\/schema\/person\/84a119f07c3d76016394dd52b2455e1c\"},\"headline\":\"Formation redynamisation par la culture \u2013 Saint-Andr\u00e9\",\"datePublished\":\"2025-04-14T06:31:55+00:00\",\"mainEntityOfPage\":{\"@id\":\"https:\/\/missionlocaleest.re\/index.php\/2025\/04\/14\/formation-redynamisation-par-la-culture-saint-andre\/\"},\"wordCount\":322,\"publisher\":{\"@id\":\"https:\/\/missionlocaleest.re\/#organization\"},\"image\":{\"@id\":\"https:\/\/missionlocaleest.re\/index.php\/2025\/04\/14\/formation-redynamisation-par-la-culture-saint-andre\/#primaryimage\"},\"thumbnailUrl\":\"https:\/\/missionlocaleest.re\/wp-content\/uploads\/2025\/04\/2025_Nvl_Formation.webp\",\"articleSection\":[\"Actus\",\"Formations\"],\"inLanguage\":\"fr-FR\"},{\"@type\":\"WebPage\",\"@id\":\"https:\/\/missionlocaleest.re\/index.php\/2025\/04\/14\/formation-redynamisation-par-la-culture-saint-andre\/\",\"url\":\"https:\/\/missionlocaleest.re\/index.php\/2025\/04\/14\/formation-redynamisation-par-la-culture-saint-andre\/\",\"name\":\"Formation redynamisation par la culture \u2013 Saint-Andr\u00e9 - Mission Locale Est\",\"isPartOf\":{\"@id\":\"https:\/\/missionlocaleest.re\/#website\"},\"primaryImageOfPage\":{\"@id\":\"https:\/\/missionlocaleest.re\/index.php\/2025\/04\/14\/formation-redynamisation-par-la-culture-saint-andre\/#primaryimage\"},\"image\":{\"@id\":\"https:\/\/missionlocaleest.re\/index.php\/2025\/04\/14\/formation-redynamisation-par-la-culture-saint-andre\/#primaryimage\"},\"thumbnailUrl\":\"https:\/\/missionlocaleest.re\/wp-content\/uploads\/2025\/04\/2025_Nvl_Formation.webp\",\"datePublished\":\"2025-04-14T06:31:55+00:00\",\"breadcrumb\":{\"@id\":\"https:\/\/missionlocaleest.re\/index.php\/2025\/04\/14\/formation-redynamisation-par-la-culture-saint-andre\/#breadcrumb\"},\"inLanguage\":\"fr-FR\",\"potentialAction\":[{\"@type\":\"ReadAction\",\"target\":[\"https:\/\/missionlocaleest.re\/index.php\/2025\/04\/14\/formation-redynamisation-par-la-culture-saint-andre\/\"]}]},{\"@type\":\"ImageObject\",\"inLanguage\":\"fr-FR\",\"@id\":\"https:\/\/missionlocaleest.re\/index.php\/2025\/04\/14\/formation-redynamisation-par-la-culture-saint-andre\/#primaryimage\",\"url\":\"https:\/\/missionlocaleest.re\/wp-content\/uploads\/2025\/04\/2025_Nvl_Formation.webp\",\"contentUrl\":\"https:\/\/missionlocaleest.re\/wp-content\/uploads\/2025\/04\/2025_Nvl_Formation.webp\",\"width\":1000,\"height\":1000},{\"@type\":\"BreadcrumbList\",\"@id\":\"https:\/\/missionlocaleest.re\/index.php\/2025\/04\/14\/formation-redynamisation-par-la-culture-saint-andre\/#breadcrumb\",\"itemListElement\":[{\"@type\":\"ListItem\",\"position\":1,\"name\":\"Accueil\",\"item\":\"https:\/\/missionlocaleest.re\/\"},{\"@type\":\"ListItem\",\"position\":2,\"name\":\"Formation redynamisation par la culture \u2013 Saint-Andr\u00e9\"}]},{\"@type\":\"WebSite\",\"@id\":\"https:\/\/missionlocaleest.re\/#website\",\"url\":\"https:\/\/missionlocaleest.re\/\",\"name\":\"Mission Locale Est\",\"description\":\"Pour l&#039;insertion sociale et professionnelle de l&#039;ensemble des jeunes du territoire Est !\",\"publisher\":{\"@id\":\"https:\/\/missionlocaleest.re\/#organization\"},\"potentialAction\":[{\"@type\":\"SearchAction\",\"target\":{\"@type\":\"EntryPoint\",\"urlTemplate\":\"https:\/\/missionlocaleest.re\/?s={search_term_string}\"},\"query-input\":{\"@type\":\"PropertyValueSpecification\",\"valueRequired\":true,\"valueName\":\"search_term_string\"}}],\"inLanguage\":\"fr-FR\"},{\"@type\":\"Organization\",\"@id\":\"https:\/\/missionlocaleest.re\/#organization\",\"name\":\"Mission Locale Est\",\"url\":\"https:\/\/missionlocaleest.re\/\",\"logo\":{\"@type\":\"ImageObject\",\"inLanguage\":\"fr-FR\",\"@id\":\"https:\/\/missionlocaleest.re\/#\/schema\/logo\/image\/\",\"url\":\"https:\/\/missionlocaleest.re\/wp-content\/uploads\/2024\/05\/Logo_MLE_CMJN_Transparent.png\",\"contentUrl\":\"https:\/\/missionlocaleest.re\/wp-content\/uploads\/2024\/05\/Logo_MLE_CMJN_Transparent.png\",\"width\":347,\"height\":412,\"caption\":\"Mission Locale Est\"},\"image\":{\"@id\":\"https:\/\/missionlocaleest.re\/#\/schema\/logo\/image\/\"},\"sameAs\":[\"https:\/\/www.facebook.com\/MLEstReunion\/\",\"https:\/\/www.instagram.com\/missionlocaleest\"]},{\"@type\":\"Person\",\"@id\":\"https:\/\/missionlocaleest.re\/#\/schema\/person\/84a119f07c3d76016394dd52b2455e1c\",\"name\":\"webmaster\",\"image\":{\"@type\":\"ImageObject\",\"inLanguage\":\"fr-FR\",\"@id\":\"https:\/\/secure.gravatar.com\/avatar\/a6900e68d5d703f2d4ed65a49fc695dd026766733acceca7fc8a936c08cb0e09?s=96&d=mm&r=g\",\"url\":\"https:\/\/secure.gravatar.com\/avatar\/a6900e68d5d703f2d4ed65a49fc695dd026766733acceca7fc8a936c08cb0e09?s=96&d=mm&r=g\",\"contentUrl\":\"https:\/\/secure.gravatar.com\/avatar\/a6900e68d5d703f2d4ed65a49fc695dd026766733acceca7fc8a936c08cb0e09?s=96&d=mm&r=g\",\"caption\":\"webmaster\"},\"sameAs\":[\"http:\/\/missionlocaleest.re\"],\"url\":\"https:\/\/missionlocaleest.re\/index.php\/author\/admin8117\/\"}]}<\/script>\n<!-- \/ Yoast SEO plugin. -->","yoast_head_json":{"title":"Formation redynamisation par la culture \u2013 Saint-Andr\u00e9 - Mission Locale Est","robots":{"index":"index","follow":"follow","max-snippet":"max-snippet:-1","max-image-preview":"max-image-preview:large","max-video-preview":"max-video-preview:-1"},"canonical":"https:\/\/missionlocaleest.re\/index.php\/2025\/04\/14\/formation-redynamisation-par-la-culture-saint-andre\/","og_locale":"fr_FR","og_type":"article","og_title":"Formation redynamisation par la culture \u2013 Saint-Andr\u00e9 - Mission Locale Est","og_description":"Vous \u00eates passionn\u00e9\u00b7e par le chant, la musique, la danse ou encore l\u2019univers du spectacle vivant ? Vous \u00eates fier\u00b7e d\u2019\u00eatre cr\u00e9ole et vous souhaitez faire rayonner votre identit\u00e9 culturelle tout en construisant un avenir professionnel ? Cette formation est faite pour vous ! Le centre EXIMUS propose \u00e0 Saint-Andr\u00e9 une formation de redynamisation par [&hellip;]","og_url":"https:\/\/missionlocaleest.re\/index.php\/2025\/04\/14\/formation-redynamisation-par-la-culture-saint-andre\/","og_site_name":"Mission Locale Est","article_publisher":"https:\/\/www.facebook.com\/MLEstReunion\/","article_published_time":"2025-04-14T06:31:55+00:00","og_image":[{"width":1000,"height":1000,"url":"https:\/\/missionlocaleest.re\/wp-content\/uploads\/2025\/04\/2025_Nvl_Formation.webp","type":"image\/webp"}],"author":"webmaster","twitter_card":"summary_large_image","twitter_misc":{"\u00c9crit par":"webmaster","Dur\u00e9e de lecture estim\u00e9e":"1 minute"},"schema":{"@context":"https:\/\/schema.org","@graph":[{"@type":"Article","@id":"https:\/\/missionlocaleest.re\/index.php\/2025\/04\/14\/formation-redynamisation-par-la-culture-saint-andre\/#article","isPartOf":{"@id":"https:\/\/missionlocaleest.re\/index.php\/2025\/04\/14\/formation-redynamisation-par-la-culture-saint-andre\/"},"author":{"name":"webmaster","@id":"https:\/\/missionlocaleest.re\/#\/schema\/person\/84a119f07c3d76016394dd52b2455e1c"},"headline":"Formation redynamisation par la culture \u2013 Saint-Andr\u00e9","datePublished":"2025-04-14T06:31:55+00:00","mainEntityOfPage":{"@id":"https:\/\/missionlocaleest.re\/index.php\/2025\/04\/14\/formation-redynamisation-par-la-culture-saint-andre\/"},"wordCount":322,"publisher":{"@id":"https:\/\/missionlocaleest.re\/#organization"},"image":{"@id":"https:\/\/missionlocaleest.re\/index.php\/2025\/04\/14\/formation-redynamisation-par-la-culture-saint-andre\/#primaryimage"},"thumbnailUrl":"https:\/\/missionlocaleest.re\/wp-content\/uploads\/2025\/04\/2025_Nvl_Formation.webp","articleSection":["Actus","Formations"],"inLanguage":"fr-FR"},{"@type":"WebPage","@id":"https:\/\/missionlocaleest.re\/index.php\/2025\/04\/14\/formation-redynamisation-par-la-culture-saint-andre\/","url":"https:\/\/missionlocaleest.re\/index.php\/2025\/04\/14\/formation-redynamisation-par-la-culture-saint-andre\/","name":"Formation redynamisation par la culture \u2013 Saint-Andr\u00e9 - Mission Locale Est","isPartOf":{"@id":"https:\/\/missionlocaleest.re\/#website"},"primaryImageOfPage":{"@id":"https:\/\/missionlocaleest.re\/index.php\/2025\/04\/14\/formation-redynamisation-par-la-culture-saint-andre\/#primaryimage"},"image":{"@id":"https:\/\/missionlocaleest.re\/index.php\/2025\/04\/14\/formation-redynamisation-par-la-culture-saint-andre\/#primaryimage"},"thumbnailUrl":"https:\/\/missionlocaleest.re\/wp-content\/uploads\/2025\/04\/2025_Nvl_Formation.webp","datePublished":"2025-04-14T06:31:55+00:00","breadcrumb":{"@id":"https:\/\/missionlocaleest.re\/index.php\/2025\/04\/14\/formation-redynamisation-par-la-culture-saint-andre\/#breadcrumb"},"inLanguage":"fr-FR","potentialAction":[{"@type":"ReadAction","target":["https:\/\/missionlocaleest.re\/index.php\/2025\/04\/14\/formation-redynamisation-par-la-culture-saint-andre\/"]}]},{"@type":"ImageObject","inLanguage":"fr-FR","@id":"https:\/\/missionlocaleest.re\/index.php\/2025\/04\/14\/formation-redynamisation-par-la-culture-saint-andre\/#primaryimage","url":"https:\/\/missionlocaleest.re\/wp-content\/uploads\/2025\/04\/2025_Nvl_Formation.webp","contentUrl":"https:\/\/missionlocaleest.re\/wp-content\/uploads\/2025\/04\/2025_Nvl_Formation.webp","width":1000,"height":1000},{"@type":"BreadcrumbList","@id":"https:\/\/missionlocaleest.re\/index.php\/2025\/04\/14\/formation-redynamisation-par-la-culture-saint-andre\/#breadcrumb","itemListElement":[{"@type":"ListItem","position":1,"name":"Accueil","item":"https:\/\/missionlocaleest.re\/"},{"@type":"ListItem","position":2,"name":"Formation redynamisation par la culture \u2013 Saint-Andr\u00e9"}]},{"@type":"WebSite","@id":"https:\/\/missionlocaleest.re\/#website","url":"https:\/\/missionlocaleest.re\/","name":"Mission Locale Est","description":"Pour l&#039;insertion sociale et professionnelle de l&#039;ensemble des jeunes du territoire Est !","publisher":{"@id":"https:\/\/missionlocaleest.re\/#organization"},"potentialAction":[{"@type":"SearchAction","target":{"@type":"EntryPoint","urlTemplate":"https:\/\/missionlocaleest.re\/?s={search_term_string}"},"query-input":{"@type":"PropertyValueSpecification","valueRequired":true,"valueName":"search_term_string"}}],"inLanguage":"fr-FR"},{"@type":"Organization","@id":"https:\/\/missionlocaleest.re\/#organization","name":"Mission Locale Est","url":"https:\/\/missionlocaleest.re\/","logo":{"@type":"ImageObject","inLanguage":"fr-FR","@id":"https:\/\/missionlocaleest.re\/#\/schema\/logo\/image\/","url":"https:\/\/missionlocaleest.re\/wp-content\/uploads\/2024\/05\/Logo_MLE_CMJN_Transparent.png","contentUrl":"https:\/\/missionlocaleest.re\/wp-content\/uploads\/2024\/05\/Logo_MLE_CMJN_Transparent.png","width":347,"height":412,"caption":"Mission Locale Est"},"image":{"@id":"https:\/\/missionlocaleest.re\/#\/schema\/logo\/image\/"},"sameAs":["https:\/\/www.facebook.com\/MLEstReunion\/","https:\/\/www.instagram.com\/missionlocaleest"]},{"@type":"Person","@id":"https:\/\/missionlocaleest.re\/#\/schema\/person\/84a119f07c3d76016394dd52b2455e1c","name":"webmaster","image":{"@type":"ImageObject","inLanguage":"fr-FR","@id":"https:\/\/secure.gravatar.com\/avatar\/a6900e68d5d703f2d4ed65a49fc695dd026766733acceca7fc8a936c08cb0e09?s=96&d=mm&r=g","url":"https:\/\/secure.gravatar.com\/avatar\/a6900e68d5d703f2d4ed65a49fc695dd026766733acceca7fc8a936c08cb0e09?s=96&d=mm&r=g","contentUrl":"https:\/\/secure.gravatar.com\/avatar\/a6900e68d5d703f2d4ed65a49fc695dd026766733acceca7fc8a936c08cb0e09?s=96&d=mm&r=g","caption":"webmaster"},"sameAs":["http:\/\/missionlocaleest.re"],"url":"https:\/\/missionlocaleest.re\/index.php\/author\/admin8117\/"}]}},"_links":{"self":[{"href":"https:\/\/missionlocaleest.re\/index.php\/wp-json\/wp\/v2\/posts\/1762","targetHints":{"allow":["GET"]}}],"collection":[{"href":"https:\/\/missionlocaleest.re\/index.php\/wp-json\/wp\/v2\/posts"}],"about":[{"href":"https:\/\/missionlocaleest.re\/index.php\/wp-json\/wp\/v2\/types\/post"}],"author":[{"embeddable":true,"href":"https:\/\/missionlocaleest.re\/index.php\/wp-json\/wp\/v2\/users\/1"}],"replies":[{"embeddable":true,"href":"https:\/\/missionlocaleest.re\/index.php\/wp-json\/wp\/v2\/comments?post=1762"}],"version-history":[{"count":2,"href":"https:\/\/missionlocaleest.re\/index.php\/wp-json\/wp\/v2\/posts\/1762\/revisions"}],"predecessor-version":[{"id":1764,"href":"https:\/\/missionlocaleest.re\/index.php\/wp-json\/wp\/v2\/posts\/1762\/revisions\/1764"}],"wp:featuredmedia":[{"embeddable":true,"href":"https:\/\/missionlocaleest.re\/index.php\/wp-json\/wp\/v2\/media\/1625"}],"wp:attachment":[{"href":"https:\/\/missionlocaleest.re\/index.php\/wp-json\/wp\/v2\/media?parent=1762"}],"wp:term":[{"taxonomy":"category","embeddable":true,"href":"https:\/\/missionlocaleest.re\/index.php\/wp-json\/wp\/v2\/categories?post=1762"},{"taxonomy":"post_tag","embeddable":true,"href":"https:\/\/missionlocaleest.re\/index.php\/wp-json\/wp\/v2\/tags?post=1762"}],"curies":[{"name":"wp","href":"https:\/\/api.w.org\/{rel}","templated":true}]}}