{"id":1758,"date":"2025-04-14T08:08:44","date_gmt":"2025-04-14T06:08:44","guid":{"rendered":"https:\/\/missionlocaleest.re\/?p=1758"},"modified":"2025-04-14T08:08:45","modified_gmt":"2025-04-14T06:08:45","slug":"1-jour-1-quartier-prochaines-editions","status":"publish","type":"post","link":"https:\/\/missionlocaleest.re\/index.php\/2025\/04\/14\/1-jour-1-quartier-prochaines-editions\/","title":{"rendered":"1 jour, 1 quartier &#8211; Prochaines \u00e9ditions"},"content":{"rendered":"<p>[et_pb_section fb_built=\u00a0\u00bb1&Prime; theme_builder_area=\u00a0\u00bbpost_content\u00a0\u00bb _builder_version=\u00a0\u00bb4.27.4&Prime; _module_preset=\u00a0\u00bbdefault\u00a0\u00bb da_is_popup=\u00a0\u00bboff\u00a0\u00bb da_exit_intent=\u00a0\u00bboff\u00a0\u00bb da_has_close=\u00a0\u00bbon\u00a0\u00bb da_alt_close=\u00a0\u00bboff\u00a0\u00bb da_dark_close=\u00a0\u00bboff\u00a0\u00bb da_not_modal=\u00a0\u00bbon\u00a0\u00bb da_is_singular=\u00a0\u00bboff\u00a0\u00bb da_with_loader=\u00a0\u00bboff\u00a0\u00bb da_has_shadow=\u00a0\u00bbon\u00a0\u00bb da_disable_devices=\u00a0\u00bboff|off|off\u00a0\u00bb][et_pb_row _builder_version=\u00a0\u00bb4.27.4&Prime; _module_preset=\u00a0\u00bbdefault\u00a0\u00bb theme_builder_area=\u00a0\u00bbpost_content\u00a0\u00bb][et_pb_column _builder_version=\u00a0\u00bb4.27.4&Prime; _module_preset=\u00a0\u00bbdefault\u00a0\u00bb type=\u00a0\u00bb4_4&Prime; theme_builder_area=\u00a0\u00bbpost_content\u00a0\u00bb][et_pb_text _builder_version=\u00a0\u00bb4.27.4&Prime; _module_preset=\u00a0\u00bbdefault\u00a0\u00bb theme_builder_area=\u00a0\u00bbpost_content\u00a0\u00bb hover_enabled=\u00a0\u00bb0&Prime; sticky_enabled=\u00a0\u00bb0&Prime;]<\/p>\n<p data-start=\"198\" data-end=\"402\" class=\"\">Tout au long de l\u2019ann\u00e9e, <strong data-start=\"223\" data-end=\"242\">Mob\u2019ile Int\u00e9rim<\/strong>, en collaboration avec la <strong data-start=\"269\" data-end=\"294\">Mairie de Saint-Andr\u00e9<\/strong>, vous donne rendez-vous dans les quartiers de la commune \u00e0 l\u2019occasion de l\u2019action <strong data-start=\"377\" data-end=\"401\">\u00ab\u00a01 Jour, 1 Quartier\u00a0\u00bb<\/strong>.<\/p>\n<p data-start=\"198\" data-end=\"402\" class=\"\">\n<p data-start=\"404\" data-end=\"593\" class=\"\">L\u2019objectif ? <strong data-start=\"417\" data-end=\"457\">Aller \u00e0 la rencontre des habitant\u00b7es<\/strong>, les informer, les accompagner et leur proposer des <strong data-start=\"510\" data-end=\"592\">solutions concr\u00e8tes pour l\u2019emploi, la formation ou l\u2019insertion professionnelle<\/strong>.<\/p>\n<p data-start=\"404\" data-end=\"593\" class=\"\">\n<h3 data-start=\"600\" data-end=\"632\" class=\"\">\ud83e\udd1d Des partenaires mobilis\u00e9s<\/h3>\n<p data-start=\"634\" data-end=\"697\" class=\"\">Lors de chaque \u00e9v\u00e9nement, plusieurs partenaires sont pr\u00e9sents :<\/p>\n<ul data-start=\"699\" data-end=\"880\">\n<li data-start=\"699\" data-end=\"721\" class=\"\">\n<p data-start=\"701\" data-end=\"721\" class=\"\"><strong data-start=\"701\" data-end=\"719\">France Travail<\/strong><\/p>\n<\/li>\n<li data-start=\"722\" data-end=\"733\" class=\"\">\n<p data-start=\"724\" data-end=\"733\" class=\"\"><strong data-start=\"724\" data-end=\"731\">CAF<\/strong><\/p>\n<\/li>\n<li data-start=\"734\" data-end=\"746\" class=\"\">\n<p data-start=\"736\" data-end=\"746\" class=\"\"><strong data-start=\"736\" data-end=\"744\">URMA<\/strong><\/p>\n<\/li>\n<li data-start=\"747\" data-end=\"759\" class=\"\">\n<p data-start=\"749\" data-end=\"759\" class=\"\"><strong data-start=\"749\" data-end=\"757\">RSMA<\/strong><\/p>\n<\/li>\n<li data-start=\"760\" data-end=\"792\" class=\"\">\n<p data-start=\"762\" data-end=\"792\" class=\"\">Des <strong data-start=\"766\" data-end=\"790\">centres de formation<\/strong><\/p>\n<\/li>\n<li data-start=\"793\" data-end=\"880\" class=\"\">\n<p data-start=\"795\" data-end=\"880\" class=\"\">Et bien s\u00fbr, la <strong data-start=\"811\" data-end=\"833\">Mission Locale Est<\/strong>, mobilis\u00e9e aux c\u00f4t\u00e9s des jeunes de 16 \u00e0 25 ans<\/p>\n<\/li>\n<\/ul>\n<p>&nbsp;<\/p>\n<h3 data-start=\"887\" data-end=\"917\" class=\"\">\ud83e\udded Ce que vous y trouverez<\/h3>\n<p data-start=\"919\" data-end=\"1181\" class=\"\">\u2714 Des <strong data-start=\"925\" data-end=\"968\">ateliers d\u2019accompagnement professionnel<\/strong><br data-start=\"968\" data-end=\"971\" \/>\u2714 Des <strong data-start=\"977\" data-end=\"1003\">conseils personnalis\u00e9s<\/strong> dans votre recherche d\u2019emploi<br data-start=\"1033\" data-end=\"1036\" \/>\u2714 Un <strong data-start=\"1041\" data-end=\"1069\">stand Mission Locale Est<\/strong> de 8h \u00e0 12h : offres d\u2019emploi, formations, service civique, accompagnement \u00e0 la mobilit\u00e9, logement, sant\u00e9, etc.<\/p>\n<p data-start=\"919\" data-end=\"1181\" class=\"\">\n<h3 data-start=\"1188\" data-end=\"1228\" class=\"\">\ud83d\udcc5 Prochaines dates \u00e0 ne pas manquer<\/h3>\n<p data-start=\"1230\" data-end=\"1511\" class=\"\">\ud83d\uddd3 <strong data-start=\"1233\" data-end=\"1251\">Mardi 29 avril<\/strong> \u2013 Centre-ville \u2013 Place du march\u00e9 forain<br data-start=\"1291\" data-end=\"1294\" \/>\ud83d\uddd3 <strong data-start=\"1297\" data-end=\"1313\">Mardi 3 juin<\/strong> \u2013 Carr\u00e9 Fayard<br data-start=\"1328\" data-end=\"1331\" \/>\ud83d\uddd3 <strong data-start=\"1334\" data-end=\"1351\">Mardi 17 juin<\/strong> \u2013 Champ Borne \u2013 Salle polyvalente<br data-start=\"1385\" data-end=\"1388\" \/>\ud83d\uddd3 <strong data-start=\"1391\" data-end=\"1411\">Mardi 22 juillet<\/strong> \u2013 Parking de l&rsquo;\u00c9glise de Cambuston<br data-start=\"1446\" data-end=\"1449\" \/>\ud83d\uddd3 <strong data-start=\"1452\" data-end=\"1469\">Mardi 26 ao\u00fbt<\/strong> \u2013 Espace Pierre Rosseli \u00e0 la Cressonni\u00e8re<\/p>\n<p data-start=\"1230\" data-end=\"1511\" class=\"\">\n<p data-start=\"1518\" data-end=\"1714\" class=\"\">\ud83d\udce2 <strong data-start=\"1521\" data-end=\"1585\">Vous avez besoin d\u2019un coup de pouce ?<\/strong><br data-start=\"1585\" data-end=\"1588\" \/>Venez nous rencontrer directement sur place ou rapprochez-vous de votre conseiller\u00b7\u00e8re Mission Locale Est pour en savoir plus.<\/p>\n<p data-start=\"1716\" data-end=\"1792\" class=\"\">\ud83d\udcac <strong data-start=\"1719\" data-end=\"1792\" data-is-last-node=\"\">Un quartier, une date, une opportunit\u00e9 pour construire votre avenir !<\/strong><\/p>\n<p>[\/et_pb_text][\/et_pb_column][\/et_pb_row][\/et_pb_section]<\/p>\n","protected":false},"excerpt":{"rendered":"<p>Tout au long de l\u2019ann\u00e9e, Mob\u2019ile Int\u00e9rim, en collaboration avec la Mairie de Saint-Andr\u00e9, vous donne rendez-vous dans les quartiers de la commune \u00e0 l\u2019occasion de l\u2019action \u00ab\u00a01 Jour, 1 Quartier\u00a0\u00bb. L\u2019objectif ? Aller \u00e0 la rencontre des habitant\u00b7es, les informer, les accompagner et leur proposer des solutions concr\u00e8tes pour l\u2019emploi, la formation ou l\u2019insertion [&hellip;]<\/p>\n","protected":false},"author":1,"featured_media":1665,"comment_status":"closed","ping_status":"open","sticky":false,"template":"","format":"standard","meta":{"_et_pb_use_builder":"on","_et_pb_old_content":"","_et_gb_content_width":"1080","footnotes":""},"categories":[59,58],"tags":[],"class_list":["post-1758","post","type-post","status-publish","format-standard","has-post-thumbnail","hentry","category-actus","category-offres-en-cours"],"yoast_head":"<!-- This site is optimized with the Yoast SEO plugin v27.2 - https:\/\/yoast.com\/product\/yoast-seo-wordpress\/ -->\n<title>1 jour, 1 quartier - Prochaines \u00e9ditions - Mission Locale Est<\/title>\n<meta name=\"robots\" content=\"index, follow, max-snippet:-1, max-image-preview:large, max-video-preview:-1\" \/>\n<link rel=\"canonical\" href=\"https:\/\/missionlocaleest.re\/index.php\/2025\/04\/14\/1-jour-1-quartier-prochaines-editions\/\" \/>\n<meta property=\"og:locale\" content=\"fr_FR\" \/>\n<meta property=\"og:type\" content=\"article\" \/>\n<meta property=\"og:title\" content=\"1 jour, 1 quartier - Prochaines \u00e9ditions - Mission Locale Est\" \/>\n<meta property=\"og:description\" content=\"Tout au long de l\u2019ann\u00e9e, Mob\u2019ile Int\u00e9rim, en collaboration avec la Mairie de Saint-Andr\u00e9, vous donne rendez-vous dans les quartiers de la commune \u00e0 l\u2019occasion de l\u2019action &quot;1 Jour, 1 Quartier&quot;. L\u2019objectif ? Aller \u00e0 la rencontre des habitant\u00b7es, les informer, les accompagner et leur proposer des solutions concr\u00e8tes pour l\u2019emploi, la formation ou l\u2019insertion [&hellip;]\" \/>\n<meta property=\"og:url\" content=\"https:\/\/missionlocaleest.re\/index.php\/2025\/04\/14\/1-jour-1-quartier-prochaines-editions\/\" \/>\n<meta property=\"og:site_name\" content=\"Mission Locale Est\" \/>\n<meta property=\"article:publisher\" content=\"https:\/\/www.facebook.com\/MLEstReunion\/\" \/>\n<meta property=\"article:published_time\" content=\"2025-04-14T06:08:44+00:00\" \/>\n<meta property=\"article:modified_time\" content=\"2025-04-14T06:08:45+00:00\" \/>\n<meta property=\"og:image\" content=\"https:\/\/missionlocaleest.re\/wp-content\/uploads\/2025\/04\/2025Illustration_Event_Ext.webp\" \/>\n\t<meta property=\"og:image:width\" content=\"1000\" \/>\n\t<meta property=\"og:image:height\" content=\"1000\" \/>\n\t<meta property=\"og:image:type\" content=\"image\/webp\" \/>\n<meta name=\"author\" content=\"webmaster\" \/>\n<meta name=\"twitter:card\" content=\"summary_large_image\" \/>\n<meta name=\"twitter:label1\" content=\"\u00c9crit par\" \/>\n\t<meta name=\"twitter:data1\" content=\"webmaster\" \/>\n\t<meta name=\"twitter:label2\" content=\"Dur\u00e9e de lecture estim\u00e9e\" \/>\n\t<meta name=\"twitter:data2\" content=\"1 minute\" \/>\n<script type=\"application\/ld+json\" class=\"yoast-schema-graph\">{\"@context\":\"https:\/\/schema.org\",\"@graph\":[{\"@type\":\"Article\",\"@id\":\"https:\/\/missionlocaleest.re\/index.php\/2025\/04\/14\/1-jour-1-quartier-prochaines-editions\/#article\",\"isPartOf\":{\"@id\":\"https:\/\/missionlocaleest.re\/index.php\/2025\/04\/14\/1-jour-1-quartier-prochaines-editions\/\"},\"author\":{\"name\":\"webmaster\",\"@id\":\"https:\/\/missionlocaleest.re\/#\/schema\/person\/84a119f07c3d76016394dd52b2455e1c\"},\"headline\":\"1 jour, 1 quartier &#8211; Prochaines \u00e9ditions\",\"datePublished\":\"2025-04-14T06:08:44+00:00\",\"dateModified\":\"2025-04-14T06:08:45+00:00\",\"mainEntityOfPage\":{\"@id\":\"https:\/\/missionlocaleest.re\/index.php\/2025\/04\/14\/1-jour-1-quartier-prochaines-editions\/\"},\"wordCount\":337,\"publisher\":{\"@id\":\"https:\/\/missionlocaleest.re\/#organization\"},\"image\":{\"@id\":\"https:\/\/missionlocaleest.re\/index.php\/2025\/04\/14\/1-jour-1-quartier-prochaines-editions\/#primaryimage\"},\"thumbnailUrl\":\"https:\/\/missionlocaleest.re\/wp-content\/uploads\/2025\/04\/2025Illustration_Event_Ext.webp\",\"articleSection\":[\"Actus\",\"Offres en cours\"],\"inLanguage\":\"fr-FR\"},{\"@type\":\"WebPage\",\"@id\":\"https:\/\/missionlocaleest.re\/index.php\/2025\/04\/14\/1-jour-1-quartier-prochaines-editions\/\",\"url\":\"https:\/\/missionlocaleest.re\/index.php\/2025\/04\/14\/1-jour-1-quartier-prochaines-editions\/\",\"name\":\"1 jour, 1 quartier - Prochaines \u00e9ditions - Mission Locale Est\",\"isPartOf\":{\"@id\":\"https:\/\/missionlocaleest.re\/#website\"},\"primaryImageOfPage\":{\"@id\":\"https:\/\/missionlocaleest.re\/index.php\/2025\/04\/14\/1-jour-1-quartier-prochaines-editions\/#primaryimage\"},\"image\":{\"@id\":\"https:\/\/missionlocaleest.re\/index.php\/2025\/04\/14\/1-jour-1-quartier-prochaines-editions\/#primaryimage\"},\"thumbnailUrl\":\"https:\/\/missionlocaleest.re\/wp-content\/uploads\/2025\/04\/2025Illustration_Event_Ext.webp\",\"datePublished\":\"2025-04-14T06:08:44+00:00\",\"dateModified\":\"2025-04-14T06:08:45+00:00\",\"breadcrumb\":{\"@id\":\"https:\/\/missionlocaleest.re\/index.php\/2025\/04\/14\/1-jour-1-quartier-prochaines-editions\/#breadcrumb\"},\"inLanguage\":\"fr-FR\",\"potentialAction\":[{\"@type\":\"ReadAction\",\"target\":[\"https:\/\/missionlocaleest.re\/index.php\/2025\/04\/14\/1-jour-1-quartier-prochaines-editions\/\"]}]},{\"@type\":\"ImageObject\",\"inLanguage\":\"fr-FR\",\"@id\":\"https:\/\/missionlocaleest.re\/index.php\/2025\/04\/14\/1-jour-1-quartier-prochaines-editions\/#primaryimage\",\"url\":\"https:\/\/missionlocaleest.re\/wp-content\/uploads\/2025\/04\/2025Illustration_Event_Ext.webp\",\"contentUrl\":\"https:\/\/missionlocaleest.re\/wp-content\/uploads\/2025\/04\/2025Illustration_Event_Ext.webp\",\"width\":1000,\"height\":1000},{\"@type\":\"BreadcrumbList\",\"@id\":\"https:\/\/missionlocaleest.re\/index.php\/2025\/04\/14\/1-jour-1-quartier-prochaines-editions\/#breadcrumb\",\"itemListElement\":[{\"@type\":\"ListItem\",\"position\":1,\"name\":\"Accueil\",\"item\":\"https:\/\/missionlocaleest.re\/\"},{\"@type\":\"ListItem\",\"position\":2,\"name\":\"1 jour, 1 quartier &#8211; Prochaines \u00e9ditions\"}]},{\"@type\":\"WebSite\",\"@id\":\"https:\/\/missionlocaleest.re\/#website\",\"url\":\"https:\/\/missionlocaleest.re\/\",\"name\":\"Mission Locale Est\",\"description\":\"Pour l&#039;insertion sociale et professionnelle de l&#039;ensemble des jeunes du territoire Est !\",\"publisher\":{\"@id\":\"https:\/\/missionlocaleest.re\/#organization\"},\"potentialAction\":[{\"@type\":\"SearchAction\",\"target\":{\"@type\":\"EntryPoint\",\"urlTemplate\":\"https:\/\/missionlocaleest.re\/?s={search_term_string}\"},\"query-input\":{\"@type\":\"PropertyValueSpecification\",\"valueRequired\":true,\"valueName\":\"search_term_string\"}}],\"inLanguage\":\"fr-FR\"},{\"@type\":\"Organization\",\"@id\":\"https:\/\/missionlocaleest.re\/#organization\",\"name\":\"Mission Locale Est\",\"url\":\"https:\/\/missionlocaleest.re\/\",\"logo\":{\"@type\":\"ImageObject\",\"inLanguage\":\"fr-FR\",\"@id\":\"https:\/\/missionlocaleest.re\/#\/schema\/logo\/image\/\",\"url\":\"https:\/\/missionlocaleest.re\/wp-content\/uploads\/2024\/05\/Logo_MLE_CMJN_Transparent.png\",\"contentUrl\":\"https:\/\/missionlocaleest.re\/wp-content\/uploads\/2024\/05\/Logo_MLE_CMJN_Transparent.png\",\"width\":347,\"height\":412,\"caption\":\"Mission Locale Est\"},\"image\":{\"@id\":\"https:\/\/missionlocaleest.re\/#\/schema\/logo\/image\/\"},\"sameAs\":[\"https:\/\/www.facebook.com\/MLEstReunion\/\",\"https:\/\/www.instagram.com\/missionlocaleest\"]},{\"@type\":\"Person\",\"@id\":\"https:\/\/missionlocaleest.re\/#\/schema\/person\/84a119f07c3d76016394dd52b2455e1c\",\"name\":\"webmaster\",\"image\":{\"@type\":\"ImageObject\",\"inLanguage\":\"fr-FR\",\"@id\":\"https:\/\/secure.gravatar.com\/avatar\/a6900e68d5d703f2d4ed65a49fc695dd026766733acceca7fc8a936c08cb0e09?s=96&d=mm&r=g\",\"url\":\"https:\/\/secure.gravatar.com\/avatar\/a6900e68d5d703f2d4ed65a49fc695dd026766733acceca7fc8a936c08cb0e09?s=96&d=mm&r=g\",\"contentUrl\":\"https:\/\/secure.gravatar.com\/avatar\/a6900e68d5d703f2d4ed65a49fc695dd026766733acceca7fc8a936c08cb0e09?s=96&d=mm&r=g\",\"caption\":\"webmaster\"},\"sameAs\":[\"http:\/\/missionlocaleest.re\"],\"url\":\"https:\/\/missionlocaleest.re\/index.php\/author\/admin8117\/\"}]}<\/script>\n<!-- \/ Yoast SEO plugin. -->","yoast_head_json":{"title":"1 jour, 1 quartier - Prochaines \u00e9ditions - Mission Locale Est","robots":{"index":"index","follow":"follow","max-snippet":"max-snippet:-1","max-image-preview":"max-image-preview:large","max-video-preview":"max-video-preview:-1"},"canonical":"https:\/\/missionlocaleest.re\/index.php\/2025\/04\/14\/1-jour-1-quartier-prochaines-editions\/","og_locale":"fr_FR","og_type":"article","og_title":"1 jour, 1 quartier - Prochaines \u00e9ditions - Mission Locale Est","og_description":"Tout au long de l\u2019ann\u00e9e, Mob\u2019ile Int\u00e9rim, en collaboration avec la Mairie de Saint-Andr\u00e9, vous donne rendez-vous dans les quartiers de la commune \u00e0 l\u2019occasion de l\u2019action \"1 Jour, 1 Quartier\". L\u2019objectif ? Aller \u00e0 la rencontre des habitant\u00b7es, les informer, les accompagner et leur proposer des solutions concr\u00e8tes pour l\u2019emploi, la formation ou l\u2019insertion [&hellip;]","og_url":"https:\/\/missionlocaleest.re\/index.php\/2025\/04\/14\/1-jour-1-quartier-prochaines-editions\/","og_site_name":"Mission Locale Est","article_publisher":"https:\/\/www.facebook.com\/MLEstReunion\/","article_published_time":"2025-04-14T06:08:44+00:00","article_modified_time":"2025-04-14T06:08:45+00:00","og_image":[{"width":1000,"height":1000,"url":"https:\/\/missionlocaleest.re\/wp-content\/uploads\/2025\/04\/2025Illustration_Event_Ext.webp","type":"image\/webp"}],"author":"webmaster","twitter_card":"summary_large_image","twitter_misc":{"\u00c9crit par":"webmaster","Dur\u00e9e de lecture estim\u00e9e":"1 minute"},"schema":{"@context":"https:\/\/schema.org","@graph":[{"@type":"Article","@id":"https:\/\/missionlocaleest.re\/index.php\/2025\/04\/14\/1-jour-1-quartier-prochaines-editions\/#article","isPartOf":{"@id":"https:\/\/missionlocaleest.re\/index.php\/2025\/04\/14\/1-jour-1-quartier-prochaines-editions\/"},"author":{"name":"webmaster","@id":"https:\/\/missionlocaleest.re\/#\/schema\/person\/84a119f07c3d76016394dd52b2455e1c"},"headline":"1 jour, 1 quartier &#8211; Prochaines \u00e9ditions","datePublished":"2025-04-14T06:08:44+00:00","dateModified":"2025-04-14T06:08:45+00:00","mainEntityOfPage":{"@id":"https:\/\/missionlocaleest.re\/index.php\/2025\/04\/14\/1-jour-1-quartier-prochaines-editions\/"},"wordCount":337,"publisher":{"@id":"https:\/\/missionlocaleest.re\/#organization"},"image":{"@id":"https:\/\/missionlocaleest.re\/index.php\/2025\/04\/14\/1-jour-1-quartier-prochaines-editions\/#primaryimage"},"thumbnailUrl":"https:\/\/missionlocaleest.re\/wp-content\/uploads\/2025\/04\/2025Illustration_Event_Ext.webp","articleSection":["Actus","Offres en cours"],"inLanguage":"fr-FR"},{"@type":"WebPage","@id":"https:\/\/missionlocaleest.re\/index.php\/2025\/04\/14\/1-jour-1-quartier-prochaines-editions\/","url":"https:\/\/missionlocaleest.re\/index.php\/2025\/04\/14\/1-jour-1-quartier-prochaines-editions\/","name":"1 jour, 1 quartier - Prochaines \u00e9ditions - Mission Locale Est","isPartOf":{"@id":"https:\/\/missionlocaleest.re\/#website"},"primaryImageOfPage":{"@id":"https:\/\/missionlocaleest.re\/index.php\/2025\/04\/14\/1-jour-1-quartier-prochaines-editions\/#primaryimage"},"image":{"@id":"https:\/\/missionlocaleest.re\/index.php\/2025\/04\/14\/1-jour-1-quartier-prochaines-editions\/#primaryimage"},"thumbnailUrl":"https:\/\/missionlocaleest.re\/wp-content\/uploads\/2025\/04\/2025Illustration_Event_Ext.webp","datePublished":"2025-04-14T06:08:44+00:00","dateModified":"2025-04-14T06:08:45+00:00","breadcrumb":{"@id":"https:\/\/missionlocaleest.re\/index.php\/2025\/04\/14\/1-jour-1-quartier-prochaines-editions\/#breadcrumb"},"inLanguage":"fr-FR","potentialAction":[{"@type":"ReadAction","target":["https:\/\/missionlocaleest.re\/index.php\/2025\/04\/14\/1-jour-1-quartier-prochaines-editions\/"]}]},{"@type":"ImageObject","inLanguage":"fr-FR","@id":"https:\/\/missionlocaleest.re\/index.php\/2025\/04\/14\/1-jour-1-quartier-prochaines-editions\/#primaryimage","url":"https:\/\/missionlocaleest.re\/wp-content\/uploads\/2025\/04\/2025Illustration_Event_Ext.webp","contentUrl":"https:\/\/missionlocaleest.re\/wp-content\/uploads\/2025\/04\/2025Illustration_Event_Ext.webp","width":1000,"height":1000},{"@type":"BreadcrumbList","@id":"https:\/\/missionlocaleest.re\/index.php\/2025\/04\/14\/1-jour-1-quartier-prochaines-editions\/#breadcrumb","itemListElement":[{"@type":"ListItem","position":1,"name":"Accueil","item":"https:\/\/missionlocaleest.re\/"},{"@type":"ListItem","position":2,"name":"1 jour, 1 quartier &#8211; Prochaines \u00e9ditions"}]},{"@type":"WebSite","@id":"https:\/\/missionlocaleest.re\/#website","url":"https:\/\/missionlocaleest.re\/","name":"Mission Locale Est","description":"Pour l&#039;insertion sociale et professionnelle de l&#039;ensemble des jeunes du territoire Est !","publisher":{"@id":"https:\/\/missionlocaleest.re\/#organization"},"potentialAction":[{"@type":"SearchAction","target":{"@type":"EntryPoint","urlTemplate":"https:\/\/missionlocaleest.re\/?s={search_term_string}"},"query-input":{"@type":"PropertyValueSpecification","valueRequired":true,"valueName":"search_term_string"}}],"inLanguage":"fr-FR"},{"@type":"Organization","@id":"https:\/\/missionlocaleest.re\/#organization","name":"Mission Locale Est","url":"https:\/\/missionlocaleest.re\/","logo":{"@type":"ImageObject","inLanguage":"fr-FR","@id":"https:\/\/missionlocaleest.re\/#\/schema\/logo\/image\/","url":"https:\/\/missionlocaleest.re\/wp-content\/uploads\/2024\/05\/Logo_MLE_CMJN_Transparent.png","contentUrl":"https:\/\/missionlocaleest.re\/wp-content\/uploads\/2024\/05\/Logo_MLE_CMJN_Transparent.png","width":347,"height":412,"caption":"Mission Locale Est"},"image":{"@id":"https:\/\/missionlocaleest.re\/#\/schema\/logo\/image\/"},"sameAs":["https:\/\/www.facebook.com\/MLEstReunion\/","https:\/\/www.instagram.com\/missionlocaleest"]},{"@type":"Person","@id":"https:\/\/missionlocaleest.re\/#\/schema\/person\/84a119f07c3d76016394dd52b2455e1c","name":"webmaster","image":{"@type":"ImageObject","inLanguage":"fr-FR","@id":"https:\/\/secure.gravatar.com\/avatar\/a6900e68d5d703f2d4ed65a49fc695dd026766733acceca7fc8a936c08cb0e09?s=96&d=mm&r=g","url":"https:\/\/secure.gravatar.com\/avatar\/a6900e68d5d703f2d4ed65a49fc695dd026766733acceca7fc8a936c08cb0e09?s=96&d=mm&r=g","contentUrl":"https:\/\/secure.gravatar.com\/avatar\/a6900e68d5d703f2d4ed65a49fc695dd026766733acceca7fc8a936c08cb0e09?s=96&d=mm&r=g","caption":"webmaster"},"sameAs":["http:\/\/missionlocaleest.re"],"url":"https:\/\/missionlocaleest.re\/index.php\/author\/admin8117\/"}]}},"_links":{"self":[{"href":"https:\/\/missionlocaleest.re\/index.php\/wp-json\/wp\/v2\/posts\/1758","targetHints":{"allow":["GET"]}}],"collection":[{"href":"https:\/\/missionlocaleest.re\/index.php\/wp-json\/wp\/v2\/posts"}],"about":[{"href":"https:\/\/missionlocaleest.re\/index.php\/wp-json\/wp\/v2\/types\/post"}],"author":[{"embeddable":true,"href":"https:\/\/missionlocaleest.re\/index.php\/wp-json\/wp\/v2\/users\/1"}],"replies":[{"embeddable":true,"href":"https:\/\/missionlocaleest.re\/index.php\/wp-json\/wp\/v2\/comments?post=1758"}],"version-history":[{"count":2,"href":"https:\/\/missionlocaleest.re\/index.php\/wp-json\/wp\/v2\/posts\/1758\/revisions"}],"predecessor-version":[{"id":1761,"href":"https:\/\/missionlocaleest.re\/index.php\/wp-json\/wp\/v2\/posts\/1758\/revisions\/1761"}],"wp:featuredmedia":[{"embeddable":true,"href":"https:\/\/missionlocaleest.re\/index.php\/wp-json\/wp\/v2\/media\/1665"}],"wp:attachment":[{"href":"https:\/\/missionlocaleest.re\/index.php\/wp-json\/wp\/v2\/media?parent=1758"}],"wp:term":[{"taxonomy":"category","embeddable":true,"href":"https:\/\/missionlocaleest.re\/index.php\/wp-json\/wp\/v2\/categories?post=1758"},{"taxonomy":"post_tag","embeddable":true,"href":"https:\/\/missionlocaleest.re\/index.php\/wp-json\/wp\/v2\/tags?post=1758"}],"curies":[{"name":"wp","href":"https:\/\/api.w.org\/{rel}","templated":true}]}}