{"id":1589,"date":"2025-03-18T10:59:39","date_gmt":"2025-03-18T09:59:39","guid":{"rendered":"https:\/\/missionlocaleest.re\/?p=1589"},"modified":"2025-03-18T10:59:39","modified_gmt":"2025-03-18T09:59:39","slug":"formation-disponible-carreleur-chapiste","status":"publish","type":"post","link":"https:\/\/missionlocaleest.re\/index.php\/2025\/03\/18\/formation-disponible-carreleur-chapiste\/","title":{"rendered":"Formation disponible : carreleur chapiste"},"content":{"rendered":"<p>[et_pb_section fb_built=\u00a0\u00bb1&Prime; theme_builder_area=\u00a0\u00bbpost_content\u00a0\u00bb _builder_version=\u00a0\u00bb4.27.4&Prime; _module_preset=\u00a0\u00bbdefault\u00a0\u00bb da_is_popup=\u00a0\u00bboff\u00a0\u00bb da_exit_intent=\u00a0\u00bboff\u00a0\u00bb da_has_close=\u00a0\u00bbon\u00a0\u00bb da_alt_close=\u00a0\u00bboff\u00a0\u00bb da_dark_close=\u00a0\u00bboff\u00a0\u00bb da_not_modal=\u00a0\u00bbon\u00a0\u00bb da_is_singular=\u00a0\u00bboff\u00a0\u00bb da_with_loader=\u00a0\u00bboff\u00a0\u00bb da_has_shadow=\u00a0\u00bbon\u00a0\u00bb da_disable_devices=\u00a0\u00bboff|off|off\u00a0\u00bb][et_pb_row _builder_version=\u00a0\u00bb4.27.4&Prime; _module_preset=\u00a0\u00bbdefault\u00a0\u00bb theme_builder_area=\u00a0\u00bbpost_content\u00a0\u00bb][et_pb_column _builder_version=\u00a0\u00bb4.27.4&Prime; _module_preset=\u00a0\u00bbdefault\u00a0\u00bb type=\u00a0\u00bb4_4&Prime; theme_builder_area=\u00a0\u00bbpost_content\u00a0\u00bb][et_pb_text _builder_version=\u00a0\u00bb4.27.4&Prime; _module_preset=\u00a0\u00bbdefault\u00a0\u00bb theme_builder_area=\u00a0\u00bbpost_content\u00a0\u00bb hover_enabled=\u00a0\u00bb0&Prime; sticky_enabled=\u00a0\u00bb0&Prime;]<\/p>\n<p data-pm-slice=\"1 1 []\"><span>Vous souhaitez vous former dans un <\/span><span><strong>m\u00e9tier manuel et recherch\u00e9<\/strong><\/span><span> ? L\u2019<\/span><span><strong>AFPAR de Saint-Denis<\/strong><\/span><span> vous propose une <\/span><span><strong>formation de Carreleur\u00b7se Chapiste<\/strong><\/span><span>, une opportunit\u00e9 id\u00e9ale pour acqu\u00e9rir des comp\u00e9tences professionnelles certifi\u00e9es et faciliter votre insertion sur le march\u00e9 du travail.<\/span><\/p>\n<h3><span><strong>\ud83d\udccc D\u00e9tails de la formation :<\/strong><\/span><\/h3>\n<p><span>\ud83d\udcc5 <\/span><span><strong>Dates<\/strong><\/span><span> : Du <\/span><span><strong>09 avril 2025 au 17 octobre 2025<\/strong><\/span><br \/><span>\ud83d\udccd <\/span><span><strong>Lieu<\/strong><\/span><span> : AFPAR Saint-Denis<\/span><br \/><span>\ud83c\udf93 <\/span><span><strong>Validation<\/strong><\/span><span> : Titre Professionnel de niveau 3 (\u00e9quivalent CAP\/BEP)<\/span><br \/><span>\u23f3 <\/span><span><strong>Dur\u00e9e<\/strong><\/span><span> : <\/span><span><strong>7 mois<\/strong><\/span><span>, dont <\/span><span><strong>4 semaines en entreprise<\/strong><\/span><br \/><span>\ud83d\udcb0 <\/span><span><strong>Formation r\u00e9mun\u00e9r\u00e9e<\/strong><\/span><br \/><span>\ud83c\udfe1 <\/span><span><strong>Internat gratuit &amp; restauration collective<\/strong><\/span><br \/><span>\ud83d\udc65 <\/span><span><strong>Accompagnement personnalis\u00e9<\/strong><\/span><span> : apprentissage et ateliers de techniques de recherche d\u2019emploi<\/span><\/p>\n<h3><span><strong>\ud83d\udee0\ufe0f Pourquoi choisir cette formation ?<\/strong><\/span><\/h3>\n<p><span>\u2714 Acquisition de comp\u00e9tences recherch\u00e9es sur le march\u00e9 du travail<\/span><br \/><span>\u2714 Alternance entre <\/span><span><strong>formation en centre et immersion en entreprise<\/strong><\/span><br \/><span>\u2714 <\/span><span><strong>Certification reconnue<\/strong><\/span><span> favorisant l\u2019employabilit\u00e9<\/span><br \/><span>\u2714 Un cadre de formation adapt\u00e9 avec <\/span><span><strong>h\u00e9bergement et accompagnement<\/strong><\/span><\/p>\n<h3><span><strong>\ud83d\udcc6 R\u00e9union d\u2019information collective<\/strong><\/span><\/h3>\n<p><span>\ud83d\udcc5 <\/span><span><strong>Lundi 24 mars 2025<\/strong><\/span><br \/><span>\ud83d\udccd <\/span><span><strong>POINT CONTACT Nord \u2013 Saint-Denis<\/strong><\/span><span> (151 rue Juliette Dodu)<\/span><br \/><span>\u23f0 <\/span><span><strong>Heure<\/strong><\/span><span> : 13h00<\/span><\/p>\n<h3><span><strong>\ud83d\udcdd Comment s\u2019inscrire ?<\/strong><\/span><\/h3>\n<p><span>Adressez-vous, sans tarder, \u00e0 votre conseiller\u00b7e \u00e0 la Mission Locale Est, en vous munissant au possible de votre CV !<\/span><\/p>\n<p>[\/et_pb_text][et_pb_image src=\u00a0\u00bbhttps:\/\/missionlocaleest.re\/wp-content\/uploads\/2025\/03\/AFPAR-St-Denis_Info-place_Carreleur-Chapiste_du-09-04-2025-au-17-10-25-scaled.webp\u00a0\u00bb _builder_version=\u00a0\u00bb4.27.4&Prime; _module_preset=\u00a0\u00bbdefault\u00a0\u00bb theme_builder_area=\u00a0\u00bbpost_content\u00a0\u00bb title_text=\u00a0\u00bbAFPAR St Denis_Info place_Carreleur Chapiste_du 09 04 2025 au 17 10 25&Prime; align=\u00a0\u00bbcenter\u00a0\u00bb width=\u00a0\u00bb60%\u00a0\u00bb box_shadow_style=\u00a0\u00bbpreset3&Prime; hover_enabled=\u00a0\u00bb0&Prime; sticky_enabled=\u00a0\u00bb0&Prime;][\/et_pb_image][\/et_pb_column][\/et_pb_row][\/et_pb_section]<\/p>\n","protected":false},"excerpt":{"rendered":"<p>Vous souhaitez vous former dans un m\u00e9tier manuel et recherch\u00e9 ? L\u2019AFPAR de Saint-Denis vous propose une formation de Carreleur\u00b7se Chapiste, une opportunit\u00e9 id\u00e9ale pour acqu\u00e9rir des comp\u00e9tences professionnelles certifi\u00e9es et faciliter votre insertion sur le march\u00e9 du travail. \ud83d\udccc D\u00e9tails de la formation : \ud83d\udcc5 Dates : Du 09 avril 2025 au 17 octobre [&hellip;]<\/p>\n","protected":false},"author":1,"featured_media":1584,"comment_status":"closed","ping_status":"open","sticky":false,"template":"","format":"standard","meta":{"_et_pb_use_builder":"on","_et_pb_old_content":"","_et_gb_content_width":"1080","footnotes":""},"categories":[59,58],"tags":[],"class_list":["post-1589","post","type-post","status-publish","format-standard","has-post-thumbnail","hentry","category-actus","category-offres-en-cours"],"yoast_head":"<!-- This site is optimized with the Yoast SEO plugin v27.2 - https:\/\/yoast.com\/product\/yoast-seo-wordpress\/ -->\n<title>Formation disponible : carreleur chapiste - Mission Locale Est<\/title>\n<meta name=\"robots\" content=\"index, follow, max-snippet:-1, max-image-preview:large, max-video-preview:-1\" \/>\n<link rel=\"canonical\" href=\"https:\/\/missionlocaleest.re\/index.php\/2025\/03\/18\/formation-disponible-carreleur-chapiste\/\" \/>\n<meta property=\"og:locale\" content=\"fr_FR\" \/>\n<meta property=\"og:type\" content=\"article\" \/>\n<meta property=\"og:title\" content=\"Formation disponible : carreleur chapiste - Mission Locale Est\" \/>\n<meta property=\"og:description\" content=\"Vous souhaitez vous former dans un m\u00e9tier manuel et recherch\u00e9 ? L\u2019AFPAR de Saint-Denis vous propose une formation de Carreleur\u00b7se Chapiste, une opportunit\u00e9 id\u00e9ale pour acqu\u00e9rir des comp\u00e9tences professionnelles certifi\u00e9es et faciliter votre insertion sur le march\u00e9 du travail. \ud83d\udccc D\u00e9tails de la formation : \ud83d\udcc5 Dates : Du 09 avril 2025 au 17 octobre [&hellip;]\" \/>\n<meta property=\"og:url\" content=\"https:\/\/missionlocaleest.re\/index.php\/2025\/03\/18\/formation-disponible-carreleur-chapiste\/\" \/>\n<meta property=\"og:site_name\" content=\"Mission Locale Est\" \/>\n<meta property=\"article:publisher\" content=\"https:\/\/www.facebook.com\/MLEstReunion\/\" \/>\n<meta property=\"article:published_time\" content=\"2025-03-18T09:59:39+00:00\" \/>\n<meta property=\"og:image\" content=\"https:\/\/missionlocaleest.re\/wp-content\/uploads\/2025\/03\/202503_AFPAR_Formation_Carreleur.webp\" \/>\n\t<meta property=\"og:image:width\" content=\"1000\" \/>\n\t<meta property=\"og:image:height\" content=\"1000\" \/>\n\t<meta property=\"og:image:type\" content=\"image\/webp\" \/>\n<meta name=\"author\" content=\"webmaster\" \/>\n<meta name=\"twitter:card\" content=\"summary_large_image\" \/>\n<meta name=\"twitter:label1\" content=\"\u00c9crit par\" \/>\n\t<meta name=\"twitter:data1\" content=\"webmaster\" \/>\n\t<meta name=\"twitter:label2\" content=\"Dur\u00e9e de lecture estim\u00e9e\" \/>\n\t<meta name=\"twitter:data2\" content=\"1 minute\" \/>\n<script type=\"application\/ld+json\" class=\"yoast-schema-graph\">{\"@context\":\"https:\/\/schema.org\",\"@graph\":[{\"@type\":\"Article\",\"@id\":\"https:\/\/missionlocaleest.re\/index.php\/2025\/03\/18\/formation-disponible-carreleur-chapiste\/#article\",\"isPartOf\":{\"@id\":\"https:\/\/missionlocaleest.re\/index.php\/2025\/03\/18\/formation-disponible-carreleur-chapiste\/\"},\"author\":{\"name\":\"webmaster\",\"@id\":\"https:\/\/missionlocaleest.re\/#\/schema\/person\/84a119f07c3d76016394dd52b2455e1c\"},\"headline\":\"Formation disponible : carreleur chapiste\",\"datePublished\":\"2025-03-18T09:59:39+00:00\",\"mainEntityOfPage\":{\"@id\":\"https:\/\/missionlocaleest.re\/index.php\/2025\/03\/18\/formation-disponible-carreleur-chapiste\/\"},\"wordCount\":342,\"publisher\":{\"@id\":\"https:\/\/missionlocaleest.re\/#organization\"},\"image\":{\"@id\":\"https:\/\/missionlocaleest.re\/index.php\/2025\/03\/18\/formation-disponible-carreleur-chapiste\/#primaryimage\"},\"thumbnailUrl\":\"https:\/\/missionlocaleest.re\/wp-content\/uploads\/2025\/03\/202503_AFPAR_Formation_Carreleur.webp\",\"articleSection\":[\"Actus\",\"Offres en cours\"],\"inLanguage\":\"fr-FR\"},{\"@type\":\"WebPage\",\"@id\":\"https:\/\/missionlocaleest.re\/index.php\/2025\/03\/18\/formation-disponible-carreleur-chapiste\/\",\"url\":\"https:\/\/missionlocaleest.re\/index.php\/2025\/03\/18\/formation-disponible-carreleur-chapiste\/\",\"name\":\"Formation disponible : carreleur chapiste - Mission Locale Est\",\"isPartOf\":{\"@id\":\"https:\/\/missionlocaleest.re\/#website\"},\"primaryImageOfPage\":{\"@id\":\"https:\/\/missionlocaleest.re\/index.php\/2025\/03\/18\/formation-disponible-carreleur-chapiste\/#primaryimage\"},\"image\":{\"@id\":\"https:\/\/missionlocaleest.re\/index.php\/2025\/03\/18\/formation-disponible-carreleur-chapiste\/#primaryimage\"},\"thumbnailUrl\":\"https:\/\/missionlocaleest.re\/wp-content\/uploads\/2025\/03\/202503_AFPAR_Formation_Carreleur.webp\",\"datePublished\":\"2025-03-18T09:59:39+00:00\",\"breadcrumb\":{\"@id\":\"https:\/\/missionlocaleest.re\/index.php\/2025\/03\/18\/formation-disponible-carreleur-chapiste\/#breadcrumb\"},\"inLanguage\":\"fr-FR\",\"potentialAction\":[{\"@type\":\"ReadAction\",\"target\":[\"https:\/\/missionlocaleest.re\/index.php\/2025\/03\/18\/formation-disponible-carreleur-chapiste\/\"]}]},{\"@type\":\"ImageObject\",\"inLanguage\":\"fr-FR\",\"@id\":\"https:\/\/missionlocaleest.re\/index.php\/2025\/03\/18\/formation-disponible-carreleur-chapiste\/#primaryimage\",\"url\":\"https:\/\/missionlocaleest.re\/wp-content\/uploads\/2025\/03\/202503_AFPAR_Formation_Carreleur.webp\",\"contentUrl\":\"https:\/\/missionlocaleest.re\/wp-content\/uploads\/2025\/03\/202503_AFPAR_Formation_Carreleur.webp\",\"width\":1000,\"height\":1000},{\"@type\":\"BreadcrumbList\",\"@id\":\"https:\/\/missionlocaleest.re\/index.php\/2025\/03\/18\/formation-disponible-carreleur-chapiste\/#breadcrumb\",\"itemListElement\":[{\"@type\":\"ListItem\",\"position\":1,\"name\":\"Accueil\",\"item\":\"https:\/\/missionlocaleest.re\/\"},{\"@type\":\"ListItem\",\"position\":2,\"name\":\"Formation disponible : carreleur chapiste\"}]},{\"@type\":\"WebSite\",\"@id\":\"https:\/\/missionlocaleest.re\/#website\",\"url\":\"https:\/\/missionlocaleest.re\/\",\"name\":\"Mission Locale Est\",\"description\":\"Pour l&#039;insertion sociale et professionnelle de l&#039;ensemble des jeunes du territoire Est !\",\"publisher\":{\"@id\":\"https:\/\/missionlocaleest.re\/#organization\"},\"potentialAction\":[{\"@type\":\"SearchAction\",\"target\":{\"@type\":\"EntryPoint\",\"urlTemplate\":\"https:\/\/missionlocaleest.re\/?s={search_term_string}\"},\"query-input\":{\"@type\":\"PropertyValueSpecification\",\"valueRequired\":true,\"valueName\":\"search_term_string\"}}],\"inLanguage\":\"fr-FR\"},{\"@type\":\"Organization\",\"@id\":\"https:\/\/missionlocaleest.re\/#organization\",\"name\":\"Mission Locale Est\",\"url\":\"https:\/\/missionlocaleest.re\/\",\"logo\":{\"@type\":\"ImageObject\",\"inLanguage\":\"fr-FR\",\"@id\":\"https:\/\/missionlocaleest.re\/#\/schema\/logo\/image\/\",\"url\":\"https:\/\/missionlocaleest.re\/wp-content\/uploads\/2024\/05\/Logo_MLE_CMJN_Transparent.png\",\"contentUrl\":\"https:\/\/missionlocaleest.re\/wp-content\/uploads\/2024\/05\/Logo_MLE_CMJN_Transparent.png\",\"width\":347,\"height\":412,\"caption\":\"Mission Locale Est\"},\"image\":{\"@id\":\"https:\/\/missionlocaleest.re\/#\/schema\/logo\/image\/\"},\"sameAs\":[\"https:\/\/www.facebook.com\/MLEstReunion\/\",\"https:\/\/www.instagram.com\/missionlocaleest\"]},{\"@type\":\"Person\",\"@id\":\"https:\/\/missionlocaleest.re\/#\/schema\/person\/84a119f07c3d76016394dd52b2455e1c\",\"name\":\"webmaster\",\"image\":{\"@type\":\"ImageObject\",\"inLanguage\":\"fr-FR\",\"@id\":\"https:\/\/secure.gravatar.com\/avatar\/a6900e68d5d703f2d4ed65a49fc695dd026766733acceca7fc8a936c08cb0e09?s=96&d=mm&r=g\",\"url\":\"https:\/\/secure.gravatar.com\/avatar\/a6900e68d5d703f2d4ed65a49fc695dd026766733acceca7fc8a936c08cb0e09?s=96&d=mm&r=g\",\"contentUrl\":\"https:\/\/secure.gravatar.com\/avatar\/a6900e68d5d703f2d4ed65a49fc695dd026766733acceca7fc8a936c08cb0e09?s=96&d=mm&r=g\",\"caption\":\"webmaster\"},\"sameAs\":[\"http:\/\/missionlocaleest.re\"],\"url\":\"https:\/\/missionlocaleest.re\/index.php\/author\/admin8117\/\"}]}<\/script>\n<!-- \/ Yoast SEO plugin. -->","yoast_head_json":{"title":"Formation disponible : carreleur chapiste - Mission Locale Est","robots":{"index":"index","follow":"follow","max-snippet":"max-snippet:-1","max-image-preview":"max-image-preview:large","max-video-preview":"max-video-preview:-1"},"canonical":"https:\/\/missionlocaleest.re\/index.php\/2025\/03\/18\/formation-disponible-carreleur-chapiste\/","og_locale":"fr_FR","og_type":"article","og_title":"Formation disponible : carreleur chapiste - Mission Locale Est","og_description":"Vous souhaitez vous former dans un m\u00e9tier manuel et recherch\u00e9 ? L\u2019AFPAR de Saint-Denis vous propose une formation de Carreleur\u00b7se Chapiste, une opportunit\u00e9 id\u00e9ale pour acqu\u00e9rir des comp\u00e9tences professionnelles certifi\u00e9es et faciliter votre insertion sur le march\u00e9 du travail. \ud83d\udccc D\u00e9tails de la formation : \ud83d\udcc5 Dates : Du 09 avril 2025 au 17 octobre [&hellip;]","og_url":"https:\/\/missionlocaleest.re\/index.php\/2025\/03\/18\/formation-disponible-carreleur-chapiste\/","og_site_name":"Mission Locale Est","article_publisher":"https:\/\/www.facebook.com\/MLEstReunion\/","article_published_time":"2025-03-18T09:59:39+00:00","og_image":[{"width":1000,"height":1000,"url":"https:\/\/missionlocaleest.re\/wp-content\/uploads\/2025\/03\/202503_AFPAR_Formation_Carreleur.webp","type":"image\/webp"}],"author":"webmaster","twitter_card":"summary_large_image","twitter_misc":{"\u00c9crit par":"webmaster","Dur\u00e9e de lecture estim\u00e9e":"1 minute"},"schema":{"@context":"https:\/\/schema.org","@graph":[{"@type":"Article","@id":"https:\/\/missionlocaleest.re\/index.php\/2025\/03\/18\/formation-disponible-carreleur-chapiste\/#article","isPartOf":{"@id":"https:\/\/missionlocaleest.re\/index.php\/2025\/03\/18\/formation-disponible-carreleur-chapiste\/"},"author":{"name":"webmaster","@id":"https:\/\/missionlocaleest.re\/#\/schema\/person\/84a119f07c3d76016394dd52b2455e1c"},"headline":"Formation disponible : carreleur chapiste","datePublished":"2025-03-18T09:59:39+00:00","mainEntityOfPage":{"@id":"https:\/\/missionlocaleest.re\/index.php\/2025\/03\/18\/formation-disponible-carreleur-chapiste\/"},"wordCount":342,"publisher":{"@id":"https:\/\/missionlocaleest.re\/#organization"},"image":{"@id":"https:\/\/missionlocaleest.re\/index.php\/2025\/03\/18\/formation-disponible-carreleur-chapiste\/#primaryimage"},"thumbnailUrl":"https:\/\/missionlocaleest.re\/wp-content\/uploads\/2025\/03\/202503_AFPAR_Formation_Carreleur.webp","articleSection":["Actus","Offres en cours"],"inLanguage":"fr-FR"},{"@type":"WebPage","@id":"https:\/\/missionlocaleest.re\/index.php\/2025\/03\/18\/formation-disponible-carreleur-chapiste\/","url":"https:\/\/missionlocaleest.re\/index.php\/2025\/03\/18\/formation-disponible-carreleur-chapiste\/","name":"Formation disponible : carreleur chapiste - Mission Locale Est","isPartOf":{"@id":"https:\/\/missionlocaleest.re\/#website"},"primaryImageOfPage":{"@id":"https:\/\/missionlocaleest.re\/index.php\/2025\/03\/18\/formation-disponible-carreleur-chapiste\/#primaryimage"},"image":{"@id":"https:\/\/missionlocaleest.re\/index.php\/2025\/03\/18\/formation-disponible-carreleur-chapiste\/#primaryimage"},"thumbnailUrl":"https:\/\/missionlocaleest.re\/wp-content\/uploads\/2025\/03\/202503_AFPAR_Formation_Carreleur.webp","datePublished":"2025-03-18T09:59:39+00:00","breadcrumb":{"@id":"https:\/\/missionlocaleest.re\/index.php\/2025\/03\/18\/formation-disponible-carreleur-chapiste\/#breadcrumb"},"inLanguage":"fr-FR","potentialAction":[{"@type":"ReadAction","target":["https:\/\/missionlocaleest.re\/index.php\/2025\/03\/18\/formation-disponible-carreleur-chapiste\/"]}]},{"@type":"ImageObject","inLanguage":"fr-FR","@id":"https:\/\/missionlocaleest.re\/index.php\/2025\/03\/18\/formation-disponible-carreleur-chapiste\/#primaryimage","url":"https:\/\/missionlocaleest.re\/wp-content\/uploads\/2025\/03\/202503_AFPAR_Formation_Carreleur.webp","contentUrl":"https:\/\/missionlocaleest.re\/wp-content\/uploads\/2025\/03\/202503_AFPAR_Formation_Carreleur.webp","width":1000,"height":1000},{"@type":"BreadcrumbList","@id":"https:\/\/missionlocaleest.re\/index.php\/2025\/03\/18\/formation-disponible-carreleur-chapiste\/#breadcrumb","itemListElement":[{"@type":"ListItem","position":1,"name":"Accueil","item":"https:\/\/missionlocaleest.re\/"},{"@type":"ListItem","position":2,"name":"Formation disponible : carreleur chapiste"}]},{"@type":"WebSite","@id":"https:\/\/missionlocaleest.re\/#website","url":"https:\/\/missionlocaleest.re\/","name":"Mission Locale Est","description":"Pour l&#039;insertion sociale et professionnelle de l&#039;ensemble des jeunes du territoire Est !","publisher":{"@id":"https:\/\/missionlocaleest.re\/#organization"},"potentialAction":[{"@type":"SearchAction","target":{"@type":"EntryPoint","urlTemplate":"https:\/\/missionlocaleest.re\/?s={search_term_string}"},"query-input":{"@type":"PropertyValueSpecification","valueRequired":true,"valueName":"search_term_string"}}],"inLanguage":"fr-FR"},{"@type":"Organization","@id":"https:\/\/missionlocaleest.re\/#organization","name":"Mission Locale Est","url":"https:\/\/missionlocaleest.re\/","logo":{"@type":"ImageObject","inLanguage":"fr-FR","@id":"https:\/\/missionlocaleest.re\/#\/schema\/logo\/image\/","url":"https:\/\/missionlocaleest.re\/wp-content\/uploads\/2024\/05\/Logo_MLE_CMJN_Transparent.png","contentUrl":"https:\/\/missionlocaleest.re\/wp-content\/uploads\/2024\/05\/Logo_MLE_CMJN_Transparent.png","width":347,"height":412,"caption":"Mission Locale Est"},"image":{"@id":"https:\/\/missionlocaleest.re\/#\/schema\/logo\/image\/"},"sameAs":["https:\/\/www.facebook.com\/MLEstReunion\/","https:\/\/www.instagram.com\/missionlocaleest"]},{"@type":"Person","@id":"https:\/\/missionlocaleest.re\/#\/schema\/person\/84a119f07c3d76016394dd52b2455e1c","name":"webmaster","image":{"@type":"ImageObject","inLanguage":"fr-FR","@id":"https:\/\/secure.gravatar.com\/avatar\/a6900e68d5d703f2d4ed65a49fc695dd026766733acceca7fc8a936c08cb0e09?s=96&d=mm&r=g","url":"https:\/\/secure.gravatar.com\/avatar\/a6900e68d5d703f2d4ed65a49fc695dd026766733acceca7fc8a936c08cb0e09?s=96&d=mm&r=g","contentUrl":"https:\/\/secure.gravatar.com\/avatar\/a6900e68d5d703f2d4ed65a49fc695dd026766733acceca7fc8a936c08cb0e09?s=96&d=mm&r=g","caption":"webmaster"},"sameAs":["http:\/\/missionlocaleest.re"],"url":"https:\/\/missionlocaleest.re\/index.php\/author\/admin8117\/"}]}},"_links":{"self":[{"href":"https:\/\/missionlocaleest.re\/index.php\/wp-json\/wp\/v2\/posts\/1589","targetHints":{"allow":["GET"]}}],"collection":[{"href":"https:\/\/missionlocaleest.re\/index.php\/wp-json\/wp\/v2\/posts"}],"about":[{"href":"https:\/\/missionlocaleest.re\/index.php\/wp-json\/wp\/v2\/types\/post"}],"author":[{"embeddable":true,"href":"https:\/\/missionlocaleest.re\/index.php\/wp-json\/wp\/v2\/users\/1"}],"replies":[{"embeddable":true,"href":"https:\/\/missionlocaleest.re\/index.php\/wp-json\/wp\/v2\/comments?post=1589"}],"version-history":[{"count":2,"href":"https:\/\/missionlocaleest.re\/index.php\/wp-json\/wp\/v2\/posts\/1589\/revisions"}],"predecessor-version":[{"id":1592,"href":"https:\/\/missionlocaleest.re\/index.php\/wp-json\/wp\/v2\/posts\/1589\/revisions\/1592"}],"wp:featuredmedia":[{"embeddable":true,"href":"https:\/\/missionlocaleest.re\/index.php\/wp-json\/wp\/v2\/media\/1584"}],"wp:attachment":[{"href":"https:\/\/missionlocaleest.re\/index.php\/wp-json\/wp\/v2\/media?parent=1589"}],"wp:term":[{"taxonomy":"category","embeddable":true,"href":"https:\/\/missionlocaleest.re\/index.php\/wp-json\/wp\/v2\/categories?post=1589"},{"taxonomy":"post_tag","embeddable":true,"href":"https:\/\/missionlocaleest.re\/index.php\/wp-json\/wp\/v2\/tags?post=1589"}],"curies":[{"name":"wp","href":"https:\/\/api.w.org\/{rel}","templated":true}]}}