{"id":1462,"date":"2025-03-05T12:19:29","date_gmt":"2025-03-05T11:19:29","guid":{"rendered":"https:\/\/missionlocaleest.re\/?p=1462"},"modified":"2025-03-05T12:19:29","modified_gmt":"2025-03-05T11:19:29","slug":"report-la-journee-internationale-des-droits-des-femmes-reportee","status":"publish","type":"post","link":"https:\/\/missionlocaleest.re\/index.php\/2025\/03\/05\/report-la-journee-internationale-des-droits-des-femmes-reportee\/","title":{"rendered":"[REPORT] La Journ\u00e9e Internationale des Droits des Femmes report\u00e9e"},"content":{"rendered":"<p>[et_pb_section fb_built=\u00a0\u00bb1&Prime; theme_builder_area=\u00a0\u00bbpost_content\u00a0\u00bb _builder_version=\u00a0\u00bb4.27.4&Prime; _module_preset=\u00a0\u00bbdefault\u00a0\u00bb da_is_popup=\u00a0\u00bboff\u00a0\u00bb da_exit_intent=\u00a0\u00bboff\u00a0\u00bb da_has_close=\u00a0\u00bbon\u00a0\u00bb da_alt_close=\u00a0\u00bboff\u00a0\u00bb da_dark_close=\u00a0\u00bboff\u00a0\u00bb da_not_modal=\u00a0\u00bbon\u00a0\u00bb da_is_singular=\u00a0\u00bboff\u00a0\u00bb da_with_loader=\u00a0\u00bboff\u00a0\u00bb da_has_shadow=\u00a0\u00bbon\u00a0\u00bb da_disable_devices=\u00a0\u00bboff|off|off\u00a0\u00bb][et_pb_row _builder_version=\u00a0\u00bb4.27.4&Prime; _module_preset=\u00a0\u00bbdefault\u00a0\u00bb theme_builder_area=\u00a0\u00bbpost_content\u00a0\u00bb][et_pb_column _builder_version=\u00a0\u00bb4.27.4&Prime; _module_preset=\u00a0\u00bbdefault\u00a0\u00bb type=\u00a0\u00bb4_4&Prime; theme_builder_area=\u00a0\u00bbpost_content\u00a0\u00bb][et_pb_text _builder_version=\u00a0\u00bb4.27.4&Prime; _module_preset=\u00a0\u00bbdefault\u00a0\u00bb theme_builder_area=\u00a0\u00bbpost_content\u00a0\u00bb hover_enabled=\u00a0\u00bb0&Prime; sticky_enabled=\u00a0\u00bb0&Prime;]<\/p>\n<p data-start=\"77\" data-end=\"264\">Suite aux <strong data-start=\"87\" data-end=\"146\">complications caus\u00e9es par le passage du cyclone Garance<\/strong> \u00e0 La R\u00e9union, l\u2019\u00e9v\u00e9nement <strong data-start=\"173\" data-end=\"219\">initialement pr\u00e9vu le vendredi 7 mars 2025<\/strong> est <strong data-start=\"224\" data-end=\"257\">report\u00e9 \u00e0 une date ult\u00e9rieure<\/strong>. \ud83c\udf2a\ufe0f\u26a0\ufe0f<\/p>\n<p data-start=\"266\" data-end=\"459\">Nous sommes pleinement mobilis\u00e9s pour reprogrammer cette journ\u00e9e d\u2019\u00e9changes et de mobilisation en faveur de <strong data-start=\"374\" data-end=\"401\">l\u2019\u00e9galit\u00e9 femmes-hommes<\/strong>. <strong data-start=\"403\" data-end=\"455\">Une nouvelle date sera communiqu\u00e9e prochainement<\/strong> !<\/p>\n<p data-start=\"461\" data-end=\"631\">\ud83d\udce2 <strong data-start=\"464\" data-end=\"486\">Restez connect\u00e9s !<\/strong> Nous vous informerons d\u00e8s que possible de la reprogrammation de l\u2019\u00e9v\u00e9nement. En attendant, restons solidaires et engag\u00e9s pour l\u2019\u00e9galit\u00e9 ! \ud83d\udc9c\ud83d\udcbc<\/p>\n<p data-start=\"633\" data-end=\"688\" data-is-last-node=\"\" data-is-only-node=\"\">\ud83d\ude4f <strong data-start=\"636\" data-end=\"688\" data-is-last-node=\"\">Merci de votre compr\u00e9hension et \u00e0 tr\u00e8s bient\u00f4t !<\/strong><\/p>\n<p>[\/et_pb_text][\/et_pb_column][\/et_pb_row][\/et_pb_section]<\/p>\n","protected":false},"excerpt":{"rendered":"<p>Suite aux complications caus\u00e9es par le passage du cyclone Garance \u00e0 La R\u00e9union, l\u2019\u00e9v\u00e9nement initialement pr\u00e9vu le vendredi 7 mars 2025 est report\u00e9 \u00e0 une date ult\u00e9rieure. \ud83c\udf2a\ufe0f\u26a0\ufe0f Nous sommes pleinement mobilis\u00e9s pour reprogrammer cette journ\u00e9e d\u2019\u00e9changes et de mobilisation en faveur de l\u2019\u00e9galit\u00e9 femmes-hommes. Une nouvelle date sera communiqu\u00e9e prochainement ! \ud83d\udce2 Restez connect\u00e9s [&hellip;]<\/p>\n","protected":false},"author":1,"featured_media":1464,"comment_status":"closed","ping_status":"open","sticky":false,"template":"","format":"standard","meta":{"_et_pb_use_builder":"on","_et_pb_old_content":"","_et_gb_content_width":"1080","footnotes":""},"categories":[59],"tags":[],"class_list":["post-1462","post","type-post","status-publish","format-standard","has-post-thumbnail","hentry","category-actus"],"yoast_head":"<!-- This site is optimized with the Yoast SEO plugin v27.2 - https:\/\/yoast.com\/product\/yoast-seo-wordpress\/ -->\n<title>[REPORT] La Journ\u00e9e Internationale des Droits des Femmes report\u00e9e - Mission Locale Est<\/title>\n<meta name=\"robots\" content=\"index, follow, max-snippet:-1, max-image-preview:large, max-video-preview:-1\" \/>\n<link rel=\"canonical\" href=\"https:\/\/missionlocaleest.re\/index.php\/2025\/03\/05\/report-la-journee-internationale-des-droits-des-femmes-reportee\/\" \/>\n<meta property=\"og:locale\" content=\"fr_FR\" \/>\n<meta property=\"og:type\" content=\"article\" \/>\n<meta property=\"og:title\" content=\"[REPORT] La Journ\u00e9e Internationale des Droits des Femmes report\u00e9e - Mission Locale Est\" \/>\n<meta property=\"og:description\" content=\"Suite aux complications caus\u00e9es par le passage du cyclone Garance \u00e0 La R\u00e9union, l\u2019\u00e9v\u00e9nement initialement pr\u00e9vu le vendredi 7 mars 2025 est report\u00e9 \u00e0 une date ult\u00e9rieure. \ud83c\udf2a\ufe0f\u26a0\ufe0f Nous sommes pleinement mobilis\u00e9s pour reprogrammer cette journ\u00e9e d\u2019\u00e9changes et de mobilisation en faveur de l\u2019\u00e9galit\u00e9 femmes-hommes. Une nouvelle date sera communiqu\u00e9e prochainement ! \ud83d\udce2 Restez connect\u00e9s [&hellip;]\" \/>\n<meta property=\"og:url\" content=\"https:\/\/missionlocaleest.re\/index.php\/2025\/03\/05\/report-la-journee-internationale-des-droits-des-femmes-reportee\/\" \/>\n<meta property=\"og:site_name\" content=\"Mission Locale Est\" \/>\n<meta property=\"article:publisher\" content=\"https:\/\/www.facebook.com\/MLEstReunion\/\" \/>\n<meta property=\"article:published_time\" content=\"2025-03-05T11:19:29+00:00\" \/>\n<meta property=\"og:image\" content=\"https:\/\/missionlocaleest.re\/wp-content\/uploads\/2025\/03\/Report_JidF2025.webp\" \/>\n\t<meta property=\"og:image:width\" content=\"1000\" \/>\n\t<meta property=\"og:image:height\" content=\"1000\" \/>\n\t<meta property=\"og:image:type\" content=\"image\/webp\" \/>\n<meta name=\"author\" content=\"webmaster\" \/>\n<meta name=\"twitter:card\" content=\"summary_large_image\" \/>\n<meta name=\"twitter:label1\" content=\"\u00c9crit par\" \/>\n\t<meta name=\"twitter:data1\" content=\"webmaster\" \/>\n\t<meta name=\"twitter:label2\" content=\"Dur\u00e9e de lecture estim\u00e9e\" \/>\n\t<meta name=\"twitter:data2\" content=\"1 minute\" \/>\n<script type=\"application\/ld+json\" class=\"yoast-schema-graph\">{\"@context\":\"https:\/\/schema.org\",\"@graph\":[{\"@type\":\"Article\",\"@id\":\"https:\/\/missionlocaleest.re\/index.php\/2025\/03\/05\/report-la-journee-internationale-des-droits-des-femmes-reportee\/#article\",\"isPartOf\":{\"@id\":\"https:\/\/missionlocaleest.re\/index.php\/2025\/03\/05\/report-la-journee-internationale-des-droits-des-femmes-reportee\/\"},\"author\":{\"name\":\"webmaster\",\"@id\":\"https:\/\/missionlocaleest.re\/#\/schema\/person\/84a119f07c3d76016394dd52b2455e1c\"},\"headline\":\"[REPORT] La Journ\u00e9e Internationale des Droits des Femmes report\u00e9e\",\"datePublished\":\"2025-03-05T11:19:29+00:00\",\"mainEntityOfPage\":{\"@id\":\"https:\/\/missionlocaleest.re\/index.php\/2025\/03\/05\/report-la-journee-internationale-des-droits-des-femmes-reportee\/\"},\"wordCount\":218,\"publisher\":{\"@id\":\"https:\/\/missionlocaleest.re\/#organization\"},\"image\":{\"@id\":\"https:\/\/missionlocaleest.re\/index.php\/2025\/03\/05\/report-la-journee-internationale-des-droits-des-femmes-reportee\/#primaryimage\"},\"thumbnailUrl\":\"https:\/\/missionlocaleest.re\/wp-content\/uploads\/2025\/03\/Report_JidF2025.webp\",\"articleSection\":[\"Actus\"],\"inLanguage\":\"fr-FR\"},{\"@type\":\"WebPage\",\"@id\":\"https:\/\/missionlocaleest.re\/index.php\/2025\/03\/05\/report-la-journee-internationale-des-droits-des-femmes-reportee\/\",\"url\":\"https:\/\/missionlocaleest.re\/index.php\/2025\/03\/05\/report-la-journee-internationale-des-droits-des-femmes-reportee\/\",\"name\":\"[REPORT] La Journ\u00e9e Internationale des Droits des Femmes report\u00e9e - Mission Locale Est\",\"isPartOf\":{\"@id\":\"https:\/\/missionlocaleest.re\/#website\"},\"primaryImageOfPage\":{\"@id\":\"https:\/\/missionlocaleest.re\/index.php\/2025\/03\/05\/report-la-journee-internationale-des-droits-des-femmes-reportee\/#primaryimage\"},\"image\":{\"@id\":\"https:\/\/missionlocaleest.re\/index.php\/2025\/03\/05\/report-la-journee-internationale-des-droits-des-femmes-reportee\/#primaryimage\"},\"thumbnailUrl\":\"https:\/\/missionlocaleest.re\/wp-content\/uploads\/2025\/03\/Report_JidF2025.webp\",\"datePublished\":\"2025-03-05T11:19:29+00:00\",\"breadcrumb\":{\"@id\":\"https:\/\/missionlocaleest.re\/index.php\/2025\/03\/05\/report-la-journee-internationale-des-droits-des-femmes-reportee\/#breadcrumb\"},\"inLanguage\":\"fr-FR\",\"potentialAction\":[{\"@type\":\"ReadAction\",\"target\":[\"https:\/\/missionlocaleest.re\/index.php\/2025\/03\/05\/report-la-journee-internationale-des-droits-des-femmes-reportee\/\"]}]},{\"@type\":\"ImageObject\",\"inLanguage\":\"fr-FR\",\"@id\":\"https:\/\/missionlocaleest.re\/index.php\/2025\/03\/05\/report-la-journee-internationale-des-droits-des-femmes-reportee\/#primaryimage\",\"url\":\"https:\/\/missionlocaleest.re\/wp-content\/uploads\/2025\/03\/Report_JidF2025.webp\",\"contentUrl\":\"https:\/\/missionlocaleest.re\/wp-content\/uploads\/2025\/03\/Report_JidF2025.webp\",\"width\":1000,\"height\":1000},{\"@type\":\"BreadcrumbList\",\"@id\":\"https:\/\/missionlocaleest.re\/index.php\/2025\/03\/05\/report-la-journee-internationale-des-droits-des-femmes-reportee\/#breadcrumb\",\"itemListElement\":[{\"@type\":\"ListItem\",\"position\":1,\"name\":\"Accueil\",\"item\":\"https:\/\/missionlocaleest.re\/\"},{\"@type\":\"ListItem\",\"position\":2,\"name\":\"[REPORT] La Journ\u00e9e Internationale des Droits des Femmes report\u00e9e\"}]},{\"@type\":\"WebSite\",\"@id\":\"https:\/\/missionlocaleest.re\/#website\",\"url\":\"https:\/\/missionlocaleest.re\/\",\"name\":\"Mission Locale Est\",\"description\":\"Pour l&#039;insertion sociale et professionnelle de l&#039;ensemble des jeunes du territoire Est !\",\"publisher\":{\"@id\":\"https:\/\/missionlocaleest.re\/#organization\"},\"potentialAction\":[{\"@type\":\"SearchAction\",\"target\":{\"@type\":\"EntryPoint\",\"urlTemplate\":\"https:\/\/missionlocaleest.re\/?s={search_term_string}\"},\"query-input\":{\"@type\":\"PropertyValueSpecification\",\"valueRequired\":true,\"valueName\":\"search_term_string\"}}],\"inLanguage\":\"fr-FR\"},{\"@type\":\"Organization\",\"@id\":\"https:\/\/missionlocaleest.re\/#organization\",\"name\":\"Mission Locale Est\",\"url\":\"https:\/\/missionlocaleest.re\/\",\"logo\":{\"@type\":\"ImageObject\",\"inLanguage\":\"fr-FR\",\"@id\":\"https:\/\/missionlocaleest.re\/#\/schema\/logo\/image\/\",\"url\":\"https:\/\/missionlocaleest.re\/wp-content\/uploads\/2024\/05\/Logo_MLE_CMJN_Transparent.png\",\"contentUrl\":\"https:\/\/missionlocaleest.re\/wp-content\/uploads\/2024\/05\/Logo_MLE_CMJN_Transparent.png\",\"width\":347,\"height\":412,\"caption\":\"Mission Locale Est\"},\"image\":{\"@id\":\"https:\/\/missionlocaleest.re\/#\/schema\/logo\/image\/\"},\"sameAs\":[\"https:\/\/www.facebook.com\/MLEstReunion\/\",\"https:\/\/www.instagram.com\/missionlocaleest\"]},{\"@type\":\"Person\",\"@id\":\"https:\/\/missionlocaleest.re\/#\/schema\/person\/84a119f07c3d76016394dd52b2455e1c\",\"name\":\"webmaster\",\"image\":{\"@type\":\"ImageObject\",\"inLanguage\":\"fr-FR\",\"@id\":\"https:\/\/secure.gravatar.com\/avatar\/a6900e68d5d703f2d4ed65a49fc695dd026766733acceca7fc8a936c08cb0e09?s=96&d=mm&r=g\",\"url\":\"https:\/\/secure.gravatar.com\/avatar\/a6900e68d5d703f2d4ed65a49fc695dd026766733acceca7fc8a936c08cb0e09?s=96&d=mm&r=g\",\"contentUrl\":\"https:\/\/secure.gravatar.com\/avatar\/a6900e68d5d703f2d4ed65a49fc695dd026766733acceca7fc8a936c08cb0e09?s=96&d=mm&r=g\",\"caption\":\"webmaster\"},\"sameAs\":[\"http:\/\/missionlocaleest.re\"],\"url\":\"https:\/\/missionlocaleest.re\/index.php\/author\/admin8117\/\"}]}<\/script>\n<!-- \/ Yoast SEO plugin. -->","yoast_head_json":{"title":"[REPORT] La Journ\u00e9e Internationale des Droits des Femmes report\u00e9e - Mission Locale Est","robots":{"index":"index","follow":"follow","max-snippet":"max-snippet:-1","max-image-preview":"max-image-preview:large","max-video-preview":"max-video-preview:-1"},"canonical":"https:\/\/missionlocaleest.re\/index.php\/2025\/03\/05\/report-la-journee-internationale-des-droits-des-femmes-reportee\/","og_locale":"fr_FR","og_type":"article","og_title":"[REPORT] La Journ\u00e9e Internationale des Droits des Femmes report\u00e9e - Mission Locale Est","og_description":"Suite aux complications caus\u00e9es par le passage du cyclone Garance \u00e0 La R\u00e9union, l\u2019\u00e9v\u00e9nement initialement pr\u00e9vu le vendredi 7 mars 2025 est report\u00e9 \u00e0 une date ult\u00e9rieure. \ud83c\udf2a\ufe0f\u26a0\ufe0f Nous sommes pleinement mobilis\u00e9s pour reprogrammer cette journ\u00e9e d\u2019\u00e9changes et de mobilisation en faveur de l\u2019\u00e9galit\u00e9 femmes-hommes. Une nouvelle date sera communiqu\u00e9e prochainement ! \ud83d\udce2 Restez connect\u00e9s [&hellip;]","og_url":"https:\/\/missionlocaleest.re\/index.php\/2025\/03\/05\/report-la-journee-internationale-des-droits-des-femmes-reportee\/","og_site_name":"Mission Locale Est","article_publisher":"https:\/\/www.facebook.com\/MLEstReunion\/","article_published_time":"2025-03-05T11:19:29+00:00","og_image":[{"width":1000,"height":1000,"url":"https:\/\/missionlocaleest.re\/wp-content\/uploads\/2025\/03\/Report_JidF2025.webp","type":"image\/webp"}],"author":"webmaster","twitter_card":"summary_large_image","twitter_misc":{"\u00c9crit par":"webmaster","Dur\u00e9e de lecture estim\u00e9e":"1 minute"},"schema":{"@context":"https:\/\/schema.org","@graph":[{"@type":"Article","@id":"https:\/\/missionlocaleest.re\/index.php\/2025\/03\/05\/report-la-journee-internationale-des-droits-des-femmes-reportee\/#article","isPartOf":{"@id":"https:\/\/missionlocaleest.re\/index.php\/2025\/03\/05\/report-la-journee-internationale-des-droits-des-femmes-reportee\/"},"author":{"name":"webmaster","@id":"https:\/\/missionlocaleest.re\/#\/schema\/person\/84a119f07c3d76016394dd52b2455e1c"},"headline":"[REPORT] La Journ\u00e9e Internationale des Droits des Femmes report\u00e9e","datePublished":"2025-03-05T11:19:29+00:00","mainEntityOfPage":{"@id":"https:\/\/missionlocaleest.re\/index.php\/2025\/03\/05\/report-la-journee-internationale-des-droits-des-femmes-reportee\/"},"wordCount":218,"publisher":{"@id":"https:\/\/missionlocaleest.re\/#organization"},"image":{"@id":"https:\/\/missionlocaleest.re\/index.php\/2025\/03\/05\/report-la-journee-internationale-des-droits-des-femmes-reportee\/#primaryimage"},"thumbnailUrl":"https:\/\/missionlocaleest.re\/wp-content\/uploads\/2025\/03\/Report_JidF2025.webp","articleSection":["Actus"],"inLanguage":"fr-FR"},{"@type":"WebPage","@id":"https:\/\/missionlocaleest.re\/index.php\/2025\/03\/05\/report-la-journee-internationale-des-droits-des-femmes-reportee\/","url":"https:\/\/missionlocaleest.re\/index.php\/2025\/03\/05\/report-la-journee-internationale-des-droits-des-femmes-reportee\/","name":"[REPORT] La Journ\u00e9e Internationale des Droits des Femmes report\u00e9e - Mission Locale Est","isPartOf":{"@id":"https:\/\/missionlocaleest.re\/#website"},"primaryImageOfPage":{"@id":"https:\/\/missionlocaleest.re\/index.php\/2025\/03\/05\/report-la-journee-internationale-des-droits-des-femmes-reportee\/#primaryimage"},"image":{"@id":"https:\/\/missionlocaleest.re\/index.php\/2025\/03\/05\/report-la-journee-internationale-des-droits-des-femmes-reportee\/#primaryimage"},"thumbnailUrl":"https:\/\/missionlocaleest.re\/wp-content\/uploads\/2025\/03\/Report_JidF2025.webp","datePublished":"2025-03-05T11:19:29+00:00","breadcrumb":{"@id":"https:\/\/missionlocaleest.re\/index.php\/2025\/03\/05\/report-la-journee-internationale-des-droits-des-femmes-reportee\/#breadcrumb"},"inLanguage":"fr-FR","potentialAction":[{"@type":"ReadAction","target":["https:\/\/missionlocaleest.re\/index.php\/2025\/03\/05\/report-la-journee-internationale-des-droits-des-femmes-reportee\/"]}]},{"@type":"ImageObject","inLanguage":"fr-FR","@id":"https:\/\/missionlocaleest.re\/index.php\/2025\/03\/05\/report-la-journee-internationale-des-droits-des-femmes-reportee\/#primaryimage","url":"https:\/\/missionlocaleest.re\/wp-content\/uploads\/2025\/03\/Report_JidF2025.webp","contentUrl":"https:\/\/missionlocaleest.re\/wp-content\/uploads\/2025\/03\/Report_JidF2025.webp","width":1000,"height":1000},{"@type":"BreadcrumbList","@id":"https:\/\/missionlocaleest.re\/index.php\/2025\/03\/05\/report-la-journee-internationale-des-droits-des-femmes-reportee\/#breadcrumb","itemListElement":[{"@type":"ListItem","position":1,"name":"Accueil","item":"https:\/\/missionlocaleest.re\/"},{"@type":"ListItem","position":2,"name":"[REPORT] La Journ\u00e9e Internationale des Droits des Femmes report\u00e9e"}]},{"@type":"WebSite","@id":"https:\/\/missionlocaleest.re\/#website","url":"https:\/\/missionlocaleest.re\/","name":"Mission Locale Est","description":"Pour l&#039;insertion sociale et professionnelle de l&#039;ensemble des jeunes du territoire Est !","publisher":{"@id":"https:\/\/missionlocaleest.re\/#organization"},"potentialAction":[{"@type":"SearchAction","target":{"@type":"EntryPoint","urlTemplate":"https:\/\/missionlocaleest.re\/?s={search_term_string}"},"query-input":{"@type":"PropertyValueSpecification","valueRequired":true,"valueName":"search_term_string"}}],"inLanguage":"fr-FR"},{"@type":"Organization","@id":"https:\/\/missionlocaleest.re\/#organization","name":"Mission Locale Est","url":"https:\/\/missionlocaleest.re\/","logo":{"@type":"ImageObject","inLanguage":"fr-FR","@id":"https:\/\/missionlocaleest.re\/#\/schema\/logo\/image\/","url":"https:\/\/missionlocaleest.re\/wp-content\/uploads\/2024\/05\/Logo_MLE_CMJN_Transparent.png","contentUrl":"https:\/\/missionlocaleest.re\/wp-content\/uploads\/2024\/05\/Logo_MLE_CMJN_Transparent.png","width":347,"height":412,"caption":"Mission Locale Est"},"image":{"@id":"https:\/\/missionlocaleest.re\/#\/schema\/logo\/image\/"},"sameAs":["https:\/\/www.facebook.com\/MLEstReunion\/","https:\/\/www.instagram.com\/missionlocaleest"]},{"@type":"Person","@id":"https:\/\/missionlocaleest.re\/#\/schema\/person\/84a119f07c3d76016394dd52b2455e1c","name":"webmaster","image":{"@type":"ImageObject","inLanguage":"fr-FR","@id":"https:\/\/secure.gravatar.com\/avatar\/a6900e68d5d703f2d4ed65a49fc695dd026766733acceca7fc8a936c08cb0e09?s=96&d=mm&r=g","url":"https:\/\/secure.gravatar.com\/avatar\/a6900e68d5d703f2d4ed65a49fc695dd026766733acceca7fc8a936c08cb0e09?s=96&d=mm&r=g","contentUrl":"https:\/\/secure.gravatar.com\/avatar\/a6900e68d5d703f2d4ed65a49fc695dd026766733acceca7fc8a936c08cb0e09?s=96&d=mm&r=g","caption":"webmaster"},"sameAs":["http:\/\/missionlocaleest.re"],"url":"https:\/\/missionlocaleest.re\/index.php\/author\/admin8117\/"}]}},"_links":{"self":[{"href":"https:\/\/missionlocaleest.re\/index.php\/wp-json\/wp\/v2\/posts\/1462","targetHints":{"allow":["GET"]}}],"collection":[{"href":"https:\/\/missionlocaleest.re\/index.php\/wp-json\/wp\/v2\/posts"}],"about":[{"href":"https:\/\/missionlocaleest.re\/index.php\/wp-json\/wp\/v2\/types\/post"}],"author":[{"embeddable":true,"href":"https:\/\/missionlocaleest.re\/index.php\/wp-json\/wp\/v2\/users\/1"}],"replies":[{"embeddable":true,"href":"https:\/\/missionlocaleest.re\/index.php\/wp-json\/wp\/v2\/comments?post=1462"}],"version-history":[{"count":2,"href":"https:\/\/missionlocaleest.re\/index.php\/wp-json\/wp\/v2\/posts\/1462\/revisions"}],"predecessor-version":[{"id":1466,"href":"https:\/\/missionlocaleest.re\/index.php\/wp-json\/wp\/v2\/posts\/1462\/revisions\/1466"}],"wp:featuredmedia":[{"embeddable":true,"href":"https:\/\/missionlocaleest.re\/index.php\/wp-json\/wp\/v2\/media\/1464"}],"wp:attachment":[{"href":"https:\/\/missionlocaleest.re\/index.php\/wp-json\/wp\/v2\/media?parent=1462"}],"wp:term":[{"taxonomy":"category","embeddable":true,"href":"https:\/\/missionlocaleest.re\/index.php\/wp-json\/wp\/v2\/categories?post=1462"},{"taxonomy":"post_tag","embeddable":true,"href":"https:\/\/missionlocaleest.re\/index.php\/wp-json\/wp\/v2\/tags?post=1462"}],"curies":[{"name":"wp","href":"https:\/\/api.w.org\/{rel}","templated":true}]}}