{"id":1091,"date":"2024-02-14T05:43:47","date_gmt":"2024-02-14T04:43:47","guid":{"rendered":"https:\/\/missionlocaleest.re\/?p=1091"},"modified":"2024-02-14T05:43:47","modified_gmt":"2024-02-14T04:43:47","slug":"inscription-formation-diplome-detat-dambulancier","status":"publish","type":"post","link":"https:\/\/missionlocaleest.re\/index.php\/2024\/02\/14\/inscription-formation-diplome-detat-dambulancier\/","title":{"rendered":"Inscription formation Diplome d&rsquo;Etat d&rsquo;Ambulancier"},"content":{"rendered":"<p>[et_pb_section fb_built=\u00a0\u00bb1&Prime; theme_builder_area=\u00a0\u00bbpost_content\u00a0\u00bb _builder_version=\u00a0\u00bb4.22.0&Prime; _module_preset=\u00a0\u00bbdefault\u00a0\u00bb custom_padding=\u00a0\u00bb0px||0px||false|false\u00a0\u00bb hover_enabled=\u00a0\u00bb0&Prime; sticky_enabled=\u00a0\u00bb0&Prime; da_is_popup=\u00a0\u00bboff\u00a0\u00bb da_exit_intent=\u00a0\u00bboff\u00a0\u00bb da_has_close=\u00a0\u00bbon\u00a0\u00bb da_alt_close=\u00a0\u00bboff\u00a0\u00bb da_dark_close=\u00a0\u00bboff\u00a0\u00bb da_not_modal=\u00a0\u00bbon\u00a0\u00bb da_is_singular=\u00a0\u00bboff\u00a0\u00bb da_with_loader=\u00a0\u00bboff\u00a0\u00bb da_has_shadow=\u00a0\u00bbon\u00a0\u00bb da_disable_devices=\u00a0\u00bboff|off|off\u00a0\u00bb][et_pb_row _builder_version=\u00a0\u00bb4.22.0&Prime; _module_preset=\u00a0\u00bbdefault\u00a0\u00bb theme_builder_area=\u00a0\u00bbpost_content\u00a0\u00bb][et_pb_column _builder_version=\u00a0\u00bb4.22.0&Prime; _module_preset=\u00a0\u00bbdefault\u00a0\u00bb type=\u00a0\u00bb4_4&Prime; theme_builder_area=\u00a0\u00bbpost_content\u00a0\u00bb][et_pb_text _builder_version=\u00a0\u00bb4.22.0&Prime; _module_preset=\u00a0\u00bbdefault\u00a0\u00bb theme_builder_area=\u00a0\u00bbpost_content\u00a0\u00bb hover_enabled=\u00a0\u00bb0&Prime; sticky_enabled=\u00a0\u00bb0&Prime; custom_padding=\u00a0\u00bb0px||0px||false|false\u00a0\u00bb]<\/p>\n<p>Les inscriptions pour la formation pr\u00e9parant au Dipl\u00f4me d&rsquo;Etat d&rsquo;Ambulancier sont ouvertes du 09 janvier au 20 mars 2024.<\/p>\n<p>&nbsp;<\/p>\n<p>L&rsquo;inscription est payante (90\u20ac) et chaque candidats doit \u00eatre en possession de tous les documents demand\u00e9s AVANT de faire son inscription sur la plateforme du CHU.<\/p>\n<p>Il convient \u00e9galement de tenir compte des \u00e9l\u00e9ments suivants concernant chaque candidat :<\/p>\n<p>&nbsp;<\/p>\n<ul>\n<li>3 ans de permis (avec 12 points valides) sont requis;<\/li>\n<li>Etre en possession de l&rsquo;attestation pr\u00e9fectorale de conduite d&rsquo;ambulance (carte jaune, cf. : dossier d&rsquo;inscription pour le lien de demande);<\/li>\n<li>Visite m\u00e9dicale avec un m\u00e9decin agr\u00e9\u00e9<\/li>\n<li>Le retrait du dossier se fait uniquement sur internet;<\/li>\n<li>L&rsquo;envoi du dossier complet s&rsquo;effectue ensuite par voie postale;<\/li>\n<li>Aucun remboursement des frais d&rsquo;inscription.<\/li>\n<\/ul>\n<p>&nbsp;<\/p>\n<p>Vous pouvez retrouver l&rsquo;ensemble des informations relatives \u00e0 cette inscription dans le dossier disponible ci-dessous :<\/p>\n<p>&nbsp;<\/p>\n<p>&nbsp;<\/p>\n<p>[\/et_pb_text][et_pb_button button_text=\u00a0\u00bbDossier d&rsquo;information\u00a0\u00bb _builder_version=\u00a0\u00bb4.22.0&Prime; _module_preset=\u00a0\u00bbdefault\u00a0\u00bb theme_builder_area=\u00a0\u00bbpost_content\u00a0\u00bb button_url=\u00a0\u00bbhttps:\/\/missionlocaleest.re\/wp-content\/uploads\/2024\/02\/dossier-information-DEA-SESSION-2024.pdf\u00a0\u00bb custom_padding=\u00a0\u00bb0px||0px||false|false\u00a0\u00bb hover_enabled=\u00a0\u00bb0&Prime; sticky_enabled=\u00a0\u00bb0&Prime;][\/et_pb_button][\/et_pb_column][\/et_pb_row][\/et_pb_section]<\/p>\n","protected":false},"excerpt":{"rendered":"<p>Les inscriptions pour la formation pr\u00e9parant au Dipl\u00f4me d&rsquo;Etat d&rsquo;Ambulancier sont ouvertes du 09 janvier au 20 mars 2024. &nbsp; L&rsquo;inscription est payante (90\u20ac) et chaque candidats doit \u00eatre en possession de tous les documents demand\u00e9s AVANT de faire son inscription sur la plateforme du CHU. Il convient \u00e9galement de tenir compte des \u00e9l\u00e9ments suivants [&hellip;]<\/p>\n","protected":false},"author":1,"featured_media":0,"comment_status":"closed","ping_status":"closed","sticky":false,"template":"","format":"standard","meta":{"_et_pb_use_builder":"on","_et_pb_old_content":"","_et_gb_content_width":"1080","footnotes":""},"categories":[59,58],"tags":[],"class_list":["post-1091","post","type-post","status-publish","format-standard","hentry","category-actus","category-offres-en-cours"],"yoast_head":"<!-- This site is optimized with the Yoast SEO plugin v27.2 - https:\/\/yoast.com\/product\/yoast-seo-wordpress\/ -->\n<title>Inscription formation Diplome d&#039;Etat d&#039;Ambulancier - Mission Locale Est<\/title>\n<meta name=\"robots\" content=\"index, follow, max-snippet:-1, max-image-preview:large, max-video-preview:-1\" \/>\n<link rel=\"canonical\" href=\"https:\/\/missionlocaleest.re\/index.php\/2024\/02\/14\/inscription-formation-diplome-detat-dambulancier\/\" \/>\n<meta property=\"og:locale\" content=\"fr_FR\" \/>\n<meta property=\"og:type\" content=\"article\" \/>\n<meta property=\"og:title\" content=\"Inscription formation Diplome d&#039;Etat d&#039;Ambulancier - Mission Locale Est\" \/>\n<meta property=\"og:description\" content=\"Les inscriptions pour la formation pr\u00e9parant au Dipl\u00f4me d&#039;Etat d&#039;Ambulancier sont ouvertes du 09 janvier au 20 mars 2024. &nbsp; L&#039;inscription est payante (90\u20ac) et chaque candidats doit \u00eatre en possession de tous les documents demand\u00e9s AVANT de faire son inscription sur la plateforme du CHU. Il convient \u00e9galement de tenir compte des \u00e9l\u00e9ments suivants [&hellip;]\" \/>\n<meta property=\"og:url\" content=\"https:\/\/missionlocaleest.re\/index.php\/2024\/02\/14\/inscription-formation-diplome-detat-dambulancier\/\" \/>\n<meta property=\"og:site_name\" content=\"Mission Locale Est\" \/>\n<meta property=\"article:publisher\" content=\"https:\/\/www.facebook.com\/MLEstReunion\/\" \/>\n<meta property=\"article:published_time\" content=\"2024-02-14T04:43:47+00:00\" \/>\n<meta name=\"author\" content=\"webmaster\" \/>\n<meta name=\"twitter:card\" content=\"summary_large_image\" \/>\n<meta name=\"twitter:label1\" content=\"\u00c9crit par\" \/>\n\t<meta name=\"twitter:data1\" content=\"webmaster\" \/>\n\t<meta name=\"twitter:label2\" content=\"Dur\u00e9e de lecture estim\u00e9e\" \/>\n\t<meta name=\"twitter:data2\" content=\"2 minutes\" \/>\n<script type=\"application\/ld+json\" class=\"yoast-schema-graph\">{\"@context\":\"https:\/\/schema.org\",\"@graph\":[{\"@type\":\"Article\",\"@id\":\"https:\/\/missionlocaleest.re\/index.php\/2024\/02\/14\/inscription-formation-diplome-detat-dambulancier\/#article\",\"isPartOf\":{\"@id\":\"https:\/\/missionlocaleest.re\/index.php\/2024\/02\/14\/inscription-formation-diplome-detat-dambulancier\/\"},\"author\":{\"name\":\"webmaster\",\"@id\":\"https:\/\/missionlocaleest.re\/#\/schema\/person\/84a119f07c3d76016394dd52b2455e1c\"},\"headline\":\"Inscription formation Diplome d&rsquo;Etat d&rsquo;Ambulancier\",\"datePublished\":\"2024-02-14T04:43:47+00:00\",\"mainEntityOfPage\":{\"@id\":\"https:\/\/missionlocaleest.re\/index.php\/2024\/02\/14\/inscription-formation-diplome-detat-dambulancier\/\"},\"wordCount\":321,\"publisher\":{\"@id\":\"https:\/\/missionlocaleest.re\/#organization\"},\"articleSection\":[\"Actus\",\"Offres en cours\"],\"inLanguage\":\"fr-FR\"},{\"@type\":\"WebPage\",\"@id\":\"https:\/\/missionlocaleest.re\/index.php\/2024\/02\/14\/inscription-formation-diplome-detat-dambulancier\/\",\"url\":\"https:\/\/missionlocaleest.re\/index.php\/2024\/02\/14\/inscription-formation-diplome-detat-dambulancier\/\",\"name\":\"Inscription formation Diplome d'Etat d'Ambulancier - Mission Locale Est\",\"isPartOf\":{\"@id\":\"https:\/\/missionlocaleest.re\/#website\"},\"datePublished\":\"2024-02-14T04:43:47+00:00\",\"breadcrumb\":{\"@id\":\"https:\/\/missionlocaleest.re\/index.php\/2024\/02\/14\/inscription-formation-diplome-detat-dambulancier\/#breadcrumb\"},\"inLanguage\":\"fr-FR\",\"potentialAction\":[{\"@type\":\"ReadAction\",\"target\":[\"https:\/\/missionlocaleest.re\/index.php\/2024\/02\/14\/inscription-formation-diplome-detat-dambulancier\/\"]}]},{\"@type\":\"BreadcrumbList\",\"@id\":\"https:\/\/missionlocaleest.re\/index.php\/2024\/02\/14\/inscription-formation-diplome-detat-dambulancier\/#breadcrumb\",\"itemListElement\":[{\"@type\":\"ListItem\",\"position\":1,\"name\":\"Accueil\",\"item\":\"https:\/\/missionlocaleest.re\/\"},{\"@type\":\"ListItem\",\"position\":2,\"name\":\"Inscription formation Diplome d&#8217;Etat d&#8217;Ambulancier\"}]},{\"@type\":\"WebSite\",\"@id\":\"https:\/\/missionlocaleest.re\/#website\",\"url\":\"https:\/\/missionlocaleest.re\/\",\"name\":\"Mission Locale Est\",\"description\":\"Pour l&#039;insertion sociale et professionnelle de l&#039;ensemble des jeunes du territoire Est !\",\"publisher\":{\"@id\":\"https:\/\/missionlocaleest.re\/#organization\"},\"potentialAction\":[{\"@type\":\"SearchAction\",\"target\":{\"@type\":\"EntryPoint\",\"urlTemplate\":\"https:\/\/missionlocaleest.re\/?s={search_term_string}\"},\"query-input\":{\"@type\":\"PropertyValueSpecification\",\"valueRequired\":true,\"valueName\":\"search_term_string\"}}],\"inLanguage\":\"fr-FR\"},{\"@type\":\"Organization\",\"@id\":\"https:\/\/missionlocaleest.re\/#organization\",\"name\":\"Mission Locale Est\",\"url\":\"https:\/\/missionlocaleest.re\/\",\"logo\":{\"@type\":\"ImageObject\",\"inLanguage\":\"fr-FR\",\"@id\":\"https:\/\/missionlocaleest.re\/#\/schema\/logo\/image\/\",\"url\":\"https:\/\/missionlocaleest.re\/wp-content\/uploads\/2024\/05\/Logo_MLE_CMJN_Transparent.png\",\"contentUrl\":\"https:\/\/missionlocaleest.re\/wp-content\/uploads\/2024\/05\/Logo_MLE_CMJN_Transparent.png\",\"width\":347,\"height\":412,\"caption\":\"Mission Locale Est\"},\"image\":{\"@id\":\"https:\/\/missionlocaleest.re\/#\/schema\/logo\/image\/\"},\"sameAs\":[\"https:\/\/www.facebook.com\/MLEstReunion\/\",\"https:\/\/www.instagram.com\/missionlocaleest\"]},{\"@type\":\"Person\",\"@id\":\"https:\/\/missionlocaleest.re\/#\/schema\/person\/84a119f07c3d76016394dd52b2455e1c\",\"name\":\"webmaster\",\"image\":{\"@type\":\"ImageObject\",\"inLanguage\":\"fr-FR\",\"@id\":\"https:\/\/secure.gravatar.com\/avatar\/a6900e68d5d703f2d4ed65a49fc695dd026766733acceca7fc8a936c08cb0e09?s=96&d=mm&r=g\",\"url\":\"https:\/\/secure.gravatar.com\/avatar\/a6900e68d5d703f2d4ed65a49fc695dd026766733acceca7fc8a936c08cb0e09?s=96&d=mm&r=g\",\"contentUrl\":\"https:\/\/secure.gravatar.com\/avatar\/a6900e68d5d703f2d4ed65a49fc695dd026766733acceca7fc8a936c08cb0e09?s=96&d=mm&r=g\",\"caption\":\"webmaster\"},\"sameAs\":[\"http:\/\/missionlocaleest.re\"],\"url\":\"https:\/\/missionlocaleest.re\/index.php\/author\/admin8117\/\"}]}<\/script>\n<!-- \/ Yoast SEO plugin. -->","yoast_head_json":{"title":"Inscription formation Diplome d'Etat d'Ambulancier - Mission Locale Est","robots":{"index":"index","follow":"follow","max-snippet":"max-snippet:-1","max-image-preview":"max-image-preview:large","max-video-preview":"max-video-preview:-1"},"canonical":"https:\/\/missionlocaleest.re\/index.php\/2024\/02\/14\/inscription-formation-diplome-detat-dambulancier\/","og_locale":"fr_FR","og_type":"article","og_title":"Inscription formation Diplome d'Etat d'Ambulancier - Mission Locale Est","og_description":"Les inscriptions pour la formation pr\u00e9parant au Dipl\u00f4me d'Etat d'Ambulancier sont ouvertes du 09 janvier au 20 mars 2024. &nbsp; L'inscription est payante (90\u20ac) et chaque candidats doit \u00eatre en possession de tous les documents demand\u00e9s AVANT de faire son inscription sur la plateforme du CHU. Il convient \u00e9galement de tenir compte des \u00e9l\u00e9ments suivants [&hellip;]","og_url":"https:\/\/missionlocaleest.re\/index.php\/2024\/02\/14\/inscription-formation-diplome-detat-dambulancier\/","og_site_name":"Mission Locale Est","article_publisher":"https:\/\/www.facebook.com\/MLEstReunion\/","article_published_time":"2024-02-14T04:43:47+00:00","author":"webmaster","twitter_card":"summary_large_image","twitter_misc":{"\u00c9crit par":"webmaster","Dur\u00e9e de lecture estim\u00e9e":"2 minutes"},"schema":{"@context":"https:\/\/schema.org","@graph":[{"@type":"Article","@id":"https:\/\/missionlocaleest.re\/index.php\/2024\/02\/14\/inscription-formation-diplome-detat-dambulancier\/#article","isPartOf":{"@id":"https:\/\/missionlocaleest.re\/index.php\/2024\/02\/14\/inscription-formation-diplome-detat-dambulancier\/"},"author":{"name":"webmaster","@id":"https:\/\/missionlocaleest.re\/#\/schema\/person\/84a119f07c3d76016394dd52b2455e1c"},"headline":"Inscription formation Diplome d&rsquo;Etat d&rsquo;Ambulancier","datePublished":"2024-02-14T04:43:47+00:00","mainEntityOfPage":{"@id":"https:\/\/missionlocaleest.re\/index.php\/2024\/02\/14\/inscription-formation-diplome-detat-dambulancier\/"},"wordCount":321,"publisher":{"@id":"https:\/\/missionlocaleest.re\/#organization"},"articleSection":["Actus","Offres en cours"],"inLanguage":"fr-FR"},{"@type":"WebPage","@id":"https:\/\/missionlocaleest.re\/index.php\/2024\/02\/14\/inscription-formation-diplome-detat-dambulancier\/","url":"https:\/\/missionlocaleest.re\/index.php\/2024\/02\/14\/inscription-formation-diplome-detat-dambulancier\/","name":"Inscription formation Diplome d'Etat d'Ambulancier - Mission Locale Est","isPartOf":{"@id":"https:\/\/missionlocaleest.re\/#website"},"datePublished":"2024-02-14T04:43:47+00:00","breadcrumb":{"@id":"https:\/\/missionlocaleest.re\/index.php\/2024\/02\/14\/inscription-formation-diplome-detat-dambulancier\/#breadcrumb"},"inLanguage":"fr-FR","potentialAction":[{"@type":"ReadAction","target":["https:\/\/missionlocaleest.re\/index.php\/2024\/02\/14\/inscription-formation-diplome-detat-dambulancier\/"]}]},{"@type":"BreadcrumbList","@id":"https:\/\/missionlocaleest.re\/index.php\/2024\/02\/14\/inscription-formation-diplome-detat-dambulancier\/#breadcrumb","itemListElement":[{"@type":"ListItem","position":1,"name":"Accueil","item":"https:\/\/missionlocaleest.re\/"},{"@type":"ListItem","position":2,"name":"Inscription formation Diplome d&#8217;Etat d&#8217;Ambulancier"}]},{"@type":"WebSite","@id":"https:\/\/missionlocaleest.re\/#website","url":"https:\/\/missionlocaleest.re\/","name":"Mission Locale Est","description":"Pour l&#039;insertion sociale et professionnelle de l&#039;ensemble des jeunes du territoire Est !","publisher":{"@id":"https:\/\/missionlocaleest.re\/#organization"},"potentialAction":[{"@type":"SearchAction","target":{"@type":"EntryPoint","urlTemplate":"https:\/\/missionlocaleest.re\/?s={search_term_string}"},"query-input":{"@type":"PropertyValueSpecification","valueRequired":true,"valueName":"search_term_string"}}],"inLanguage":"fr-FR"},{"@type":"Organization","@id":"https:\/\/missionlocaleest.re\/#organization","name":"Mission Locale Est","url":"https:\/\/missionlocaleest.re\/","logo":{"@type":"ImageObject","inLanguage":"fr-FR","@id":"https:\/\/missionlocaleest.re\/#\/schema\/logo\/image\/","url":"https:\/\/missionlocaleest.re\/wp-content\/uploads\/2024\/05\/Logo_MLE_CMJN_Transparent.png","contentUrl":"https:\/\/missionlocaleest.re\/wp-content\/uploads\/2024\/05\/Logo_MLE_CMJN_Transparent.png","width":347,"height":412,"caption":"Mission Locale Est"},"image":{"@id":"https:\/\/missionlocaleest.re\/#\/schema\/logo\/image\/"},"sameAs":["https:\/\/www.facebook.com\/MLEstReunion\/","https:\/\/www.instagram.com\/missionlocaleest"]},{"@type":"Person","@id":"https:\/\/missionlocaleest.re\/#\/schema\/person\/84a119f07c3d76016394dd52b2455e1c","name":"webmaster","image":{"@type":"ImageObject","inLanguage":"fr-FR","@id":"https:\/\/secure.gravatar.com\/avatar\/a6900e68d5d703f2d4ed65a49fc695dd026766733acceca7fc8a936c08cb0e09?s=96&d=mm&r=g","url":"https:\/\/secure.gravatar.com\/avatar\/a6900e68d5d703f2d4ed65a49fc695dd026766733acceca7fc8a936c08cb0e09?s=96&d=mm&r=g","contentUrl":"https:\/\/secure.gravatar.com\/avatar\/a6900e68d5d703f2d4ed65a49fc695dd026766733acceca7fc8a936c08cb0e09?s=96&d=mm&r=g","caption":"webmaster"},"sameAs":["http:\/\/missionlocaleest.re"],"url":"https:\/\/missionlocaleest.re\/index.php\/author\/admin8117\/"}]}},"_links":{"self":[{"href":"https:\/\/missionlocaleest.re\/index.php\/wp-json\/wp\/v2\/posts\/1091","targetHints":{"allow":["GET"]}}],"collection":[{"href":"https:\/\/missionlocaleest.re\/index.php\/wp-json\/wp\/v2\/posts"}],"about":[{"href":"https:\/\/missionlocaleest.re\/index.php\/wp-json\/wp\/v2\/types\/post"}],"author":[{"embeddable":true,"href":"https:\/\/missionlocaleest.re\/index.php\/wp-json\/wp\/v2\/users\/1"}],"replies":[{"embeddable":true,"href":"https:\/\/missionlocaleest.re\/index.php\/wp-json\/wp\/v2\/comments?post=1091"}],"version-history":[{"count":2,"href":"https:\/\/missionlocaleest.re\/index.php\/wp-json\/wp\/v2\/posts\/1091\/revisions"}],"predecessor-version":[{"id":1095,"href":"https:\/\/missionlocaleest.re\/index.php\/wp-json\/wp\/v2\/posts\/1091\/revisions\/1095"}],"wp:attachment":[{"href":"https:\/\/missionlocaleest.re\/index.php\/wp-json\/wp\/v2\/media?parent=1091"}],"wp:term":[{"taxonomy":"category","embeddable":true,"href":"https:\/\/missionlocaleest.re\/index.php\/wp-json\/wp\/v2\/categories?post=1091"},{"taxonomy":"post_tag","embeddable":true,"href":"https:\/\/missionlocaleest.re\/index.php\/wp-json\/wp\/v2\/tags?post=1091"}],"curies":[{"name":"wp","href":"https:\/\/api.w.org\/{rel}","templated":true}]}}